{"id":1444,"date":"2011-04-21T19:11:55","date_gmt":"2011-04-21T19:11:55","guid":{"rendered":"https:\/\/marina.swarpeca.es\/revista\/2011\/04\/21\/paises-andinos-bolivia-chile-y-peru-desarrollan-estrategias-de-prevencion-de-la-tuberculosis-con-pertinencia-cultural\/"},"modified":"2011-04-21T19:11:55","modified_gmt":"2011-04-21T19:11:55","slug":"paises-andinos-bolivia-chile-y-peru-desarrollan-estrategias-de-prevencion-de-la-tuberculosis-con-pertinencia-cultural","status":"publish","type":"post","link":"https:\/\/marina.swarpeca.es\/revista\/paises-andinos-bolivia-chile-y-peru-desarrollan-estrategias-de-prevencion-de-la-tuberculosis-con-pertinencia-cultural\/","title":{"rendered":"Pa\u00edses andinos (Bolivia, Chile y Per\u00fa) desarrollan estrategias de prevenci\u00f3n de la Tuberculosis con pertinencia cultural"},"content":{"rendered":"<p>La tuberculosis [[- <a href=\"https:\/\/herbogeminis.com\/revista\/IMG\/odt\/tuberculosis_wikipedia.odt\">\u00ab<em>Tuberculosis<\/em>\u00ab<\/a>, wikipedia.]], [[- <a href=\"https:\/\/herbogeminis.com\/revista\/IMG\/pdf\/tuberculosis_y_medicina_natural.pdf\">Tuberculosis, Prevenci\u00f3n, Dieta y Medicina Natural<\/a>.]] es una enfermedad altamente contagiosa que se transmite a trav\u00e9s del aire, por la saliva, estornudo o tos de una persona con el virus. Ataca los pulmones y puede provocar la muerte. Si se controla y trata a tiempo puede curarse, adem\u00e1s, el tratamiento es totalmente gratuito en cualquiera de estos pa\u00edses.<\/p>\n<p>Durante el a\u00f1o 2010, los equipos t\u00e9cnicos de cada pa\u00eds, sometieron a validaci\u00f3n con organizaciones de pueblos originarios, material comunicativo para la prevenci\u00f3n y control de la TBC, con el objeto de dise\u00f1ar una estrategia comunicacional conjunta que permita llegar a la poblaci\u00f3n con acciones preventivas que tengan pertinencia cultural.<\/p>\n<p>Esta estrategia se cruza con otras que desarrolla el ORAS CONHU tales como la formaci\u00f3n de Recursos Humanos en Interculturalidad y la incorporaci\u00f3n de la variable \u00e9tnica en los formatos de los programas de TBC todas ellas apuntan a la erradicaci\u00f3n del mal end\u00e9mico en la regi\u00f3n.<\/p>\n<p>El taller cont\u00f3 con la participaci\u00f3n de l\u00edderes comunitarios, equipos de salud, comunicadores y miembros de universidades. Se espera que de la experiencia conjunta se pueda consensuar programas y estrategias comunicacionales que involucren a las instituciones y pa\u00edses participantes. Uno de los mensajes propuestos es \u201c<strong> <em>Fronteras Unidas, tuberculosis vencida<\/em> <\/strong>\u201d.<\/p>\n<p>(Fuente original <a href=\"https:\/\/ukhamawa.wordpress.com\/2011\/04\/15\/paises-andinos-desarrollan-estrategias-de-prevencion-de-la-tuberculosis-con-pertinencia-cultural\/\">Ukhamawa<\/a>)<\/p>\n<p><a href=\"https:\/\/www.mapuexpress.net\/?act=publications&#038;id=4958\">Link de la informaci\u00f3n Mapuexpress<\/a> [[- <a href=\"https:\/\/herbogeminis.com\/revista\/IMG\/odt\/paises_andinos-tuberculosis-pertinencia_cultural.odt\">\u00ab<em>Pa\u00edses andinos desarrollan estrategias de prevenci\u00f3n de la Tuberculosis con pertinencia cultural<\/em>\u00ab, Alejandra Flores Carlos, mapuexpress informativo mapuche, 19-04-2011; Ukhamawa noticias ind\u00edgenas, 15-04-2011 *<em>Conforman estrategia trinacional contra TBC<\/em>, Alejandra Flores Carlos, Salud y Pueblos Indigenas Tarapac\u00e1 (Salud Ind\u00edgena Blogspot: Archivo del Blog &#8211; Enlaces a Medicina Tradicional &#8211; Organizaciones Medicina Tradicional, Salud Comunitaria &#8211; Publicaciones, Documentos, Estudios), 15-06-2010<\/a>, <a href=\"https:\/\/herbogeminis.com\/revista\/IMG\/pdf\/paises_andinos-tuberculosis-pertinencia_cultural.pdf\">PDF<\/a>.]]. <\/p>\n<p><img loading=\"lazy\" decoding=\"async\" class=\" aligncenter size-full wp-image-1443\" src=\"https:\/\/marina.swarpeca.es\/revista\/wp-content\/uploads\/2011\/04\/estrategia-trinacional-contra-tuberculosis.jpg\" alt=\"estrategia-trinacional-contra-tuberculosis.jpg\" align=\"center\" width=\"400\" height=\"290\" srcset=\"https:\/\/marina.swarpeca.es\/revista\/wp-content\/uploads\/2011\/04\/estrategia-trinacional-contra-tuberculosis.jpg 400w, https:\/\/marina.swarpeca.es\/revista\/wp-content\/uploads\/2011\/04\/estrategia-trinacional-contra-tuberculosis-300x218.jpg 300w\" sizes=\"(max-width: 400px) 100vw, 400px\" \/><\/p>\n<p><em>Alejandra Flores Carlos, Salud y Pueblos Ind\u00edgenas Tarapac\u00e1, 15 junio 2010<\/em><\/p>\n<p><strong>Conforman estrategia trinacional contra TBC<\/strong> <\/p>\n<p>Con el objetivo de elaborar una estrategia comunicacional que promueva la prevenci\u00f3n y control de la tuberculosis con pertinencia intercultural, se desarroll\u00f3 en Arica el primer \u201c<em>Encuentro de comunicadores sociales de Salud y de las universidades<\/em>\u201d, con la participaci\u00f3n de equipos t\u00e9cnicos en salud, profesionales, universidades y organizaciones sociales de Chile, Per\u00fa y Bolivia.<\/p>\n<p>La jornada participativa, desarrollada a trav\u00e9s de exposiciones y trabajo en grupo, permiti\u00f3 conocer la realidad de cada pa\u00eds frente a esta enfermedad, contribuyendo de esta forma a construir un canal de intercambio que permitir\u00e1 concretar una nueva estrategia de difusi\u00f3n trinacional, que busca aunar esfuerzos contra la Tuberculosis considerando entre sus principios el trabajo directo con las comunidades para convertirlos en actores relevantes de los cambios esperados.<\/p>\n<p>La Seremi de Salud de Tarapac\u00e1 destac\u00f3 que el trabajo realizado formaliza un proyecto importante del plan andino que espera plasmar las propuestas trabajadas para ser ejecutadas a corto plazo en los tres pa\u00edses. <\/p>\n<p>La actividad fue ejecutada por el Ministerio de Salud y financiada por el Organismo Regional Andino de Salud (ORAS)<\/p>\n<p><strong>Contexto <\/strong> <\/p>\n<p>Considerando la prevalencia de tuberculosis en poblaciones ind\u00edgenas y la necesidad de compartir enfoques y experiencias para su control y erradicaci\u00f3n, Bolivia, Chile y Per\u00fa, estableci\u00f3 un convenio con el Organismo Regional Andino de Salud (ORAS), denominado \u201c<em>Hip\u00f3lito Unanue<\/em>\u201d, el cual establece la promoci\u00f3n, educaci\u00f3n y difusi\u00f3n de estrategias de comunicaci\u00f3n con pertenencia cultural en los programas de TBC como una de sus l\u00edneas de acci\u00f3n durante el presente a\u00f1o.<\/p>\n<p>(21 de abril de 2011)<\/p>\n","protected":false},"excerpt":{"rendered":"<p>Durante los d\u00edas 14 y 15 de abril se realiz\u00f3 en Arequipa, Per\u00fa, el IV Taller Trinacional \u201c<em>Pertinencia cultural de los programas de TBC en el \u00e1rea fronteriza de Bolivia, Chile y Per\u00fa<\/em>\u201d. La actividad forma parte de una de las estrategias del ORAS CONHU, <em>Organismo Regional Andino de Salud, Convenio Hip\u00f3lito Unanue<\/em> que busca prevenir y controlar la alta prevalencia de TBC en estos territorios. Taller cuenta con la participaci\u00f3n de l\u00edderes comunitarios, equipos de salud, comunicadores y miembros de universidades quienes han compartido experiencias de trabajo y resultados de acciones en Chile, Per\u00fa y Bolivia &#8230;<\/p>\n","protected":false},"author":1,"featured_media":1442,"comment_status":"closed","ping_status":"open","sticky":false,"template":"","format":"standard","meta":{"footnotes":""},"categories":[11],"tags":[],"_links":{"self":[{"href":"https:\/\/marina.swarpeca.es\/revista\/wp-json\/wp\/v2\/posts\/1444"}],"collection":[{"href":"https:\/\/marina.swarpeca.es\/revista\/wp-json\/wp\/v2\/posts"}],"about":[{"href":"https:\/\/marina.swarpeca.es\/revista\/wp-json\/wp\/v2\/types\/post"}],"author":[{"embeddable":true,"href":"https:\/\/marina.swarpeca.es\/revista\/wp-json\/wp\/v2\/users\/1"}],"replies":[{"embeddable":true,"href":"https:\/\/marina.swarpeca.es\/revista\/wp-json\/wp\/v2\/comments?post=1444"}],"version-history":[{"count":0,"href":"https:\/\/marina.swarpeca.es\/revista\/wp-json\/wp\/v2\/posts\/1444\/revisions"}],"wp:featuredmedia":[{"embeddable":true,"href":"https:\/\/marina.swarpeca.es\/revista\/wp-json\/wp\/v2\/media\/1442"}],"wp:attachment":[{"href":"https:\/\/marina.swarpeca.es\/revista\/wp-json\/wp\/v2\/media?parent=1444"}],"wp:term":[{"taxonomy":"category","embeddable":true,"href":"https:\/\/marina.swarpeca.es\/revista\/wp-json\/wp\/v2\/categories?post=1444"},{"taxonomy":"post_tag","embeddable":true,"href":"https:\/\/marina.swarpeca.es\/revista\/wp-json\/wp\/v2\/tags?post=1444"}],"curies":[{"name":"wp","href":"https:\/\/api.w.org\/{rel}","templated":true}]}}