{"id":1411,"date":"2011-03-11T08:19:34","date_gmt":"2011-03-11T08:19:34","guid":{"rendered":"https:\/\/marina.swarpeca.es\/revista\/2011\/03\/11\/el-programa-de-ana-rosa-en-tele5-ha-traspasado-todos-los-limites-eticos-frente-al-codigo-europeo-de-deontologia-del-periodismo\/"},"modified":"2011-03-11T08:19:34","modified_gmt":"2011-03-11T08:19:34","slug":"el-programa-de-ana-rosa-en-tele5-ha-traspasado-todos-los-limites-eticos-frente-al-codigo-europeo-de-deontologia-del-periodismo","status":"publish","type":"post","link":"https:\/\/marina.swarpeca.es\/revista\/el-programa-de-ana-rosa-en-tele5-ha-traspasado-todos-los-limites-eticos-frente-al-codigo-europeo-de-deontologia-del-periodismo\/","title":{"rendered":"\u00abEl programa de Ana Rosa en Tele5 ha traspasado todos los l\u00edmites \u00e9ticos\u00bb: frente al C\u00f3digo Europeo de Deontolog\u00eda del Periodismo"},"content":{"rendered":"<p>&#8211; No sirve como justificaci\u00f3n que esa presentadora diga que han dado la noticia que cualquier periodista querr\u00eda dar ni que <a href=\"https:\/\/marina.swarpeca.es\/revista\/IMG\/odt\/telecinco-mariluz.odt\">\u00abTele5\u00bb<\/a> [[- <a href=\"https:\/\/marina.swarpeca.es\/revista\/IMG\/odt\/mari-luz-terra.odt\">Terra y el \u201c<em>caso Mari Luz<\/em>\u201d<\/a>.]] haga recaer toda la responsabilidad en la productora <a href=\"https:\/\/www.cuarzotv.com\/\">\u00abCuarzo\u00bb<\/a>, que realiza el programa. Tanto esa cadena <a href=\"https:\/\/marina.swarpeca.es\/revista\/IMG\/pdf\/cuarzo-ana-rosa-quintana.pdf\">y la productora como \u00abAna Rosa Quintana\u00bb<\/a> y todos los que acosaron en las pausas publicitarias a una mujer con evidentes signos de padecer alguna deficiencia mental, hasta que lograron que acusara a su marido -despu\u00e9s de haber declarado en el juicio que era inocente-, son responsables de un comportamiento que los periodistas rechazamos.<\/p>\n<p>No es la primera vez que se ultraja a una persona en una cadena de televisi\u00f3n y todo se queda en algunas cr\u00edticas, sin ninguna consecuencia para quien lo hace, lo que impulsa al medio a repetirlo para lograr audiencia.<\/p>\n<p>&#8211; Ante esta situaci\u00f3n, que viene repiti\u00e9ndose desde hace muchos a\u00f1os, la Federaci\u00f3n de Sindicatos de Periodistas (FeSP) denuncia la intolerable falta de coraje c\u00edvico del Gobierno y el Parlamento, que est\u00e1n permitiendo a los due\u00f1os de algunos medios de comunicaci\u00f3n vulnerar las normas m\u00e1s elementales de la decencia, la \u00e9tica profesional y el sentido com\u00fan, por no promover una <a href=\"https:\/\/marina.swarpeca.es\/revista\/IMG\/odt\/derecho-a-la-informacion.odt\">regulaci\u00f3n legal del periodismo<\/a>.<\/p>\n<p>Una vez m\u00e1s, la FeSP hace un llamamiento a los parlamentarios -especialmente a los dos grupos mayoritarios, PSOE y PP- para que asuman su responsabilidad de preservar el derecho constitucional a la informaci\u00f3n que tiene la ciudadan\u00eda.<\/p>\n<p>La FeSP pide a las organizaciones profesionales que abandonen los pronunciamientos vac\u00edos como \u00fanica respuesta a estos casos, que no se alineen con los intereses empresariales de los medios y defiendan medidas eficaces para preservar la salud profesional de los medios y para recuperar el prestigio de la profesi\u00f3n period\u00edstica<\/em>.<\/p>\n<p>En el v\u00eddeo se puede ver el estado de la entrevistada despu\u00e9s de sus declaraciones: <\/p>\n<p><strong>C\u00f3mo el Programa de Ana Rosa consigui\u00f3 la confesi\u00f3n del crimen de Mari Luz<\/strong><\/p>\n<p><iframe loading=\"lazy\" title=\"YouTube video player\" width=\"340\" height=\"285\" src=\"https:\/\/www.youtube.com\/embed\/2LYwOWrgdVs\" frameborder=\"0\" allowfullscreen><\/iframe><\/p>\n<p>&#8211; <strong>Fecha de creaci\u00f3n<\/strong>: <em>26\/02\/2011<\/em>. <a href=\"https:\/\/marina.swarpeca.es\/revista\/IMG\/odt\/el-mundo-ana-rosa-quintana.odt\"><em>Cuando todo vale por una exclusiva<\/em><\/a>, <em>El Mundo<\/em>, 26-02-2011: \u00abAna Rosa Quintana\u00bb consigui\u00f3 este viernes la confesi\u00f3n que la polic\u00eda no hab\u00eda logrado. Un plat\u00f3 de televisi\u00f3n convertido en tribunal de justicia. La intrahistoria de la confesi\u00f3n de Isabel Garc\u00eda en &#8216;\u00abEl programa de Ana Rosa\u00bb&#8217; (\u00abTelecinco\u00bb) pone en cuesti\u00f3n los l\u00edmites del periodismo. Im\u00e1genes de la esposa de Santiago del Valle durante los cortes publicitarios, que van del desfallecimiento a las s\u00faplicas inclementes porque dejen de grabarla. Seg\u00fan ha podido saber este diario, miembros de la productora \u00abCuarzo\u00bb han acompa\u00f1ado a Isabel Garc\u00eda d\u00eda y noche durante los \u00faltimos d\u00edas. Desayunos, comidas y cenas junto a ella para evitar que pudiera aparecer en el plat\u00f3 de otra cadena. Coincidiendo con el \u00faltimo d\u00eda del juicio al presunto asesino de Mari Luz Cort\u00e9s, un equipo del programa se desplazaba con su mujer a un parque en la madrile\u00f1a avenida de Brasilia. Dos horas de directo hicieron el resto. Isabel Garc\u00eda se derrumbaba y confesaba el crimen de su esposo ante las preguntas que recib\u00eda del plat\u00f3 del programa.<\/p>\n<p><strong>Objetivo logrado<\/strong>: Tras el programa, el periodista \u00abNacho Abad\u00bb la llev\u00f3 personalmente a la comisar\u00eda de Canillas para que repitiera su confesi\u00f3n ante la polic\u00eda. El trabajo hab\u00eda acabado. Sin embargo, las im\u00e1genes de lo que la audiencia no pudo ver de la entrevista demuestran este proteccionismo. \u00ab<em>No s\u00e9 d\u00f3nde estoy, no puedo decirte donde estoy<\/em>\u00ab, dice Isabel Garc\u00eda por tel\u00e9fono a una conocida ante los gestos claros de una productora del programa para que no revele el lugar. \u00ab<em>No le digas nada<\/em>\u00ab, insiste la redactora. Hundida despu\u00e9s de la confesi\u00f3n y sentada en el suelo, empieza a suplicar que apaguen las c\u00e1maras. \u00ab<em>No quiero m\u00e1s c\u00e1maras, Patricia, por favor, que me quiten las c\u00e1maras<\/em>\u00ab, dice sollozando, mientras la redactora trata de tranquilizarla a la vez que le pide al c\u00e1mara que siga grabando. Pese a todo, Garc\u00eda volvi\u00f3 a entrar en directo en el programa por \u00faltima vez, antes de que la redactora afirme: \u00ab<em>Me la voy a llevar porque no me la va a quitar nadie. Y no va a hablar con nadie m\u00e1s<\/em>\u00ab. \u00ab<em>Hay que estar con ella, constantemente, en todo momento<\/em>\u00ab, insiste una de las personas del equipo mientras trata de calmarla con un \u00ab<em>ya tengo el hotelito en Torrelodones, al lado de tu residencia<\/em>\u00ab. <strong>Objetivo amortizado<\/strong>.<\/p>\n<p><img loading=\"lazy\" decoding=\"async\" class=\" alignleft size-full wp-image-1410\" src=\"https:\/\/marina.swarpeca.es\/revista\/wp-content\/uploads\/2011\/03\/constitucion-informacion-prensa.jpg\" alt=\"constitucion-informacion-prensa.jpg\" align=\"left\" width=\"320\" height=\"569\" srcset=\"https:\/\/marina.swarpeca.es\/revista\/wp-content\/uploads\/2011\/03\/constitucion-informacion-prensa.jpg 320w, https:\/\/marina.swarpeca.es\/revista\/wp-content\/uploads\/2011\/03\/constitucion-informacion-prensa-169x300.jpg 169w\" sizes=\"(max-width: 320px) 100vw, 320px\" \/><\/p>\n<p><a href=\"https:\/\/www.sindicato-periodistas.es\/\">Fuente: Sindicato de Periodistas de Madrid<\/a>.<\/p>\n<p><strong>Anexos<\/strong><\/p>\n<p>&#8211; <a href=\"https:\/\/marina.swarpeca.es\/revista\/IMG\/pdf\/logdic_fop2010.pdf\">\u00abBORRADOR PARA EL PROYECTO DE LEY ORG\u00c1NICA DE GARANT\u00cdAS DEL DERECHO A LA INFORMACI\u00d3N\u00bb<\/a>, FOP-Foro de Organizaciones de Periodistas [[<strong>Foro de Organizaciones de Periodistas<\/strong><\/p>\n<p>Agrupaci\u00f3n de Periodistas de CCOO<\/p>\n<p>Agrupaci\u00f3n General de Periodistas de UGT-AGP<\/p>\n<p>Col\u00b7legi de Periodistes de Catalunya<\/p>\n<p>Colexio Profesional de Xornalistas de Galicia<\/p>\n<p>Federaci\u00f3n de Sindicatos de Periodistas-FeSP<\/p>\n<p>UPIFC Sindicat de la Imatge<\/p>\n<p>Asociaci\u00f3n Nacional de Informadores Gr\u00e1ficos de Prensa y TV-ANIGP-TV.]], 12-04-2010.<\/p>\n<p>&#8211; <a href=\"https:\/\/marina.swarpeca.es\/revista\/IMG\/pdf\/debate-eppcompleto.pdf\">DEBATE DEL <em>ESTATUTO DEL PERIODISTA PROFESIONAL<\/em><\/a>, Propuesta del Grupo Parlamentario Izquierda Verde &#8211; Izquierda Unida &#8211; Iniciativa per Catalunya Verds, Congreso de los diputados, 23-11-2004.<\/p>\n<p>&#8211; <a href=\"https:\/\/marina.swarpeca.es\/revista\/IMG\/pdf\/estatutoppespana.pdf\">PROPOSICI\u00d3N DE LEY <em>ESTATUTO DEL PERIODISTA PROFESIONAL<\/em><\/a>, Grupo Parlamentario Izquierda Verde &#8211; Izquierda Unida &#8211; Iniciativa per Catalunya Verds, Bolet\u00edn Oficial de las Cortes Generales, 23-04-2004.<\/p>\n<p>&#8211; <a href=\"https:\/\/marina.swarpeca.es\/revista\/IMG\/pdf\/3compromisoszapatero.pdf\">LOS 3 COMPROMISOS DE JOS\u00c9 LUIS RODR\u00cdGUEZ ZAPATERO CON LA INFORMACI\u00d3N<\/a>: <em>1\u00ba La promulgaci\u00f3n de un Estatuto del Periodista Profesional &#8230;<\/em>, clausura de la jornada parlamentaria \u2019Derecho a la Informaci\u00f3n, Derechos de los informadores\u2019, 25-11-2003.<\/p>\n<p>&#8211; <a href=\"https:\/\/marina.swarpeca.es\/revista\/IMG\/pdf\/estatuto-periodista-profesional.pdf\">\u00ab<em>ESTATUTO DEL PERIODISTA PROFESIONAL<\/em>\u00ab<\/a>, Foro de Organizaciones de Periodistas, presentado a los partidos pol\u00edticos en mayo 2002 &#8211; Asociaci\u00f3n de la Prensa de Valladolid.<\/p>\n<p>&#8211; <a href=\"https:\/\/marina.swarpeca.es\/revista\/IMG\/pdf\/codigoeuropeo.pdf\">\u00ab<em>C\u00d3DIGO EUROPEO DE DEONTOLOG\u00cdA DEL PERIODISMO<\/em>\u00ab<\/a>, (aprobado por unanimidad) Asamblea Parlamentaria del Consejo de Europa, Estrasburgo, 01-07-1993.<\/p>\n<p>&#8211; <a href=\"https:\/\/marina.swarpeca.es\/revista\/IMG\/odt\/leyes-espanolas-de-prensa-wikipedia.odt\"><em>LEYES ESPA\u00d1OLAS DE PRENSA<\/em><\/a>, wikipedia.<\/p>\n<p>(11 de marzo de 2011)<\/p>\n","protected":false},"excerpt":{"rendered":"<p><em>El trato dado en el programa de <a href=\"http:\/\/www.telecinco.es\/elprogramadeanarosa\/detail\/detail28926.shtml\">\u00abTele5\u00bb<\/a> que presenta \u00abAna Rosa Quintana\u00bb a la mujer de un acusado de asesinato, para conseguir la \u00abexclusiva\u00bb de que ella acusara a su marido del crimen de la ni\u00f1a Mari Luz, ha traspasado todos los l\u00edmites de la \u00e9tica que debe regir siempre la profesi\u00f3n period\u00edstica. Este lamentable comportamiento, totalmente rechazable, demuestra una vez m\u00e1s la necesidad de que exista una autoridad reguladora de los medios de informaci\u00f3n audiovisuales, que no debe confundirse con la censura como intentan hacer creer quienes s\u00f3lo buscan su negocio a costa de cualquier m\u00e9todo.<\/p>\n","protected":false},"author":1,"featured_media":1409,"comment_status":"closed","ping_status":"open","sticky":false,"template":"","format":"standard","meta":{"footnotes":""},"categories":[5],"tags":[],"_links":{"self":[{"href":"https:\/\/marina.swarpeca.es\/revista\/wp-json\/wp\/v2\/posts\/1411"}],"collection":[{"href":"https:\/\/marina.swarpeca.es\/revista\/wp-json\/wp\/v2\/posts"}],"about":[{"href":"https:\/\/marina.swarpeca.es\/revista\/wp-json\/wp\/v2\/types\/post"}],"author":[{"embeddable":true,"href":"https:\/\/marina.swarpeca.es\/revista\/wp-json\/wp\/v2\/users\/1"}],"replies":[{"embeddable":true,"href":"https:\/\/marina.swarpeca.es\/revista\/wp-json\/wp\/v2\/comments?post=1411"}],"version-history":[{"count":0,"href":"https:\/\/marina.swarpeca.es\/revista\/wp-json\/wp\/v2\/posts\/1411\/revisions"}],"wp:featuredmedia":[{"embeddable":true,"href":"https:\/\/marina.swarpeca.es\/revista\/wp-json\/wp\/v2\/media\/1409"}],"wp:attachment":[{"href":"https:\/\/marina.swarpeca.es\/revista\/wp-json\/wp\/v2\/media?parent=1411"}],"wp:term":[{"taxonomy":"category","embeddable":true,"href":"https:\/\/marina.swarpeca.es\/revista\/wp-json\/wp\/v2\/categories?post=1411"},{"taxonomy":"post_tag","embeddable":true,"href":"https:\/\/marina.swarpeca.es\/revista\/wp-json\/wp\/v2\/tags?post=1411"}],"curies":[{"name":"wp","href":"https:\/\/api.w.org\/{rel}","templated":true}]}}