{"id":1389,"date":"2011-03-04T11:31:45","date_gmt":"2011-03-04T11:31:45","guid":{"rendered":"https:\/\/marina.swarpeca.es\/revista\/2011\/03\/04\/onu-precios-de-alimentos-suben-a-nivel-alarmante-en-febrero-por-que-crisis-alimentaria-amenaza-a-1-6-de-la-humanidad\/"},"modified":"2011-03-04T11:31:45","modified_gmt":"2011-03-04T11:31:45","slug":"onu-precios-de-alimentos-suben-a-nivel-alarmante-en-febrero-por-que-crisis-alimentaria-amenaza-a-1-6-de-la-humanidad","status":"publish","type":"post","link":"https:\/\/marina.swarpeca.es\/revista\/onu-precios-de-alimentos-suben-a-nivel-alarmante-en-febrero-por-que-crisis-alimentaria-amenaza-a-1-6-de-la-humanidad\/","title":{"rendered":"ONU: precios de alimentos suben a nivel alarmante en febrero: \u00bfPor qu\u00e9? Crisis alimentaria amenaza a 1\/6 de la humanidad"},"content":{"rendered":"<p>El \u00edndice de precios de los alimentos aument\u00f3 2,2% el mes pasado, siendo el m\u00e1s elevado en t\u00e9rminos reales y nominales desde que la agencia inici\u00f3 con el monitoreo de precios en 1990, inform\u00f3 el jueves la organizaci\u00f3n a trav\u00e9s de un comunicado.<\/p>\n<p>Tambi\u00e9n fue el octavo mes consecutivo con un incremento en los precios de los alimentos. En enero, el \u00edndice de antemano hab\u00eda registrado su m\u00e1xima.<\/p>\n<p>(Con informaci\u00f3n de <a href=\"https:\/\/www.prensa-latina.cu\/\"><em>Prensa Latina<\/em><\/a>)<\/p>\n<p><strong>Por qu\u00e9 sube el precio de los alimentos<\/strong> (<em>Movimiento dos Trabalhadores Rurais Sem Terra<\/em> (MST) y <em>V\u00eda Campesina<\/em>)<\/p>\n<p>1. <strong>El control oligop\u00f3lico<\/strong> que unas pocas empresas tienen del comercio agr\u00edcola mundial (soja, ma\u00edz, arroz, trigo, leche\u2026) pues ellas imponen un precio independientemente del costo real de producci\u00f3n.<\/p>\n<p>2. <strong>La especulaci\u00f3n de grandes inversores<\/strong> en las bolsas de mercanc\u00edas agr\u00edcolas ha convertido a los alimentos en meros papeles de negocios. Ya est\u00e1n vendidas en las bolsas las pr\u00f3ximas siete cosechas de soja del mundo.<\/p>\n<p>3. <strong>La especulaci\u00f3n financiera<\/strong>: muchos bancos invierten sus capitales vol\u00e1tiles en mercanc\u00edas agr\u00edcolas, para protegerse de la crisis general.<\/p>\n<p>4. <strong>La producci\u00f3n agr\u00edcola de agrocombustibles<\/strong> (etanol), que tiene sus precios basados en el petr\u00f3leo, termina empujando la tasa med\u00eda de ganancia en la agricultura hacia arriba.<\/p>\n<p>5. El elevado costo de transformar millones de toneladas de cereales en prote\u00edna animal. O sea, <strong>las \u00e9lites demandan cada vez m\u00e1s carnes<\/strong>, y por eso parte de la producci\u00f3n de vegetales, que podr\u00eda ser consumida por la poblaci\u00f3n, va para los animales.<\/p>\n<p>6. <strong>Las privatizaciones<\/strong> de los servicios p\u00fablicos para la agricultura, que los transfieren al control de las empresas multinacionales.<\/p>\n<p>7. <strong>Las legislaciones ambientales de sanidad y certificados de patentes<\/strong>, implementados en el periodo de los gobiernos neoliberales para favorecer el control oligop\u00f3lico de algunas empresas, les da poder para imponer precios.<\/p>\n<p>8. <strong>La regla general impuesta por la OMC<\/strong> (Organizaci\u00f3n Mundial del Comercio) a partir de 1994, que transform\u00f3 los alimentos en meras mercanc\u00edas, que deben ser reguladas s\u00f3lo por el mercado.<\/p>\n<p>9. La introducci\u00f3n de <strong>la propiedad privada de las semillas transg\u00e9nicas<\/strong> impone una nueva matriz tecnol\u00f3gica con costos de producci\u00f3n mayores y en beneficio de las mismas empresas que controlan el comercio, las semillas y los insumos agr\u00edcolas.<\/p>\n<p>10. <strong>Los precios de los alimentos se internacionalizaron<\/strong>. Los par\u00e1metros de producci\u00f3n y de los precios no son m\u00e1s el costo real de producci\u00f3n de alimentos en cada pa\u00eds, sino que se establece un precio medio mundial, controlado por las empresas.<\/p>\n<p>(Tomado del blog <a href=\"https:\/\/alfacentauro.info\/2011\/02\/27\/%C2%BFpor-que-suben-los-alimentos\/\"><em>Alfacentauro<\/em><\/a>) [[<strong>Desde Alfa Centauro<\/p>\n<p>Las noticias y su eco<\/strong> <\/p>\n<p><img loading=\"lazy\" decoding=\"async\" class=\" aligncenter size-full wp-image-1385\" src=\"https:\/\/marina.swarpeca.es\/revista\/wp-content\/uploads\/2011\/03\/alfacentauro.jpg\" alt=\"alfacentauro.jpg\" align=\"center\" width=\"377\" height=\"117\" srcset=\"https:\/\/marina.swarpeca.es\/revista\/wp-content\/uploads\/2011\/03\/alfacentauro.jpg 377w, https:\/\/marina.swarpeca.es\/revista\/wp-content\/uploads\/2011\/03\/alfacentauro-300x93.jpg 300w\" sizes=\"(max-width: 377px) 100vw, 377px\" \/><\/p>\n<p><strong>Comentarios en <em>Alfa Centauro<\/em> <\/strong><\/p>\n<p>1) Pero \u00bfqu\u00e9 basura es esto? Un art\u00edculo en el que ni habla de <strong>la ca\u00edda en la producci\u00f3n en los pa\u00edses productores de materias primas<\/strong><\/p>\n<p>En los a\u00f1os 2007-2008 con la anterior crisis alimentaria, se juntaron diferentes factores que originaron una crisis de enorme calado. Por una parte se juntaron cosechas deficitarias por sequ\u00edas e inundaciones, como le acab\u00f3 ocurriendo a Australia y Canad\u00e1, as\u00ed como el aumento de la dedicaci\u00f3n de la producci\u00f3n del ma\u00edz para los biocombustibles.<\/p>\n<p>En esta ocasi\u00f3n vemos como los precios de los cereales, llevan en constante ascenso desde hace meses. En los \u00faltimos siete meses, el ma\u00edz y el trigo han duplicado su precio y el az\u00facar ha subido m\u00e1s de un 150%. En Diciembre se registraron los precios m\u00e1s altos en los \u00faltimos 25 a\u00f1os.<\/p>\n<p>&#8211; Para ver c\u00f3mo ha sido esta alza en el precio del grano, debemos de remontarnos a Agosto de 2010, cuando los principales productores de cereales del mundo anunciaron que tendr\u00edan problemas para satisfacer la demanda mundial y lo cierto es que <a href=\"https:\/\/marina.swarpeca.es\/revista\/IMG\/odt\/baja-en-reserva-de-granos.odt\">la producci\u00f3n ha decrecido con respecto a 2009 en 2 de los principales cereales m\u00e1s demandados, como el ma\u00edz y el trigo<\/a><\/p>\n<p><strong>Rusia<\/strong><\/p>\n<p>En Agosto de 2010, el cuarto productor mundial de cereales, anunci\u00f3 que prohib\u00eda de forma temporal las exportaciones de trigo, debido a la grave sequ\u00eda que sufr\u00eda en los meses de verano, con las mayores temperaturas en los \u00faltimos 130 a\u00f1os.<\/p>\n<p>Una sequ\u00eda que afect\u00f3 a cerca de 30 regiones rusas (un 20% de la superficie cultivable) y que provoc\u00f3 la prohibici\u00f3n de exportaci\u00f3n en previsi\u00f3n de lo que pueda ocurrir y tambi\u00e9n como medida para mantener los precios a nivel interno.<\/p>\n<p>El a\u00f1o 2009, la producci\u00f3n de Rusia de trigo, fue de 90 millones de toneladas y en Agosto se esperaba que la producci\u00f3n final fuera de entre 70 y 75 millones de toneladas. La diferencia de esas 20 millones de toneladas, fue lo que permiti\u00f3 a Rusia, ser uno de los mayores exportadores el a\u00f1o pasado y poder mantener los precios tanto a nivel interno como externo.<\/p>\n<p>S\u00f3lo a inicios de este a\u00f1o, anunciaron que levantar\u00edan la prohibici\u00f3n de la exportaci\u00f3n de trigo, una vez la demanda interna se estabiliz\u00f3, aunque a costa de un 30% de producci\u00f3n.<\/p>\n<p>Algo parecido le ocurri\u00f3 a los pa\u00edses de la regi\u00f3n como Kazajst\u00e1n o Ucrania, con gran producci\u00f3n de cereal y que sufrieron situaciones parecidas.<\/p>\n<p><strong>China<\/strong><\/p>\n<p>La demanda de alimentos de China fue uno de los m\u00faltiples factores responsables que provoc\u00f3 el alza de precios de los alimentos en la crisis del 2007-2008. Con una poblaci\u00f3n mayor, que demanda cada vez una mayor alimentaci\u00f3n y de mejor calidad, las autoridades chinas se ven en la tesitura de que deben de aumentar la producci\u00f3n del pa\u00eds de todos los productos, aunque no es suficiente, para abastecer a la poblaci\u00f3n interna.<\/p>\n<p>Por si fuera poco el aumento constante de la demanda, en aquellos meses, China sufr\u00eda las peores inundaciones en 10 a\u00f1os y el propio gobierno ya preve\u00eda que ocurrieran problemas. Aunque China es el mayor productor de cereales del mundo, tambi\u00e9n es uno de los mayores consumidores, con una producci\u00f3n interna que no cubre el total de la demanda.<\/p>\n<p>Finalmente a pesar de las inundaciones y el aumento de un 10% en el mercado interior, la producci\u00f3n estimada final creci\u00f3 un 2% gracias a la elevada producci\u00f3n de las zonas del noreste y Mongolia Interior (noroeste) que registraron un incremento de producci\u00f3n del 13,4% hasta un total de 117,79 millones de toneladas.<\/p>\n<p>Sin embargo ese aumento en la producci\u00f3n no sirvi\u00f3 de mucho para frenar el aumento del precio, una de las tareas del gobierno chino, para frenar la inflaci\u00f3n debido al aumento del precio de los alimentos.<\/p>\n<p><strong>Canad\u00e1, Pakist\u00e1n, Australia \u2026<\/strong><\/p>\n<p>Tambi\u00e9n Canad\u00e1, Pakist\u00e1n y Australia, grandes productores de grano, sufrieron sus problemas<\/p>\n<p>Por una parte, <strong>Pakist\u00e1n<\/strong>, noveno productor mundial de trigo, sufri\u00f3 unas graves inundaciones en el Punjab, el granero de Pakist\u00e1n, que afectaron de forma considerable a la producci\u00f3n tanto del 2010 como del 2011, ya que el exceso de agua en algunas zonas puede provocar un empeoramiento de la tierra.<\/p>\n<p><strong>Canad\u00e1<\/strong>, octavo productor mundial de cereales, anunciaba por aquellos momentos problemas en la producci\u00f3n, aunque finalmente parece que se han estabilizado al igual que <strong>Australia<\/strong>, con un deterioro considerable de la calidad del grano, ya que ambos pa\u00edses al igual que Rusia y China, pasaron por temporadas inesperadas de lluvias y sequ\u00edas en los momentos clave de la producci\u00f3n.<\/p>\n<p>Algo parecido es lo que ocurri\u00f3 en <strong>Espa\u00f1a<\/strong>, la producci\u00f3n de trigo descendi\u00f3 en m\u00e1s de un 10%, por las lluvias del invierno pasado.<\/p>\n<p>De hecho esta bajada mundial en la producci\u00f3n en parte ha beneficiado a agricultores espa\u00f1oles que han visto c\u00f3mo el precio del trigo y del ma\u00edz creci\u00f3 algo (recuper\u00f3 el precio de hace a\u00f1os) ya que en los \u00faltimos a\u00f1os los \u2018<em>graneros de Europa<\/em>\u2019, como se califica a Rusia y Ucrania inundaban el mercado europeo con cereal y provocaban una ca\u00edda en los precios del cereal.<\/p>\n<p><strong>\u00bfY Estados Unidos?<\/strong><\/p>\n<p>El segundo productor mundial de cereales, consigui\u00f3 capear el temporal que se avecinaba, ya que no sufrieron de una forma tan severa inundaciones y sequ\u00edas como ocurri\u00f3 con el resto de pa\u00edses. De esta forma, la producci\u00f3n de ma\u00edz y trigo se estabiliz\u00f3 aunque a base de mandar menos ma\u00edz para la producci\u00f3n de biocarburantes y que la producci\u00f3n total de ma\u00edz baj\u00f3 en un 4% y un 10% en la de soja.<\/p>\n<p><strong>\u00bfLos especuladores y los biocombustibles?<\/strong><\/p>\n<p>En esta ocasi\u00f3n han tenido poco que ver con la subida de los precios de los cereales.<\/p>\n<p>Por una parte el factor oferta y demanda ha llevado la voz cantante en todas las negociaciones de futuros, por lo que la especulaci\u00f3n lo \u201c<em>\u00fanico<\/em>\u201d que hac\u00eda era ir a remolque de la situaci\u00f3n y en parte han sido los propios pa\u00edses los encargados de la subida de los precios cuando anunciaban que no podr\u00edan cumplir con la producci\u00f3n.<\/p>\n<p>Por otra parte, los biocombustibles con alimentos cada vez van a menos, aunque el ma\u00edz o la ca\u00f1a de az\u00facar sigan teniendo importancia en Estados Unidos y Brasil, respectivamente.<\/p>\n<p>En los \u00faltimos a\u00f1os, las petroqu\u00edmicas cada vez van m\u00e1s encaminadas a abandonar recursos alimentarios ya que son un recurso caro, que no tiene un precio estable y con poco poder energ\u00e9tico. Por eso cada vez se aumenta la investigaci\u00f3n con algas o la utilizaci\u00f3n de subproductos vegetales, para evitar depender de unas oscilaciones y de un aumento de precio que cada vez va a ser mayor.<\/p>\n<p>Un ejemplo de lo que decimos, es que la Uni\u00f3n Europea, baraja soluciones ante la falta de az\u00facar en el mercado comunitario por la ca\u00edda en la producci\u00f3n, eliminando las cuotas para el biodiesel para darlas al consumo alimentario.<\/p>\n<p>De ah\u00ed que cada vez existan m\u00e1s investigaciones con algas y lo que es m\u00e1s importante, mayores investigaciones con microorganismos con la identificaci\u00f3n de los genes implicados o la identificaci\u00f3n de rutas metab\u00f3licas mediante la degradaci\u00f3n de subproductos como RSU o restos vegetales principalmente con <em>escherichia coli<\/em> y con la introducci\u00f3n de determinados genes (Bacterias y biocombustibles)<\/p>\n<p>Por ejemplo en Espa\u00f1a hay algunas investigaciones interesantes en materia de hongos con bastante buenos resultados<\/p>\n<p>\u00bfPor qu\u00e9 microorganismos? Son f\u00e1ciles de cultivar, son baratos y producen una elevada cantidad de producto sin necesidad de afectar las extensiones de cultivo y la alimentaci\u00f3n humana.<\/p>\n<p><img loading=\"lazy\" decoding=\"async\" class=\" aligncenter size-full wp-image-1386\" src=\"https:\/\/marina.swarpeca.es\/revista\/wp-content\/uploads\/2011\/03\/unep.2010.jpg\" alt=\"unep.2010.jpg\" align=\"center\" width=\"460\" height=\"276\" srcset=\"https:\/\/marina.swarpeca.es\/revista\/wp-content\/uploads\/2011\/03\/unep.2010.jpg 460w, https:\/\/marina.swarpeca.es\/revista\/wp-content\/uploads\/2011\/03\/unep.2010-300x180.jpg 300w\" sizes=\"(max-width: 460px) 100vw, 460px\" \/><\/p>\n<p>(<em>photo: An cattle ranch in Mato Grosso, Brazil. The UN says agriculture is on a par with fossil fuel consumption because both rise rapidly with increased economic growth. Photograph: Daniel Beltra\/Greenpeace<\/em>)<\/p>\n<p>&#8211; 2) El 2 de Junio de 2010 la <a href=\"https:\/\/marina.swarpeca.es\/revista\/IMG\/odt\/un-vegetarian.odt\">ONU afirm\u00f3<\/a> que un cambio global hacia una alimentaci\u00f3n sin productos animales (100% vegetariana) es vital para salvar al mundo del hambre, la escasez de combustible y de los peores impactos del cambio clim\u00e1tico: <\/p>\n<p>&#8211; <a href=\"https:\/\/marina.swarpeca.es\/revista\/IMG\/pdf\/unep.2010.pdf\">\u00ab<em>Assessing the Environmental Impacts of Consumption and Production. Priority Products and Materials<\/em>\u00ab, UNEP &#8211; United Nations Environment Programme, 2010<\/a>. <\/p>\n<p>3) Falta una cosa importante que deber\u00eda ser la primera: la comida es energ\u00eda, y la energ\u00eda, sobre todo el petr\u00f3leo, est\u00e1 cada vez m\u00e1s afectada por las tensiones entre demanda y suministro. Comemos petr\u00f3leo (barato) y este no durar\u00e1 siempre.<\/p>\n<p>4) No hay que olvidar que hace unos a\u00f1os la UE decidi\u00f3 que mantener los stock alimentarios es demasiado caro. Lo que lleva a que en \u00e9pocas de baja producci\u00f3n, por la simple ley de la oferta y la demanda, los precios se disparen.]].<\/p>\n<p><a href=\"https:\/\/www.cubadebate.cu\/noticias\/2011\/03\/03\/\u00bfpor-que-sube-el-precio-de-los-alimentos-video\/\">Fuente: <em>cubadebate<\/em><\/a>.<\/p>\n<p><img loading=\"lazy\" decoding=\"async\" class=\" alignleft size-full wp-image-1387\" src=\"https:\/\/marina.swarpeca.es\/revista\/wp-content\/uploads\/2011\/03\/david-nabarro.jpg\" alt=\"david-nabarro.jpg\" align=\"left\" width=\"84\" height=\"84\" \/><\/p>\n<p>&#8211; (<em>imagen: David Nabarro, coordinador del Sistema de las Naciones Unidas para la Gripe, acusado por la periodista austriaca de investigaci\u00f3n<\/em> <a href=\"article527\">Jane B\u00fcrgermeister<\/a> <em>&#8212;a la vez que la OMS, la ONU, la OTAN, banqueros, gobiernos y empresas&#8212;, contra los que present\u00f3 cargos criminales ante el FBI, en la fecha de 10-06-2009, por \u201cbioterrorismo e intento de cometer asesinatos en masa\u201d)<\/em>.<\/p>\n<p><strong>Amenaza crisis alimentaria a sexta parte de la humanidad<\/strong><\/p>\n<p><em>ONU, 19 Febrero 2011<\/em> <\/p>\n<p>La reciente alza en los precios internacionales de los alimentos representa una amenaza para la forma de vida y la existencia misma de la sexta parte de la poblaci\u00f3n mundial, afirm\u00f3 hoy un experto de Naciones Unidas.<\/p>\n<p>&#8211; El coordinador de la Organizaci\u00f3n de las Naciones Unidas (ONU) para la seguridad alimentaria, <a href=\"https:\/\/marina.swarpeca.es\/revista\/IMG\/odt\/david_nabarro-gueno.odt\">David Nabarro<\/a>, afirm\u00f3 que m\u00e1s de mil 100 millones de personas podr\u00edan ser directamente afectadas si los precios mantienen la tendencia ascendente que han seguido en los meses recientes: \u201c<em>Desde nuestra perspectiva, los altos precios de los alimentos presentan una amenaza real: causar\u00e1n extrema pobreza y pondr\u00e1n en peligro la existencia y las formas de vida de casi una sexta parte de la poblaci\u00f3n mundial<\/em>\u201d, indic\u00f3 Nabarro. <\/p>\n<p>De acuerdo con la Organizaci\u00f3n de Naciones Unidas para la Agricultura y la Alimentaci\u00f3n (FAO), los precios de los alimentos, salvo en el caso del arroz, son ya mayores que durante la crisis alimentaria de 2008, que deton\u00f3 revueltas en Asia, \u00c1frica y Am\u00e9rica Latina.<\/p>\n<p>Los precios del ma\u00edz y del trigo, por ejemplo, se han duplicado desde el verano pasado, agreg\u00f3.<\/p>\n<p>Durante una exposici\u00f3n ofrecida al Consejo Social y Econ\u00f3mico de Naciones Unidas, Nabarro se\u00f1al\u00f3 que el alza reciente en los precios de los alimentos afecta ya a 44 millones de personas en el mundo.<\/p>\n<p>Asever\u00f3 que millones de los hogares m\u00e1s pobres en el mundo ya pagan 15 por ciento m\u00e1s por sus alimentos que hace apenas unos meses.<\/p>\n<p>De acuerdo con estudios de la ONU, familias pobres ya adoptan estrategias para sortear el alza en los precios de los alimentos, como reducir su n\u00famero de comidas diarias, recortar sus gastos de salud, aumentar sus deudas e incrementar sus horas de trabajo en el sector informal.<\/p>\n<p>Seg\u00fan Nabarro, las causas de la actual crisis alimentaria son los recientes desastres clim\u00e1ticos, provocados en parte por el fen\u00f3meno climatol\u00f3gico <em>La Ni\u00f1a<\/em>, que provoc\u00f3 severas inundaciones y sequ\u00edas en el mundo.<\/p>\n<p>Destac\u00f3 tambi\u00e9n que \u201c<em>los cambios e inestabilidades pol\u00edticas<\/em>\u201d han da\u00f1ado la cadena de abasto de alimentos en el mundo y han contribuido a menores inventarios y mayores precios.<\/p>\n<p>El experto de la ONU puso especial atenci\u00f3n en el \u201c<em>problema subyacente y sistem\u00e1tico<\/em>\u201d respecto a lo que considera \u201c<em>una seria subinversi\u00f3n<\/em>\u201d en los sistemas de seguridad alimentaria en el mundo: \u201c<em>Necesitamos de una mayor inversi\u00f3n en agricultura en los pa\u00edses en desarrollo, en todos los segmentos de la cadena, desde la compra de semillas hasta las v\u00edas de distribuci\u00f3n. Es absolutamente necesario para aumentar la seguridad alimentaria<\/em>\u201d, asegur\u00f3.<\/p>\n<p>La \u00fanica zona del mundo que no ha sido severamente afectada por la reciente alza en los precios de los alimentos es \u00c1frica subsahariana, debido a las buenas cosechas registradas en esa regi\u00f3n durante el a\u00f1o pasado, inform\u00f3 la ONU.<\/p>\n<p>(Con informaci\u00f3n de <a href=\"https:\/\/www.notimex.com.mx\/\"><em>Notimex<\/em><\/a>).<\/p>\n<p><img loading=\"lazy\" decoding=\"async\" class=\" alignleft size-full wp-image-1388\" src=\"https:\/\/marina.swarpeca.es\/revista\/wp-content\/uploads\/2011\/03\/vimeo_alimentaralmundo-2.jpg\" alt=\"vimeo_alimentaralmundo-2.jpg\" align=\"left\" width=\"333\" height=\"186\" srcset=\"https:\/\/marina.swarpeca.es\/revista\/wp-content\/uploads\/2011\/03\/vimeo_alimentaralmundo-2.jpg 333w, https:\/\/marina.swarpeca.es\/revista\/wp-content\/uploads\/2011\/03\/vimeo_alimentaralmundo-2-300x168.jpg 300w\" sizes=\"(max-width: 333px) 100vw, 333px\" \/><\/p>\n<p>(imagen: <em>Un corto animado dirigido por Denis van Waerebeke hecho para la exhibici\u00f3n Bon App\u00e9tit en el museo de ciencia de Par\u00eds. La animaci\u00f3n busca ayudar a los ni\u00f1os de 9 a 14 a\u00f1os a entender la ciencia detr\u00e1s de la alimentaci\u00f3n y por qu\u00e9 la nutrici\u00f3n es importante. El estilo de la animaci\u00f3n y la narrativa visual hace de este corto educativo para los ni\u00f1os y para dise\u00f1adores que buscan dominar el poder de las historias<\/em>).<\/p>\n<p>Corto animado dirigido por Denis van Waerebeke hecho para la exhibici\u00f3n <em>Bon App\u00e9tit<\/em>: <\/p>\n<p><strong>How to Feed the World?<\/strong><\/p>\n<p><iframe loading=\"lazy\" title=\"YouTube video player\" width=\"340\" height=\"285\" src=\"https:\/\/www.youtube.com\/embed\/QloMOOG-bbE?rel=0\" frameborder=\"0\" allowfullscreen><\/iframe><\/p>\n<p><strong>a film directed by Denis van Waerebeke for the \u00abBon app\u00e9tit\u00bb exhibition,<br \/>\naimed mainly at the kids aged 9 to 14. written by: Sabrina Massen &#038; Denis van Waerebeke. design: Montag \/\/\/ animation: Juliette Hamon-Damourette<br \/>\nsound design: Ruelgo \/\/\/ voice: Mark Jane. production Montag for the french \u00abCit\u00e9 des sciences et de l&#8217;industrie\u00bb. CSI team: Doroth\u00e9e Vatinel, Maud Gouy, Manon Courtay, Alisson Boiffard. CSI production: Sabrina Massen<\/strong>.<\/p>\n<p><strong>How to feed the world? (subtitulado espa\u00f1ol)<\/strong><\/p>\n<p><iframe loading=\"lazy\" src=\"https:\/\/player.vimeo.com\/video\/16281233\" width=\"400\" height=\"225\" frameborder=\"0\"><\/iframe><\/p>\n<p><a href=\"https:\/\/vimeo.com\/16281233\">How to feed the world? (subtitulado espa\u00f1ol)<\/a> from <a href=\"https:\/\/vimeo.com\/user5042473\">angelcafe<\/a> on <a href=\"https:\/\/vimeo.com\">Vimeo<\/a>.<\/p>\n<p>(4 de marzo de 2011)<\/p>\n","protected":false},"excerpt":{"rendered":"<p>Los precios de los alimentos a nivel mundial alcanzaron niveles alarmantes en febrero, indic\u00f3 el jueves una agencia de alimentos de Naciones Unidas. La Organizaci\u00f3n para la Agricultura y la Alimentaci\u00f3n (FAO) advirti\u00f3 adem\u00e1s que las alzas de los precios del petr\u00f3leo podr\u00edan provocar nuevos incrementos. El precio elevado de los alimentos se encuentra entre los detonadores de las manifestaciones en Egipto, T\u00fanez y en otros pa\u00edses, y ha generado el temor de que se repitan las crisis del 2007 y 2008. El precio del petr\u00f3leo a nivel mundial ha aumentado debido al posible impacto del trastorno de suministro de Libia \/ La ONU teme disturbios (\u00bfrevoluciones?) por culpa de la subida del precio de los alimentos b\u00e1sicos. M\u00e9xico vive una surrealista <a href=\"http:\/\/marina.swarpeca.es\/IMG\/odt\/mexico-en-crisis-de-tortillas.odt\">crisis de las tortillas<\/a> (no hay ma\u00edz, no hay tortillas, la comida nacional). \u00bfQu\u00e9 est\u00e1 pasando? \u00bfQu\u00e9 pasar\u00e1 cuando el mundo tenga 9000 millones de habitantes (2035)? La genial animaci\u00f3n de <a href=\"http:\/\/marina.swarpeca.es\/IMG\/odt\/waerebeke.odt\">Denis Van Waerebeke<\/a> explica bastante el entuerto. Resumimos <a href=\"article1513\">diez conclusiones<\/a> al respecto del Movimiento dos Trabalhadores Rurais Sem Terra (MST) y V\u00eda Campesina. \u00bfPor qu\u00e9 suben los alimentos b\u00e1sicos? \u00bfCu\u00e1les son las causas?<\/p>\n","protected":false},"author":1,"featured_media":1384,"comment_status":"closed","ping_status":"open","sticky":false,"template":"","format":"standard","meta":{"footnotes":""},"categories":[6],"tags":[],"_links":{"self":[{"href":"https:\/\/marina.swarpeca.es\/revista\/wp-json\/wp\/v2\/posts\/1389"}],"collection":[{"href":"https:\/\/marina.swarpeca.es\/revista\/wp-json\/wp\/v2\/posts"}],"about":[{"href":"https:\/\/marina.swarpeca.es\/revista\/wp-json\/wp\/v2\/types\/post"}],"author":[{"embeddable":true,"href":"https:\/\/marina.swarpeca.es\/revista\/wp-json\/wp\/v2\/users\/1"}],"replies":[{"embeddable":true,"href":"https:\/\/marina.swarpeca.es\/revista\/wp-json\/wp\/v2\/comments?post=1389"}],"version-history":[{"count":0,"href":"https:\/\/marina.swarpeca.es\/revista\/wp-json\/wp\/v2\/posts\/1389\/revisions"}],"wp:featuredmedia":[{"embeddable":true,"href":"https:\/\/marina.swarpeca.es\/revista\/wp-json\/wp\/v2\/media\/1384"}],"wp:attachment":[{"href":"https:\/\/marina.swarpeca.es\/revista\/wp-json\/wp\/v2\/media?parent=1389"}],"wp:term":[{"taxonomy":"category","embeddable":true,"href":"https:\/\/marina.swarpeca.es\/revista\/wp-json\/wp\/v2\/categories?post=1389"},{"taxonomy":"post_tag","embeddable":true,"href":"https:\/\/marina.swarpeca.es\/revista\/wp-json\/wp\/v2\/tags?post=1389"}],"curies":[{"name":"wp","href":"https:\/\/api.w.org\/{rel}","templated":true}]}}