{"id":1359,"date":"2011-01-27T08:31:31","date_gmt":"2011-01-27T08:31:31","guid":{"rendered":"https:\/\/marina.swarpeca.es\/revista\/2011\/01\/27\/mujeres-exigen-fin-de-feminicidio-en-mexico-detener-femicidio-en-guatemala\/"},"modified":"2011-01-27T08:31:31","modified_gmt":"2011-01-27T08:31:31","slug":"mujeres-exigen-fin-de-feminicidio-en-mexico-detener-femicidio-en-guatemala","status":"publish","type":"post","link":"https:\/\/marina.swarpeca.es\/revista\/mujeres-exigen-fin-de-feminicidio-en-mexico-detener-femicidio-en-guatemala\/","title":{"rendered":"Mujeres exigen fin de feminicidio en M\u00e9xico. Detener femicidio en Guatemala"},"content":{"rendered":"<p>Todos los d\u00edas, mujeres y ni\u00f1as de varias partes del mundo son v\u00edctimas del sistema patriarcal. <\/p>\n<p>Son asesinatos, agresiones f\u00edsicas y sicol\u00f3gicas, abusos sexuales, tr\u00e1ficos y humillaciones solamente por el hecho de ser mujeres. <\/p>\n<p>Los n\u00fameros no dejan duda sobre la gravedad del problema: seg\u00fan el <a href=\"https:\/\/observatoriodelfeminicidio.blogspot.com\/\"><em>Observatorio Ciudadano Nacional del Feminicidio<\/em><\/a>, de enero del 2009 a junio del 2010, 1.728 ni\u00f1as y mujeres fueron asesinadas en 18 estados de M\u00e9xico.<\/p>\n<p>La realidad mexicana no es excepci\u00f3n en Am\u00e9rica Latina y Caribe. <\/p>\n<p>Panam\u00e1, Guatemala, Argentina, El Salvador, Paraguay, Colombia, Rep\u00fablica Dominicana y Bolivia son otros ejemplos de pa\u00edses en que las cifras de feminicidios preocupan.<\/p>\n<p>Para RSMLAC, varios son los factores y los responsables por la continuidad del feminicidio en la regi\u00f3n: <\/p>\n<p>\u00ab<em>Estados que omiten y no cumplen su deber de garantizar la vida y los derechos humanos consagrados de las mujeres; sistemas de justicia inoperantes y corruptos que no act\u00faan reiteradamente para identificar, perseguir y castigar a los culpables; adem\u00e1s de una sociedad entera que ha permitido el uso y el abuso del cuerpo de mujer, cosific\u00e1ndola como mero objeto. Una sociedad que, sobre todo, ha normalizado y naturalizado la existencia de la violencia sexista como se fuera una circunstancia propia del hecho de ser mujer<\/em>\u00ab.<\/p>\n<p>Por cuenta de ello, la Red demanda, entre otros puntos: <\/p>\n<p><strong>protecci\u00f3n y reparaci\u00f3n a las v\u00edctimas y sus familiares<\/strong> <\/p>\n<p><strong>sanciones para los culpables<\/strong>, y <\/p>\n<p><strong>la desnaturalizaci\u00f3n de la violencia contra la mujer<\/strong>. <\/p>\n<p>En el comunicado, la RSMLAC convoca a\u00fan la sociedad a enviar cartas a los presidentes de pa\u00edses latinoamericanos y caribe\u00f1os exigiendo el compromiso en proteger la vida y los derechos de las mujeres y ni\u00f1as.<\/p>\n<p><strong>Acto<\/strong><\/p>\n<p>En el \u00faltimo d\u00eda 10, Susana Ch\u00e1vez, poeta y defensora de los derechos de las mujeres fue asesinada en M\u00e9xico. <\/p>\n<p><img loading=\"lazy\" decoding=\"async\" class=\" alignleft size-full wp-image-1356\" src=\"https:\/\/marina.swarpeca.es\/revista\/wp-content\/uploads\/2011\/01\/susana_chavez_cuerpo.jpg\" alt=\"susana_chavez_cuerpo.jpg\" align=\"left\" width=\"249\" height=\"149\" \/><\/p>\n<p>(imagen: el cuerpo de Susana Ch\u00e1vez yace en el lugar en que fue hallada, asesinada. <a href=\"https:\/\/www.narcoblog.info\/crimen\/chihuahua-susana-ch-vez-otra-activista-asesinada-en-ju-rez\">Fuente: Narcoblog.info<\/a>).<\/p>\n<p>En el mes anterior, la comunidad mexicana ya hab\u00eda perdido otra activista: Marisela Escobedo y su hija Rub\u00ed. Los recientes asesinatos motivaron las feministas a realizar un acto el d\u00eda 17, por el fin del feminicidio en la regi\u00f3n.<\/p>\n<p>La acci\u00f3n, promovida por movimientos feministas de Am\u00e9rica Latina y Caribe, reuni\u00f3 a activistas y luchadores\/as sociales frente a las embajadas mexicanas de diversos pa\u00edses de la regi\u00f3n. En Nicaragua, por ejemplo, las manifestantes entregaron una carta al representante mexicano en el pa\u00eds centroamericano con las principales demandas de los movimientos de mujeres.<\/p>\n<p>* <strong>Karol Assun\u00e7\u00e3o<\/strong>: Periodista de <a href=\"https:\/\/www.adital.com.br\/site\/noticia.asp?boletim=1&#038;lang=ES&#038;cod=53491\"><em>Adital<\/em><\/a><\/p>\n<p><strong>Cd Juarez Jornadas Camino a La Justicia 08-01-11<\/strong><\/p>\n<p><iframe loading=\"lazy\" title=\"YouTube video player\" class=\"youtube-player\" type=\"text\/html\" width=\"480\" height=\"390\" src=\"https:\/\/www.youtube.com\/embed\/ONW5Dw1y8OY\" frameborder=\"0\" allowFullScreen><\/iframe><\/p>\n<p>(09 de enero de 2011) | <strong>Familias y organizaciones marchan de la plaza de armas hacia el puente santa fe para poner listones con los nombres de mujeres desaparecidas y\/o asesinadas incluyendo el de Marisela Escobedo<\/strong>.<\/p>\n<p><img loading=\"lazy\" decoding=\"async\" class=\" aligncenter size-full wp-image-1357\" src=\"https:\/\/marina.swarpeca.es\/revista\/wp-content\/uploads\/2011\/01\/feminicidio.jpg\" alt=\"feminicidio.jpg\" align=\"center\" width=\"225\" height=\"169\" \/><\/p>\n<p><em>25.01.11 &#8211; Adital Guatemala, Marielos Monz\u00f3n **<\/em>\t<\/p>\n<p><strong>Detener el femicidio<\/strong><\/p>\n<p>A Mindi Rodas la conoc\u00ed en un foro sobre violencia contra las mujeres. Ella fue una de las panelistas y yo la moderadora. Junto a tres sobrevivientes de violencia, Mindi cont\u00f3 su historia, ten\u00eda un tapabocas que le cubr\u00eda el rostro desfigurado por el que fue su esposo. El relato de Mindi me conmovi\u00f3 hasta las entra\u00f1as. Su valent\u00eda al denunciar a su agresor y llegar hasta las \u00faltimas consecuencias en el proceso iniciado para que se le hiciera justicia, su fortaleza para romper el c\u00edrculo de la violencia y salir de \u00e9l, su empe\u00f1o en iniciar una vida digna para ella y su peque\u00f1o hijo. <\/p>\n<p><img loading=\"lazy\" decoding=\"async\" class=\" alignleft size-full wp-image-1358\" src=\"https:\/\/marina.swarpeca.es\/revista\/wp-content\/uploads\/2011\/01\/mindi_rodas.jpg\" alt=\"mindi_rodas.jpg\" align=\"left\" width=\"121\" height=\"188\" \/><\/p>\n<p>Mindi narr\u00f3 el calvario que vivi\u00f3 durante a\u00f1os junto a su compa\u00f1ero de hogar: violencia sexual, agresiones f\u00edsicas y verbales, maltrato y encierros. Un d\u00eda decidi\u00f3 cortar por lo sano y dej\u00f3 a su marido.<\/p>\n<p>\u00c9l, que como muchos hombres cree que la mujer con quien vive es de su propiedad y puede hacer con ella lo que le venga en gana, decidi\u00f3 vengarse y bajo enga\u00f1o la subi\u00f3 en un veh\u00edculo, la llev\u00f3 hasta la orilla de un r\u00edo, la golpe\u00f3, la desnud\u00f3 y con un machete le desfigur\u00f3 el rostro. Crey\u00e9ndola muerta, huy\u00f3 y la dej\u00f3 tirada a su suerte. Pero Mindi estaba con vida y despu\u00e9s de lo sucedido, en lugar de esconderse y no hacer nada, decidi\u00f3 presentar la denuncia en el Ministerio P\u00fablico.<\/p>\n<p>Al agresor lo metieron preso; vali\u00e9ndose de un documento con firma falsificada donde supuestamente Mindi desist\u00eda de la denuncia, sali\u00f3 libre. Pero ella no se dio por vencida, y con el acompa\u00f1amiento de la <a href=\"https:\/\/www.sobrevivientes.org\/\"><em>Fundaci\u00f3n Sobrevivientes<\/em><\/a> consigui\u00f3 devolverlo a la prisi\u00f3n y continu\u00f3 adelante con el proceso.<\/p>\n<p>Cuando finaliz\u00f3 de contar su historia, un sonoro aplauso envolvi\u00f3 toda la sala. Fue una forma de acompa\u00f1arla, de solidarizarnos con ella, de demostrarle que no estaba sola. Todav\u00eda se me pone la carne de gallina cuando recuerdo aquella tarde del foro y las l\u00e1grimas de Mindi cubriendo su rostro, pidiendo a las mujeres no darse por vencidas y denunciar la violencia de la que son v\u00edctimas. A finales del a\u00f1o pasado, la busqu\u00e9 para hacerle una entrevista.<\/p>\n<p>Me enter\u00e9 que estaba someti\u00e9ndose a un tratamiento para reconstruirle el rostro. Me alegr\u00e9 por ella, me admir\u00e9 otra vez de su coraje y su perseverancia.<\/p>\n<p>Pero este fin de semana supe que fue asesinada. La mataron en diciembre y la enterraron como XX [[<strong>Manifiestamos nuestra solidaridad a la familia de Mindi Rodas, especialmente a su se\u00f1ora madre y su peque\u00f1o hijo<\/strong>.<\/p>\n<p>Esperamos contar con el apoyo de la poblaci\u00f3n guatemalteca para avanzar en las investigaciones que nos lleven a los responsables, pues a Mindi le quitaron la vida con violencia, con la misma violencia con la que le quitaron su rostro. La asesinaron por su condici\u00f3n de Mujer.<\/p>\n<p>El debate por el intento de femicidio se mantiene, su muerte no tiene por qu\u00e9 afectar el proceso. Lamentamos profundamente que Mindi no halla logrado ver la justicia. Ella esperaba con ansias ese d\u00eda.<\/p>\n<p>Nos disculpamos por no habernos pronunciado antes, pero necesit\u00e1bamos priorizar las investigaciones y el acompa\u00f1amiento a su mam\u00e1 y su hijito, y, adem\u00e1s, estamos sumamente afectadas, ha sido un inicio de a\u00f1o muy duro por las vidas que la violencia ha quitado.<\/p>\n<p>&#8211; <a href=\"https:\/\/marina.swarpeca.es\/revista\/IMG\/pdf\/comunicado_asesinato_mindi_rodas.pdf\">Leer comunicado completo<\/a>.]]. La indignaci\u00f3n y una tristeza profunda me embargaron.<\/p>\n<p>Mindi muri\u00f3 esperando que se le hiciera justicia, la mataron antes que un tribunal pudiera escuchar su testimonio, porque el juez no acept\u00f3 la solicitud de hacerlo como prueba anticipada. Con Mindi son 695 las mujeres asesinadas durante el 2010, el 98% de las muertes causadas por un arma de fuego.<\/p>\n<p><strong>Guatemala sigue siendo un lugar peligroso para las mujeres y un para\u00edso para sus asesinos<\/strong>. El a\u00f1o pasado, solamente <strong>86 casos de femicidio ingresaron en el Organismo Judicial (12.38% del total de asesinatos), y se dictaron \u00fanicamente 28 sentencias. La impunidad sigue siendo la constante y el mensaje contin\u00faa siendo el mismo: aqu\u00ed, a las mujeres se les mata con odio y con sa\u00f1a por su condici\u00f3n de mujeres, y no pasa nada<\/strong>.<\/p>\n<p>Mindi no estar\u00e1 presente en el juicio que se inicia el 16 de junio por las agresiones que sufri\u00f3 cuando le desfiguraron el rostro. Pero su lucha, su testimonio, su valent\u00eda y su decisi\u00f3n de hacer valer la justicia siguen presentes.<\/p>\n<p>Hoy, Mindi debiera convertirse en un s\u00edmbolo de la lucha por la dignidad y la no violencia contra las mujeres.<\/p>\n<p>** <strong>Marielos Monz\u00f3n<\/strong>: Periodista de <a href=\"https:\/\/www.prensalibre.com\/opinion\/Detener-femicidio_0_415158527.html\"><em>Prensa Libre Guatemala<\/em><\/a><\/p>\n<p><a href=\"https:\/\/www.adital.com.br\/site\/noticia.asp?lang=ES&#038;cod=53479\">Fuente: Adital<\/a><\/p>\n<p><embed flashvars=\"cid=1\/1146769&#038;autoplay=false\" width=\"360\" height=\"228\" allowfullscreen=\"true\" allowscriptaccess=\"always\" src=\"https:\/\/www.ustream.tv\/flash\/viewer.swf\" type=\"application\/x-shockwave-flash\"><\/embed><\/p>\n<p>(27 de enero de 2011)<\/p>\n","protected":false},"excerpt":{"rendered":"<p>\u00ab<em>Ni una muerta m\u00e1s<\/em>\u00ab. Ese era el deseo de <a href=\"http:\/\/marina.swarpeca.es\/IMG\/pdf\/susana-chavez.pdf\">Susana Ch\u00e1vez, poeta y activista social<\/a>. Defensora de los derechos humanos en M\u00e9xico, Susana fue, en este mes, v\u00edctima justamente del crimen por el cual luch\u00f3 para ponerle un t\u00e9rmino: el feminicidio. Los recientes asesinatos de la poeta y de m\u00e1s otras dos mujeres en M\u00e9xico reforzaron la necesidad de acabar con la violencia de g\u00e9nero en Am\u00e9rica Latina y Caribe. Motivadas por los asesinatos de Susana Ch\u00e1vez, de Marisela Escobedo y de Rub\u00ed (hija de Marisela), feministas de la regi\u00f3n incrementaron acciones por el fin del feminicidio. Un comunicado de la <a href=\"http:\/\/www.reddesalud.org\/\"><em>Red de Salud de las Mujeres Latinoamericanas y del Caribe<\/em> (RSMLAC)<\/a> invita a las organizaciones sociales a realizar una \u00ab<em>acci\u00f3n permanente<\/em>\u00bb por el fin de la violencia machista [[<strong>Boletina Informativa Mujer Salud-Hable<\/strong> <\/p>\n<p><em>Boletina Mujer Salud-Hable A\u00f1o X, N\u00ba 1, Enero 2011<\/em><\/p>\n<p><strong>Declaraci\u00f3n P\u00fablica: Exigimos poner fin a la violencia machista en Am\u00e9rica Latina y el Caribe<\/strong> <\/p>\n<p><strong>Ante los abominables femicidios ocurridos en d\u00edas recientes en M\u00e9xico, afectando, entre otras mujeres,<\/strong> <a href=\"http:\/\/marina.swarpeca.es\/IMG\/pdf\/rsmlac.pdf\">a las defensoras y activistas de derechos humanos Marisela Escobedo y Susana Ch\u00e1vez<\/a>, <strong>la Red de Salud de las Mujeres Latinoamericanas y del Caribe, RSMLAC, como instancia regional que articula al movimiento de salud de las mujeres, manifiesta su indignaci\u00f3n, desaz\u00f3n y rabia frente a los nuevos hechos de violencia machista que siguen engrosando la dolorosa estad\u00edstica de cr\u00edmenes contra mujeres en ese pa\u00eds<\/strong>.<\/p>\n<p>M\u00e9xico, sin embargo, no es el \u00fanico escenario donde a diario las mujeres y las ni\u00f1as, en su m\u00e1s amplia diversidad, contin\u00faan siendo asesinadas, torturadas, violadas, mutiladas, traficadas, abusadas y humilladas por el s\u00f3lo hecho de serlo. En cada rinc\u00f3n de nuestro planeta, comprobamos cotidianamente la existencia de esta violencia brutal que busca someter a las mujeres y subordinarlas al poder patriarcal, incluso a trav\u00e9s de la muerte.<\/p>\n<p>Y para que esto siga ocurriendo, existen numerosos responsables: Estados que omiten e incumplen su deber de garantizar la vida y los derechos humanos consagrados de las mujeres, sistemas de justicia inoperantes y corruptos que fallan reiteradamente en identificar, perseguir y castigar a los culpables, adem\u00e1s de una sociedad entera que ha permitido el uso y abuso del cuerpo de la mujer, cosific\u00e1ndola como mero objeto. Una sociedad que, sobre todo, ha normalizado y naturalizado la existencia de la violencia sexista como si fuera una circunstancia propia del hecho de ser mujer.<\/p>\n<p>M\u00e9xico es un caso emblem\u00e1tico, como lo es Guatemala y otras naciones de nuestra regi\u00f3n, donde desde hace a\u00f1os venimos asistiendo a la m\u00e1s brutal escalada de violencia contra las mujeres, fen\u00f3meno que no puede desligarse de la agudizaci\u00f3n de los conflictos sociales en el marco de la globalizaci\u00f3n capitalista neoliberal, y donde el incremento de los femicidios constituye un clar\u00edsimo indicador sobre la exacerbaci\u00f3n de la violencia material y simb\u00f3lica que recae sobre los cuerpos de las mujeres. <\/p>\n<p>En este mismo contexto, es necesario hacer visible que las mafias del crimen organizado del narcotr\u00e1fico, su estrecha connivencia con los aparatos de poder, adem\u00e1s de la puesta en marcha de pol\u00edticas de seguridad nacional para enfrentar dicho crimen que de hecho se desarrollan como ocupaci\u00f3n militar y policial de territorios, no han hecho sino profundizar el ejercicio de la violencia sexista con una crueldad pocas veces conocida, y cuyas v\u00edctimas son en su mayor\u00eda mujeres j\u00f3venes de escasos recursos. <\/p>\n<p>Y, por su parte, las defensoras de derechos humanos son especialmente hostigadas, amenazadas y asesinadas, en un intento por acallar sus voces las que, sin embargo, seguir\u00e1n siempre presentes en nuestra memoria. <\/p>\n<p>Por todo ello:<\/p>\n<p>\u00b7 Hacemos un <strong>URGENTE LLAMADO DE ACCI\u00d3N REGIONAL PERMANENTE PARA EXIGIR A NUESTROS GOBIERNOS QUE PONGAN UN ALTO A LA VIOLENCIA MACHISTA<\/strong>, entreguen toda la protecci\u00f3n y reparaci\u00f3n necesarias a las v\u00edctimas y sus familias, sancionen severamente a los culpables. Y avancen, tambi\u00e9n, a las transformaciones socioculturales necesarias para desnaturalizar la violencia contra las mujeres, abordando el gran desaf\u00edo \u00e9tico y pol\u00edtico de desestructurar los sistemas de poder que hoy se confabulan para hacer de la violencia sexista un fen\u00f3meno cotidiano.<\/p>\n<p>\u00b7 Pedimos, adem\u00e1s, hacer llegar cartas urgentes de protesta al Presidente de M\u00e9xico, Felipe Calder\u00f3n, exhort\u00e1ndolo a cumplir con su deber ineludible de proteger la vida y los derechos de las mujeres y las ni\u00f1as, tal como lo exigen los instrumentos de derechos humanos de los que M\u00e9xico es signatario. El correo electr\u00f3nico para estos efectos es: correofjch@presidencia.gob.mx. Pueden hacer uso de esta declaraci\u00f3n como base para redactar sus cartas.<\/p>\n<p>\u00b7 Entregar una copia de estas cartas a los Presidentes y Presidentas de sus respectivos pa\u00edses, as\u00ed como tambi\u00e9n a las Ministras o Directoras de la Mujer.<\/p>\n<p>\u00b7 Este lunes 17 de enero, a las 10 de la ma\u00f1ana, por \u00faltimo, se ha llamado a una <strong>PROTESTA MUNDIAL FRENTE A LAS EMBAJADAS Y CONSULADOS DE M\u00c9XICO<\/strong>. Es otra oportunidad para hacer llegar la carta dirigida al Pdte. Calder\u00f3n y para sensibilizar a la opinion p\u00fablica.<\/p>\n<p><strong>\u00a1Por la vida de las mujeres, basta de femicidios, basta de violencia machista!<\/strong><\/p>\n<p>Santiago, Chile, 13 de enero, 2011<\/p>\n<p>Red de Salud de las Mujeres Latinoamericanas y del Caribe (RSMLAC)<\/p>\n<p>Rede Feminista de Sa\u00fade Direitos Sexuais e Direitos Reprodutivos, Brasil<\/p>\n<p>Equidad de G\u00e9nero, Ciudadan\u00eda, Trabajo y Familia, A.C., M\u00e9xico<\/p>\n<p>Colectiva Mujer y Salud, Rep\u00fablica Dominicana<\/p>\n<p>Base Educativa y Comunitaria de Apoyo (BECA), Paraguay<\/p>\n<p>Tierra Viva, Guatemala<\/p>\n<p>Solidarite Fanm Ayisyen (SOFA), Hait\u00ed<\/p>\n<p>Si, Mujer, Colombia<\/p>\n<p>Articulaci\u00f3n Feminista por la Libertad de Decidir, Chile<\/p>\n<p>Red Chilena contra la Violencia Dom\u00e9stica y Sexual, Chile<\/p>\n<p>Solidaridad y Organizaci\u00f3n Local, SOL, Chile<\/p>\n<p>Movimiento pro Emancipaci\u00f3n de la Mujer Chilena, MEMCH, Chile<\/p>\n<p>Foro Red de Salud y Derechos Sexuales y Reproductivos, Chile<\/p>\n<p>Mesas Ciudadanas por el Derecho a Decidir, Chile<\/p>\n<p>Fundaci\u00f3n Educaci\u00f3n Popular en Salud, EPES, Chile<\/p>\n<p>Colectivo Conspirando, Chile<\/p>\n<p>La Ciudad de las Diosas, Chile<\/p>\n<p>Fundaci\u00f3n Instituto de la Mujer, Chile<\/p>\n<p>Feministas Feas, Chile<\/p>\n<p>Comit\u00e9 de Servicio Chileno, COSECH, Chile<\/p>\n<p>Observatorio de Equidad de G\u00e9nero en Salud, Chile<\/p>\n<p>Marcha Mundial de Mujeres, Chile<\/p>\n<p>Asociaci\u00f3n Nacional de Mujeres Rurales e Ind\u00edgenas, ANAMURI, Chile<\/p>\n<p>Warmipura, Mujeres Inmigrantes, Chile<\/p>\n<p>Isis Internacional, Chile<\/p>\n<p>Fondo Alquimia, Chile<\/p>\n<p>Observatorio de G\u00e9nero y Equidad, Chile.<\/p>\n<p>Asociaci\u00f3n Internacional de Lesbianas, Trans, Gays, Bisexuales, Intersex de Am\u00e9rica Latina y el Caribe \/ ILGA-LAC<\/p>\n<p>Alianza Global por la Educaci\u00f3n LTGBI-GALE<\/p>\n<p>ISIG, Ideas sin G\u00e9nero<\/p>\n<p>Instituto de Estudios de la Mujer \u201cNorma Virginia Guirola de Herrera\u201d, CEMUJER, El Salvador<\/p>\n<p>Colectiva Lesbica Feminista La Perlita, Chile<\/p>\n<p>Centro de Estudios de la Mujer de la Universidad Central de Venezuela CEM-UCV<\/p>\n<p>Jessie Blanco, Universidad Central de Venezuela, Escuela de Sociolog\u00eda<\/p>\n<p>Rummie Quintero, A.C. DIVAS, La Ara\u00f1a Feminista, Venezuela<\/p>\n<p>Hector Gutierrez. R.B. Venezuela<\/p>\n<p>Livia Vargas Gonz\u00e1lez, CI 12.688.625, Venezuela <\/p>\n<p>Dr. Marta Raquel Zabaleta (D.Phil. Sussex Univeristy I.D.S.), Honorary Visiting Senior Lecturer, School of Arts and Education, Middlesex University, London, UK<\/p>\n<p>Casa de la Mujer de Bogot\u00e1, Colombia.<\/p>\n<p>Alejandra L\u00f3pez, Lili\u00e1n Abracinskas<br \/>\nMujer y Salud en Uruguay, MYSU.<\/p>\n<p>UMAR (Uni\u00f3n de Mujeres Alternativa y Repuesta), Portugal.<\/p>\n<p>Patricia Orozco, Punto Focal Nicaragua &#8211; Campa\u00f1a 28 de Septiembre por la Despenalizaci\u00f3n del Aborto en ALC<\/p>\n<p>Cecilia Olea Maule\u00f3n<br \/>\nCampa\u00f1a por la Convenci\u00f3n Interamericana de Derechos Sexuales<br \/>\ny Derechos Reproductivos. Coordinaci\u00f3n Colegiada<\/p>\n<p>Fundacion para Estudio e Investigacion de la Mujer -FEIM, Argentina<\/p>\n<p>Gladys Parentelli, Coordinadora Nacional de Documentaci\u00f3n y Publicaciones de REUVEM, Red Universitaria Venezolana de Estudios de las Mujeres, Venezuela<\/p>\n<p>Nota: Para mandar su adhesi\u00f3n, escriba a secretaria@reddesalud.org  <\/p>\n<p><a href=\"http:\/\/www.reddesalud.org\/actualidad\/act2_int.php?id=72\">Fuente: Red de Salud de las Mujeres Latinoamericanas y del Caribe &#8211; RSMLAC<\/a>.]] \/\/ A Mindi Rodas la conoc\u00ed en un foro sobre violencia contra las mujeres. Ella fue una de las panelistas y yo la moderadora. Junto a tres sobrevivientes de violencia, Mindi cont\u00f3 su historia, ten\u00eda un tapabocas que le cubr\u00eda el rostro desfigurado por el que fue su esposo. El relato de Mindi me conmovi\u00f3 hasta las entra\u00f1as. Su valent\u00eda al denunciar a su agresor y llegar hasta las \u00faltimas consecuencias en el proceso iniciado para que se le hiciera justicia, su fortaleza para romper el c\u00edrculo de la violencia y salir de \u00e9l, su empe\u00f1o en iniciar una vida digna para ella y su peque\u00f1o hijo. Este fin de semana supe que fue asesinada. La mataron en diciembre y la enterraron como XX. Mindi muri\u00f3 esperando que se le hiciera justicia, la mataron antes que un tribunal pudiera escuchar su testimonio, porque el juez no acept\u00f3 la solicitud de hacerlo como prueba anticipada. Con Mindi son 695 las mujeres asesinadas durante el 2010. <\/p>\n","protected":false},"author":1,"featured_media":1355,"comment_status":"closed","ping_status":"open","sticky":false,"template":"","format":"standard","meta":{"footnotes":""},"categories":[12],"tags":[],"_links":{"self":[{"href":"https:\/\/marina.swarpeca.es\/revista\/wp-json\/wp\/v2\/posts\/1359"}],"collection":[{"href":"https:\/\/marina.swarpeca.es\/revista\/wp-json\/wp\/v2\/posts"}],"about":[{"href":"https:\/\/marina.swarpeca.es\/revista\/wp-json\/wp\/v2\/types\/post"}],"author":[{"embeddable":true,"href":"https:\/\/marina.swarpeca.es\/revista\/wp-json\/wp\/v2\/users\/1"}],"replies":[{"embeddable":true,"href":"https:\/\/marina.swarpeca.es\/revista\/wp-json\/wp\/v2\/comments?post=1359"}],"version-history":[{"count":0,"href":"https:\/\/marina.swarpeca.es\/revista\/wp-json\/wp\/v2\/posts\/1359\/revisions"}],"wp:featuredmedia":[{"embeddable":true,"href":"https:\/\/marina.swarpeca.es\/revista\/wp-json\/wp\/v2\/media\/1355"}],"wp:attachment":[{"href":"https:\/\/marina.swarpeca.es\/revista\/wp-json\/wp\/v2\/media?parent=1359"}],"wp:term":[{"taxonomy":"category","embeddable":true,"href":"https:\/\/marina.swarpeca.es\/revista\/wp-json\/wp\/v2\/categories?post=1359"},{"taxonomy":"post_tag","embeddable":true,"href":"https:\/\/marina.swarpeca.es\/revista\/wp-json\/wp\/v2\/tags?post=1359"}],"curies":[{"name":"wp","href":"https:\/\/api.w.org\/{rel}","templated":true}]}}