{"id":1312,"date":"2010-12-19T09:03:27","date_gmt":"2010-12-19T09:03:27","guid":{"rendered":"https:\/\/marina.swarpeca.es\/revista\/2010\/12\/19\/les-marches-de-la-biodiversite-catherine-aubertin-florence-pinton-et-valerie-boisvert-la-propriete-intellectuelle-contre-la-biodiversite-geopolitique-de-la-diversite-biologique\/"},"modified":"2010-12-19T09:03:27","modified_gmt":"2010-12-19T09:03:27","slug":"les-marches-de-la-biodiversite-catherine-aubertin-florence-pinton-et-valerie-boisvert-la-propriete-intellectuelle-contre-la-biodiversite-geopolitique-de-la-diversite-biologique","status":"publish","type":"post","link":"https:\/\/marina.swarpeca.es\/revista\/les-marches-de-la-biodiversite-catherine-aubertin-florence-pinton-et-valerie-boisvert-la-propriete-intellectuelle-contre-la-biodiversite-geopolitique-de-la-diversite-biologique\/","title":{"rendered":"\u00abLes march\u00e9s de la biodiversit\u00e9\u00bb, Catherine Aubertin, Florence Pinton et Val\u00e9rie Boisvert (&#038; La propri\u00e9t\u00e9 intellectuelle contre la biodiversit\u00e9? G\u00e9opolitique de la diversit\u00e9 biologique)"},"content":{"rendered":"<p>&#8211; <a href=\"https:\/\/herbogeminis.com\/revista\/IMG\/pdf\/les_marches_de_la_biodiversite.pdf\">\u201c<em>LES MARCH\u00c9S DE LA BIODIVERSIT\u00c9<\/em>\u201d, \u00c9ditrices scientifiques, Catherine Aubertin, Florence Pinton et Val\u00e9rie Boisvert, IRD \u00c9ditions, Paris, 2007<\/a><\/p>\n<p><strong>Sommaire<\/strong><\/p>\n<p><strong>Introduction <\/strong> <\/p>\n<p><strong>Partie 1 Ressources g\u00e9n\u00e9tiques et droits de propri\u00e9t\u00e9 intellectuelle<\/strong>  <\/p>\n<p>Chapitre 1 <strong>Strat\u00e9gies des firmes pharmaceutiques: la bioprospection en question<\/strong>. <em>Christian Moretti, Catherine Aubertin<\/em><\/p>\n<p>Chapitre 2 <strong>Les ressources g\u00e9n\u00e9tiques pour l\u2019agro-industrie: des \u00e9changes complexes<\/strong>. <em>Michel Trommetter, Marie-Anne Vautrin, Delphine Marie-Vivien<\/em><\/p>\n<p><strong>Partie 2 R\u00e9guler l\u2019acc\u00e8s aux ressources g\u00e9n\u00e9tiques. Biopiraterie et droit <\/strong> <\/p>\n<p>Chapitre 3 <strong>La biopiraterie entre ill\u00e9galit\u00e9 et ill\u00e9gitimit\u00e9<\/strong>. <em>Catherine Aubertin, Christian Moretti<\/em><\/p>\n<p>Chapitre 4 <strong>L\u2019acc\u00e8s aux ressources g\u00e9n\u00e9tiques et le partage des avantages: une question conflictuelle. Exemples du Br\u00e9sil et de la Bolivie<\/strong>. <em>Catherine Aubertin, Val\u00e9rie Boisvert, Vanessa Nuzzo<\/em><\/p>\n<p><strong>Partie 3 Autochtonie, protection des savoirs locaux et activit\u00e9s marchandes<\/strong> <\/p>\n<p>Chapitre 5 <strong>Savoirs traditionnels, populations locales et ressources globalis\u00e9es<\/strong>. <em>Florence Pinton, Pierre Grenand<\/em><\/p>\n<p>Chapitre 6 <strong>Valorisation \u00e9conomique des ressources et nouveaux march\u00e9s<\/strong>. <em>Val\u00e9rie Boisvert, Armelle Caron<\/em><\/p>\n<p><strong>Partie 4 \u00c0 la recherche du march\u00e9<\/strong><\/p>\n<p>Chapitre 7 <strong>Un march\u00e9 pour la biodiversit\u00e9?<\/strong> <em>Val\u00e9rie Boisvert, Franck-Dominique Vivien<\/em><\/p>\n<p><strong>Conclusion<\/strong> <\/p>\n<p><strong>R\u00e9f\u00e9rences bibliographiques<\/strong><\/p>\n<p><strong>Sigles utilis\u00e9s<\/strong><\/p>\n<p><strong>Liste des encadr\u00e9s<\/strong><\/p>\n<p><img loading=\"lazy\" decoding=\"async\" class=\" alignleft size-full wp-image-1310\" src=\"https:\/\/marina.swarpeca.es\/revista\/wp-content\/uploads\/2010\/12\/book_diversite_biologique.gif\" alt=\"book_diversite_biologique.gif\" align=\"left\" width=\"200\" height=\"277\" \/><\/p>\n<p>&#8211; <a href=\"https:\/\/herbogeminis.com\/revista\/IMG\/pdf\/cetim.pdf\">\u201c<em>La propri\u00e9t\u00e9 intellectuelle contre la biodiversit\u00e9? G\u00e9opolitique de la diversit\u00e9 biologique<\/em>\u201d<\/a>, Jack Kloppenburg, Birgit M\u00fcller et Guy Kastler (&#8230;), PUBLICETIM n\u00ba 35, 200 pages, A Para\u00eetre 2011<\/p>\n<p>Les r\u00e9volutions verte puis biotechnologique qui sont parties des pays industrialis\u00e9s et promues par de grandes firmes pharmaceutiques et agroalimentaires ont augment\u00e9, comme jamais, la valeur commerciale des ressources biologiques et par l\u00e0-m\u00eame celle des savoirs traditionnels. Les pays du Sud recensent 80% des ressources naturelles mondiales (souvent connues des peuples autochtones qui ont d\u00e9velopp\u00e9 un savoir traditionnel quant \u00e0 leurs utilisations), attirant la convoitise de nombre de ces firmes, menant un pillage biologique (biopiraterie ou biocolonialisme [[- \u00ab<em>Des sources du savoir aux m\u00e9dicaments du futur &#8211; From the sources of knowledge to the medicines. 4e Congr\u00e8s europ\u00e9en d&#8217;ethnopharmacologie<\/em>\u00ab, Jacques Fleurentin, Jean Marie Pelt et Guy Mazars \u00c9diteurs scientifiques, IRD \u00c9ditions, 2002: <a href=\"https:\/\/books.google.es\/books?id=i5XC8bOPnhwC&#038;pg=PA277&#038;lpg=PA277&#038;dq=biopiraterie+ou+biocolonialisme&#038;source=bl&#038;ots=ZgsrLM_3TA&#038;sig=F1R6M7BCKMJAsgby1eETUieWwjs&#038;hl=es&#038;ei=X1kNTb7fEs7h4Aan5biGAg&#038;sa=X&#038;oi=book_result&#038;ct=result&#038;resnum=3&#038;ved=0CCkQ6AEwAg#v=onepage&#038;q=biopiraterie%20ou%20biocolonialisme&#038;f=false\">google libros<\/a>.<\/p>\n<p>&#8211; \u00ab<em>Nouvelle encyclop\u00e9die de bio\u00e9thique. Medicine, Environnement, Biotechnologie<\/em>\u00ab, Gilbert Hottois et Jean-No\u00ebl Missa, De Boeck Universit\u00e9, Belgique, 2001: <a href=\"https:\/\/books.google.es\/books?id=nLlnuA08uYsC&#038;pg=PA87&#038;lpg=PA87&#038;dq=biopiraterie+ou+biocolonialisme&#038;source=bl&#038;ots=D-iYps4b60&#038;sig=58GfVxJttrTN41ADKB1OBl6VwY4&#038;hl=es&#038;ei=X1kNTb7fEs7h4Aan5biGAg&#038;sa=X&#038;oi=book_result&#038;ct=result&#038;resnum=4&#038;ved=0CC0Q6AEwAw#v=onepage&#038;q=biopiraterie%20ou%20biocolonialisme&#038;f=false\">google libros<\/a>.]]).<\/p>\n<p>Aujourd&#8217;hui ce qui est nouveau, c&#8217;est que les ressources naturelles et des savoirs traditionnels sont privatis\u00e9s \u00e0 cause, entre autres, de l&#8217;imposition de brevets et de titres de propri\u00e9t\u00e9 (intellectuelle), engendrant d&#8217;importants b\u00e9n\u00e9fices mon\u00e9taires. <\/p>\n<p>Pour tenter de pallier cette biopiraterie, la Convention sur la diversit\u00e9 biologique propose, entre autres, un \u00abpartage des b\u00e9n\u00e9fices\u00bb entre ces grandes firmes et les peuples autochtones.<\/p>\n<p>Dix-huit ans apr\u00e8s l&#8217;entr\u00e9e en vigueur de cette convention, quel bilan dresser de ce partage? Est-il r\u00e9ellement \u00ab\u00e9quitable\u00bb et \u00abb\u00e9n\u00e9fique\u00bb pour ces peuples? Garantit-il la poursuite de l&#8217;innovation collective? La valorisation marchande de la nature permet-elle vraiment de prot\u00e9ger la biodiversit\u00e9? Quels dangers guettent ces peuples, ainsi que leur environnement?<\/p>\n<p>Ce livre montre en quoi le fait d&#8217;imposer des droits de propri\u00e9t\u00e9 intellectuelle sur des ressources ou des savoirs traditionnels qui participent de la biodiversit\u00e9, conduit \u00e0 des cons\u00e9quences dramatiques pour l&#8217;humanit\u00e9.<\/p>\n<p><strong>Dans les pays du Sud<\/strong>, la biodiversit\u00e9 est menac\u00e9e de privatisation, tandis que <strong>dans les pays du Nord<\/strong>, avec l&#8217;imposition de catalogue, de certifications, etc. sur les semences agricoles par exemple, la biodiversit\u00e9 a \u00e9t\u00e9 d\u00e9j\u00e0 largement r\u00e9duite, ainsi que la libert\u00e9 des paysans. Plus largement, il semblerait que cette situation v\u00e9cue au Nord augure ce qui se passera tr\u00e8s probablement dans les pays du Sud ces prochaines d\u00e9cennies.<\/p>\n<p>Y a-t-il des mod\u00e8les alternatifs et participatifs de partage des ressources et des savoirs qui s&#8217;exercent en dehors du march\u00e9 et qui pourraient efficacement prot\u00e9ger la biodiversit\u00e9?<\/p>\n<p>Ce livre propose quelques id\u00e9es pour nous aider \u00e0 sortir ou \u00e0 repenser cette logique de privatisation et de marchandisation de la nature.<\/p>\n<p><em>Avec les contributions de Jack Kloppenburg, Silvia Ribeiro, Chikako Takeshita, Birgit M\u00fcller, Antoine de Ruffray, Shane Green, Saskia Vermeylen, Guy Kastler, Laurent Gaberell et Gonzalo Gosalves, &#8230;<\/em><\/p>\n<p>Format poche, environ 200 pages, 12 CHF \/ 8 \u20ac<\/p>\n<p><strong> <em>Souscription -30% (avant le 31 d\u00e9cembre 2010): 8 CHF \/ 5 \u20ac:<\/em> <\/strong> <a href=\"https:\/\/www.cetim.ch\/fr\/publications_propriete.php?currentyear=&#038;pid=\">CETIM Centre Europe Tiers Monde<\/a> [[- <a href=\"https:\/\/herbogeminis.com\/revista\/IMG\/pdf\/cetim.pdf\">*Liste des publications (100) *Dossiers: prioritaires et d\u2019actualit\u00e9 (\u00ab<em>Interventions et coups de force militaire \u00e9tasuniens<\/em>\u00bb &#8211; \u00ab<em>Mesures liberticides et lois antiterroristes<\/em>\u00ab), CETIM Centre Europe &#8211; Tiers Monde<\/a>.]]<\/p>\n<p><img loading=\"lazy\" decoding=\"async\" class=\" alignleft size-full wp-image-1311\" src=\"https:\/\/marina.swarpeca.es\/revista\/wp-content\/uploads\/2010\/12\/le_mouvement_des_images.jpg\" alt=\"le_mouvement_des_images.jpg\" align=\"left\" width=\"250\" height=\"179\" \/><\/p>\n<p>(<strong> <em>Le mouvement des images<\/em>, Centre Pompidou, Paris, 2006-2007:<\/strong> <a href=\"https:\/\/www.men.ch\/publications-sejour-paris\">MEN<\/a> [[- <a href=\"https:\/\/herbogeminis.com\/revista\/IMG\/pdf\/men_neuchatel.pdf\">Le Mus\u00e9e d\u2019ethnographie de Neuch\u00e2tel<\/a>.]])<\/p>\n<p><strong>Pour lire plus<\/strong><\/p>\n<p>&#8211; <a href=\"https:\/\/herbogeminis.com\/revista\/IMG\/pdf\/biopiraterie.pdf\"> <em>Sur biopiraterie ou\/et biocolonialisme:<\/em><\/a><\/p>\n<p>*<em>Vers un Protocole international contre la biopiraterie?<\/em>, Infosud\/Le Courrier, 08-02-2008  <\/p>\n<p>*<em>Le Biocolonialisme: une nouvelle menace qui plane sur les peuples indigenes<\/em>, Les Amis de la Terre International, avril\/juin 2000  <\/p>\n<p>*<em>Point de vue sur le r\u00e9gime d\u2019access et de partage des b\u00e9n\u00e9fices de la Convention sur la diversit\u00e9 biologique<\/em>, Grain, avril 2005  <\/p>\n<p>*<em>Le March\u00e9 au secours de la biodiversit\u00e9? Ou l\u2019\u00e9conomie du g\u00e8ne n\u2019est-elle qu\u2019un mirage?: l\u2019interview de Val\u00e9rie Boisvert, \u00e9conomiste \u00e0 l\u2019IRD<\/em>, Agrobiosciences, fevrier 2008  <\/p>\n<p>*<strong>Instituto Franc\u00e9s de Estudios Andinos<\/strong>  <\/p>\n<p>*<em>March\u00e9s de la biodiversit\u00e9 et equit\u00e9 des \u00e9changes: une illusion?<\/em>, IRD, notre-planet.info, 25-01-2008 (page 33) <\/p>\n<p>*<em>Les march\u00e9s de la biodiversit\u00e9 &#8211; S\u00e9minaire<\/em> Orl\u00e9ans, Biotek, 23-09-2008 (page 35)<\/p>\n<p>&#8211; <a href=\"https:\/\/herbogeminis.com\/revista\/IMG\/pdf\/le_savoir_faire_traditionnel.pdf\">\u00ab<em>Le savoir faire traditionnel, Contribution \u00e0 l\u2019analyse objective des savoirs traditionnels<\/em>\u00ab, Sitsof\u00e9 Serge Kowouvih, Universit\u00e9 de Limoges, 13-04-2007<\/a><\/p>\n<p>(19 de diciembre de 2010)<\/p>\n","protected":false},"excerpt":{"rendered":"<p><em>Les march\u00e9s de la biodiversit\u00e9<\/em> Depuis la fin des ann\u00e9es 1980, l\u2019essor des biotechnologies et l\u2019extension des brevets sur le vivant ont laiss\u00e9 entrevoir des possibilit\u00e9s d\u2019utilisations lucratives des substances naturelles, notamment dans les secteurs de la pharmacie, de la cosm\u00e9tique, de l\u2019agroalimentaire &#8230; Pour concilier la conservation de la biodiversit\u00e9 et les revendications des populations autochtones gardiennes de ces ressources, la <a href=\"http:\/\/herbogeminis.com\/IMG\/pdf\/convention_diversite_biologique.pdf\">Convention sur la diversit\u00e9 biologique<\/a>, sign\u00e9e lors du Sommet de Rio en 1992, a pr\u00e9conis\u00e9 l\u2019institution de march\u00e9s. Il s\u2019agissait aussi d\u2019en finir avec la biopiraterie et d\u2019assurer \u00able partage juste et \u00e9quitable des avantages tir\u00e9s de l\u2019exploitation des ressources g\u00e9n\u00e9tiques\u00bb. Ces \u00abmarch\u00e9s de la biodiversit\u00e9\u00bb, soutenus par la vague du lib\u00e9ralisme \u00e9conomique, ont \u00e9t\u00e9 l\u2019objet de toutes les sp\u00e9culations. Mais au-del\u00e0 du slogan, qu\u2019en est-il aujourd\u2019hui de la marchandisation du vivant? Comment se d\u00e9cline-t-elle du Nord au Sud? Le cadre juridique et politique de la Convention n\u2019est-il pas d\u00e9j\u00e0 d\u00e9pass\u00e9 par l\u2019\u00e9volution des connaissances et des techniques, et peu adapt\u00e9 \u00e0 la complexit\u00e9 des situations observ\u00e9es? Pour r\u00e9pondre \u00e0 ces questions, economistes, juristes, sociologues, anthropologues et biochimistes apportent ici un \u00e9clairage nouveau, document\u00e9 et critique, sur le mod\u00e8le de conservation de la biodiversit\u00e9 fond\u00e9 sur son exploitation commerciale (<a href=\"http:\/\/www.ird.fr\/editions\/catalogue\/ouvrage.php?livre=533\">IRD \u00c9ditions<\/a>).<\/p>\n","protected":false},"author":1,"featured_media":1309,"comment_status":"closed","ping_status":"open","sticky":false,"template":"","format":"standard","meta":{"footnotes":""},"categories":[35],"tags":[],"_links":{"self":[{"href":"https:\/\/marina.swarpeca.es\/revista\/wp-json\/wp\/v2\/posts\/1312"}],"collection":[{"href":"https:\/\/marina.swarpeca.es\/revista\/wp-json\/wp\/v2\/posts"}],"about":[{"href":"https:\/\/marina.swarpeca.es\/revista\/wp-json\/wp\/v2\/types\/post"}],"author":[{"embeddable":true,"href":"https:\/\/marina.swarpeca.es\/revista\/wp-json\/wp\/v2\/users\/1"}],"replies":[{"embeddable":true,"href":"https:\/\/marina.swarpeca.es\/revista\/wp-json\/wp\/v2\/comments?post=1312"}],"version-history":[{"count":0,"href":"https:\/\/marina.swarpeca.es\/revista\/wp-json\/wp\/v2\/posts\/1312\/revisions"}],"wp:featuredmedia":[{"embeddable":true,"href":"https:\/\/marina.swarpeca.es\/revista\/wp-json\/wp\/v2\/media\/1309"}],"wp:attachment":[{"href":"https:\/\/marina.swarpeca.es\/revista\/wp-json\/wp\/v2\/media?parent=1312"}],"wp:term":[{"taxonomy":"category","embeddable":true,"href":"https:\/\/marina.swarpeca.es\/revista\/wp-json\/wp\/v2\/categories?post=1312"},{"taxonomy":"post_tag","embeddable":true,"href":"https:\/\/marina.swarpeca.es\/revista\/wp-json\/wp\/v2\/tags?post=1312"}],"curies":[{"name":"wp","href":"https:\/\/api.w.org\/{rel}","templated":true}]}}