{"id":1286,"date":"2010-11-26T06:58:43","date_gmt":"2010-11-26T06:58:43","guid":{"rendered":"https:\/\/marina.swarpeca.es\/revista\/2010\/11\/26\/argentina-el-trabajo-esclavo-con-agrotoxicos-en-la-empresa-avicola-nuestra-huella-asesina-de-un-tumor-cerebral-a-ezequiel-ferreira-de-6-anos\/"},"modified":"2010-11-26T06:58:43","modified_gmt":"2010-11-26T06:58:43","slug":"argentina-el-trabajo-esclavo-con-agrotoxicos-en-la-empresa-avicola-nuestra-huella-asesina-de-un-tumor-cerebral-a-ezequiel-ferreira-de-6-anos","status":"publish","type":"post","link":"https:\/\/marina.swarpeca.es\/revista\/argentina-el-trabajo-esclavo-con-agrotoxicos-en-la-empresa-avicola-nuestra-huella-asesina-de-un-tumor-cerebral-a-ezequiel-ferreira-de-6-anos\/","title":{"rendered":"Argentina: El trabajo esclavo con agrot\u00f3xicos en la empresa av\u00edcola \u00abNuestra Huella\u00bb asesina de un tumor cerebral a Ezequiel Ferreira, de 6 a\u00f1os"},"content":{"rendered":"<p>(<em> <strong>fotograf\u00eda: Ezequiel Ferreira, ni\u00f1o de 6 a\u00f1os muerto por tumor cerebral tras 2 a\u00f1os de esclavitud manipulando agrot\u00f3xicos en la empresa av\u00edcola \u00abNuestra Huella\u00bb, denunciada en agosto de 2008 por La Alameda-Movimiento de Trabajadores Exclu\u00eddos y P\u00e1gina 12<\/strong> <\/em>)  <\/p>\n<p><strong>Llamado a la solidaridad: para escrachar a marcas y supermercados que venden \u00ab<em>Trabajo Esclavo Infantil<\/em>\u00ab<\/strong><\/p>\n<p><strong> <em>El video de trabajo infantil de la empresa que es proveedora de Wall Mart, Carrefour, Coto, D\u00eda y otros  &#8230;:<\/em> <\/strong><\/p>\n<p><strong>Ni\u00f1os esclavos en Nuestra Huella S.A<\/strong><\/p>\n<p><embed src=\"https:\/\/www.youtube.com\/v\/QvPIXdddISw?fs=1&#038;hl=es_ES&#038;rel=0\" type=\"application\/x-shockwave-flash\" allowscriptaccess=\"always\" allowfullscreen=\"true\" width=\"425\" height=\"344\"><\/embed><\/p>\n<p><a href=\"https:\/\/www.youtube.com\/user\/prensaalameda\">prensaalameda<\/a>|<em>07 de febrero de 2010:<\/em> <strong>Informe realizado por la Fundaci\u00f3n Alameda acerca del trabajo infantil en las granjas pertenecientes a la empresa \u00abNuestra Huella\u00bb S.A. A trav\u00e9s de im\u00e1genes in\u00e9ditas y testimonios claves la Alameda demuestra como \u00e9sta empresa utliza la explotaci\u00f3n infantil para acrecentar d\u00eda a d\u00eda sus ganancias<\/strong>.<\/p>\n<p>Dejamos dos entradas contando lo que pas\u00f3 con Ezequiel Ferreyra:<\/p>\n<p>    * <a href=\"https:\/\/partido-pirata.blogspot.com\/2010\/11\/20-de-noviembre-dia-universal-del.html\">20 de noviembre d\u00eda del trabajo infantil esclavo en la Argentina<\/a>.<\/p>\n<p>    * <a href=\"https:\/\/partido-pirata.blogspot.com\/2010\/11\/carlos-tomada-esta-con-su-amigo-pedraza.html\">A Carlos Tomada y su amigo Pedraza no les debe importar mucho el trabajo esclavo infantil<\/a>.<\/p>\n<p>Ezequiel Ferreyra lamentablemente muri\u00f3 &#8230; Algo que podemos hacer es <strong>no comprarles a los que explotan y matan a nuestros chicos:<\/strong><\/p>\n<p><strong>Llamado a la solidaridad:<\/strong><\/p>\n<p>Avisen por favor d\u00f3nde hay <strong>supermercados Coto, Disco, Carrefour, Walt Mart, D\u00eda<\/strong>, que tengan en sus g\u00f3ndolas <strong>huevos \u201cNuestra Huella<\/strong>\u201d o \u201c<strong>Avicooper<\/strong>\u201d porque fueron hechos con trabajo esclavo e infantil. En el caso de los supermercados <strong>D\u00eda<\/strong> que aparecen con \u201cetiqueta propia\u201d exijan que informen fehacientemente d\u00f3nde fueron elaborados porque tambi\u00e9n le compra a la empresa esclavista, asesina de ni\u00f1os. En la cadena La Econom\u00eda de Pilar se vende estos huevos. Con motivos de las denuncias cambiaron el estuchado y les pusieron huevos \u201cArgentinos s.a.\u201d. Hace un mes volvieron a cambiar el estuchado, Ovoprot le compra el 70 % de su producci\u00f3n para venderle a <strong>Nestl\u00e9<\/strong> u <strong>Unillever<\/strong> de la Comunidad Econ\u00f3mica Europea-Uni\u00f3n Europea.<\/p>\n<p>Ovoprot, una empresa de capitales austriacos, promociona en su p\u00e1gina a los huevos Nuestra Huella aunque no lo dice directamente. \u201cSab\u00eda usted que Argentina nunca ha tenido Influenza Aviar en toda su historia? Puede descansar, Ovoprot provee el mejor producto Premium de calidad internacional solamente desde Argentina\u201d. Esperemos que los austriacos y su Estado empiecen a controlar el proveedor de Ovoprot.<\/p>\n<p>Contacto: 15 6158 4835 o por mail: prensaalameda@yahoo.com.ar<\/p>\n<p>Fuente La Alameda<\/p>\n<p><strong>Estemos atentos y No Les Compremos A Estos Asesinos De Chicos!!!<\/strong><\/p>\n<p><a href=\"https:\/\/partido-pirata.blogspot.com\/2010\/11\/llamado-la-solidaridad-para-escrachar.html\">Fuente: Partido Pirata Argentino<\/a><\/p>\n<p><em>Fabiana Arencibia, Red Eco Alternativo, Buenos Aires, 18\/11\/2010<\/em><\/p>\n<p><strong>La Huella del trabajo esclavo <\/strong>  \t  <\/p>\n<p>Mientras honramos deudas inventadas que benefician a \u201cclubes\u201d del primer mundo -pero no a la vida-, este modelo, que muchos piden profundizar, acaba de cobrarse una nueva v\u00edctima. Un ni\u00f1o de seis a\u00f1os muri\u00f3 de un c\u00e1ncer en su cabeza producto del trabajo esclavo manipulando agrot\u00f3xicos. <\/p>\n<p>Hoy, las tapas de los diarios nacionales reflejaban el \u201cesc\u00e1ndalo\u201d durante la sesi\u00f3n de ayer en la Comisi\u00f3n de Asuntos Constitucionales del Congreso, cuando una diputada sopape\u00f3 a su colega. En todos los canales de TV, los anti y los pro oficialistas se preocupaban por dar cuenta de las facturas que se pasaban parlamentarios, opositores y kirchneristas, por la fracasada sesi\u00f3n para aprobar la ley de presupuesto 2011.<\/p>\n<p>Otra de las noticias del d\u00eda era el rescate luego de siete horas, de una ni\u00f1a de 3 a\u00f1os que se cay\u00f3 en un pozo. En las im\u00e1genes aparec\u00eda, al estilo Sebasti\u00e1n Pi\u00f1eira, el gobernador bonaerense Daniel Sicioli listo para recibir a Vanesa cuando la sacaran.<\/p>\n<p>Pero la muerte de Ezequiel no estaba en las tapas de los diarios ni en la televisi\u00f3n. Ten\u00eda seis a\u00f1os y llevaba dos trabajando junto a sus padres. Lo de \u201ctrabajando\u201d es s\u00f3lo un eufemismo. Era esclavo junto a sus padres de Alejandra L\u00f3pez Camelo, presidenta de la empresa \u00abNuestra Huella\u00bb.<\/p>\n<p>Esta firma, l\u00edder en el mercado av\u00edcola y proveedora de grandes hipermercados, es responsable de trabajo esclavo e infantil, de alambrados electrificados, de trata y tr\u00e1fico de personas, tal como lo denuncian integrantes de la Fundaci\u00f3n Alameda y del Movimiento de Trabajadores Excluidos. L\u00f3pez Camelo es prima hermana del intendente de Pilar, Humberto Z\u00faccaro, y cu\u00f1ada del secretario general de la Uni\u00f3n Argentina de Trabajadores Rurales y Estibadores local (UATRE), Jorge Herrera. El ex intendente de esa ciudad, Sergio Bivort, es ahora abogado de su empresa. \u00bfAlguna duda de los por qu\u00e9 de la impunidad que la rodea?.<\/p>\n<p>Ezequiel Ferreyra (\u2026 y su apellido no hizo m\u00e1s que remitirme a Mariano, asesinado tambi\u00e9n pero por la burocracia sindical) muri\u00f3 el martes. Por su edad no forma parte de los 25 ni\u00f1os y ni\u00f1as que, antes de llegar al a\u00f1o, mueren diariamente en nuestro pa\u00eds por causas que son evitables, especialmente derivadas del hambre.<br \/>\nEzequiel lleg\u00f3 a Buenos Aires desde Misiones a fines de 2007 junto con su familia. Lo trajeron para que no muriera all\u00ed por la miseria y la pobreza. Pero la muerte lo alcanz\u00f3 en Buenos Aires. Su padre comenz\u00f3 a trabajar en \u201cLa Fern\u00e1ndez\u201d, una de las 70 granjas que son propiedad de la empresa \u00abNuestra Huella\u00bb. Pero para cumplir con el tope de la producci\u00f3n que los patrones le  impon\u00edan tuvo que incorporar a la faena a toda su familia.<\/p>\n<p>En esas granjas trabajan m\u00e1s de 200 ni\u00f1os y ni\u00f1as, entre la sangre y el guano de las gallinas, manipulando venenos con elementos cancer\u00edgenos. Ezequiel se fue enfermando entre jornada y jornada. Se dorm\u00eda en la escuela, hasta que a fines de setiembre se desmay\u00f3. Pero el tumor en su cabecita ya estaba. Y nada pudo evitar que creciera hasta matarlo.<\/p>\n<p>La empresa prohibi\u00f3 a sus padres que hablaran de lo que suced\u00eda con el ni\u00f1o. Les metieron miedo. Les dijeron que pod\u00edan ser acusados penalmente por abandono de persona y que la justicia podr\u00eda quitarles a sus otros hijos. Como para tranquilizar su \u00bfconciencia? pagaron el tratamiento del ni\u00f1o con premura. Con la misma rapidez que armaron el entierro para evitar que se investigara las causas de su muerte.<\/p>\n<p>Desde 2008, los costureros y cartoneros de la Alameda y el Movimiento de Trabajadores Excluidos (MTE) vienen juntando pruebas y moviliz\u00e1ndose para denunciar la esclavitud y el trabajo infantil en \u00abNuestra Huella\u00bb. Ayer se presentaron en el juzgado para pedir la autopsia del cuerpo de Ezequiel. Mientras los funcionarios judiciales deliberaban, al ni\u00f1o lo enterraban. All\u00ed estaban acompa\u00f1ando a sus padres, trabajadores de las granjas y tambi\u00e9n su due\u00f1a, la se\u00f1ora L\u00f3pez Camelo, supervisando todo.<\/p>\n<p>Gustavo Vera, de la Alameda, coment\u00f3 que una hora despu\u00e9s del entierro, el juzgado resolvi\u00f3 exhumarlo, poner custodia policial hasta que se terminaran los tr\u00e1mites, secuestrar la historia cl\u00ednica para tener el certificado de defunci\u00f3n original, trasladar el cuerpo de Ezequiel a la morgue de la capital y resolver qui\u00e9nes ser\u00e1n los peritos. <\/p>\n<p>Ni el Ministerio de Trabajo de la Naci\u00f3n, ni el de la Provincia de Buenos Aires hicieron absolutamente nada a pesar de las denuncias que se les presentaron hace tiempo. Este \u00faltimo s\u00f3lo se limit\u00f3 a cobrarle a \u00abNuestra Huella\u00bb una multa de un mill\u00f3n de pesos a pagar en c\u00f3modas cuotas a partir de enero de este a\u00f1o.<\/p>\n<p>No es que Ezequiel haya sido el primero. No es que con \u00e9l aparece la muerte de \u201c<em>la ni\u00f1ez arriesgada por la estrecha ganancia<\/em>\u201d, como dec\u00eda el querido Armando Tejada G\u00f3mez.<\/p>\n<p>Es el momento en que \u00e9sto sucede: esc\u00e1ndalos de palacio, un proyecto de presupuesto que prev\u00e9 para el pago de deuda m\u00e1s del doble de lo que destina a salud, un discurso acerca de las bondades de pagarle al \u00abClub de Paris\u00bb (mitad contra\u00edda por la dictadura y la otra mitad producto de un \u201cblindaje\u201d que permiti\u00f3 la fuga de capitales) y una apelaci\u00f3n constante a que profundicemos un modelo de pa\u00eds que acaba de matar a este ni\u00f1o. <\/p>\n<p><strong>Audios de Juan Grabois (MTE) y Gustavo Vera (Alameda)<\/strong><\/p>\n<p>&#8211; Audio 1 Muerte de Ezequiel Ferreyra, ni\u00f1o v\u00edctima de trabajo esclavo. <strong>Las evidencias de trabajo infantil:<\/strong><\/p>\n<p><a href=\"https:\/\/marina.swarpeca.es\/revista\/wp-content\/uploads\/2010\/11\/juan_grabois_sobre_las_evidencias.mp3\">Las evidencias de trabajo infantil<\/a><\/p>\n<p>&#8211; Audio 2 Muerte de Ezequiel Ferreyra, ni\u00f1o v\u00edctima de trabajo esclavo. <strong>El contexto de Nuestra Huella:<\/strong> <\/p>\n<p><a href=\"https:\/\/marina.swarpeca.es\/revista\/wp-content\/uploads\/2010\/11\/juan_grabois_describe_nuestra_huella.mp3\">El contexto de \u00abNuestra Huella\u00bb<\/a><\/p>\n<p>&#8211; Audio 3 Muerte de Ezequiel Ferreyra, ni\u00f1o v\u00edctima de trabajo esclavo. <strong>La connivencia judicial:<\/strong> <\/p>\n<p><a href=\"https:\/\/marina.swarpeca.es\/revista\/wp-content\/uploads\/2010\/11\/juan_grabois_sobre_connivencia_de_la_justicia.mp3\">La connivencia judicial<\/a><\/p>\n<p>&#8211; Audio 4 Muerte de Ezequiel Ferreyra, ni\u00f1o v\u00edctima de trabajo esclavo. <strong>La Inacci\u00f3n de los Ministerios:<\/strong> <\/p>\n<p><a href=\"https:\/\/marina.swarpeca.es\/revista\/wp-content\/uploads\/2010\/11\/gustavo_vera_inaccion_de_ministerio.mp3\">La inacci\u00f3n de los Ministerios<\/a><\/p>\n<p>&#8211; Audio 5 Muerte de Ezequiel Ferreyra, ni\u00f1o v\u00edctima de trabajo esclavo. <strong>Pedido de medidas precautorias:<\/strong> <\/p>\n<p><a href=\"https:\/\/marina.swarpeca.es\/revista\/wp-content\/uploads\/2010\/11\/gustavo_vera_medidas_precautorias.mp3\">Pedido de medidas precautorias<\/a><\/p>\n<p><a href=\"https:\/\/www.redeco.com.ar\/nv\/index.php\">Fuente: Red Eco Alternativo<\/a><\/p>\n<p><img loading=\"lazy\" decoding=\"async\" class=\" aligncenter size-full wp-image-1282\" src=\"https:\/\/marina.swarpeca.es\/revista\/wp-content\/uploads\/2010\/11\/explotacioninfantil.jpg\" alt=\"explotacioninfantil.jpg\" align=\"center\" width=\"307\" height=\"174\" srcset=\"https:\/\/marina.swarpeca.es\/revista\/wp-content\/uploads\/2010\/11\/explotacioninfantil.jpg 307w, https:\/\/marina.swarpeca.es\/revista\/wp-content\/uploads\/2010\/11\/explotacioninfantil-300x170.jpg 300w\" sizes=\"(max-width: 307px) 100vw, 307px\" \/><\/p>\n<p><strong>Explotadores asesinos<\/strong><\/p>\n<p>Por <strong>Julio Leiva<\/strong> (<em>unos d\u00edas antes de la muerte de Ezequiel<\/em>)<\/p>\n<p>Ezequiel Ferreira tiene siete a\u00f1os y se debate entre la vida y la muerte en la sala de terapia intensiva del Centro Gallego, a causa del trabajo infantil.<\/p>\n<p>Ezequiel fue explotado en la empresa rural \u00abNuestra Huella S.A.\u00bb desde los cinco a\u00f1os de edad, y all\u00ed contrajo c\u00e1ncer, producto de la manipulaci\u00f3n de agroqu\u00edmicos. En estos momentos, su infancia, su salud, su futuro, se esfuman producto de la codicia, la esclavitud y la corrupci\u00f3n de empresarios, pol\u00edticos y polic\u00edas.<\/p>\n<p>Ante la grav\u00edsima situaci\u00f3n del ni\u00f1o, abogados de la Alameda y el MTE presentaron ayer una denuncia penal contra la empresa av\u00edcola \u00abNuestra Huella S.A.\u00bb El propio Ezequiel reconoci\u00f3 en un video de agosto de 2008 que trabajaba de remover el guano de las gallinas y manipular el veneno proveido por la empresa que distribuye huevos a grandes cadenas de supermercado locales como \u00abWall Mart\u00bb y \u00abCarrefour\u00bb &#8230; La denuncia penal se present\u00f3 ante el fiscal federal de Campana, Orlando Bosco, en la causa que tramita en el juzgado Federal N\u00ba 2 de Campana, por trata de personas y reducci\u00f3n a la servidumbre en las granjas de la empresa \u00abNuestra Huella\u00bb.<\/p>\n<p>Los abogados de la Alameda y el MTE solicitaron la indagatoria urgente a los <strong>due\u00f1os de la empresa que son: Alejandra Lopez Camelo, Leticia Esther Garcia de Luaces y Luz Luaces<\/strong>. Asimismo se solicit\u00f3 a la justicia el secuestro de la historia cl\u00ednica de Ezequiel Ferreira y una urgente supervisi\u00f3n m\u00e9dica del Juzgado Federal que determine las causas del grav\u00edsimo estado en que se encuentra el ni\u00f1o y su vinculaci\u00f3n con la situaci\u00f3n de servidumbre a la que estaba sometido por la empresa.<\/p>\n<p>Parapetada junto a su cama, con una impunidad que asusta, Leticia Garc\u00eda de Luaces -propietaria de esa empresa asesina y explotadora de Ezequiel- vigila tenazmente los movimientos del nosocomio, dispuesta a todo para tapar las pruebas que deber\u00edan llevarla tras las rejas.<\/p>\n<p>Luaces y sus secuaces (su hija Luz y Alejandra L\u00f3pez Camelo) saben c\u00f3mo explotar la vulnerabilidad de familias migrantes extremadamente pobres, c\u00f3mo silenciarlos, c\u00f3mo perpetrar su dominio m\u00e1s all\u00e1 de las cercas de sus granjas.  Tambi\u00e9n saben c\u00f3mo comprar la complicidad de funcionarios, sindicalistas corruptos, polic\u00edas y profesionales.<\/p>\n<p>Es que la fortuna de los Luaces y la prosperidad de \u00abNuestra Huella\u00bb es producto de una aberrante trama de esclavitud, corrupci\u00f3n e impunidad que involucra importantes pol\u00edticos, sindicalistas corruptos de UATRE, agentes de la divisi\u00f3n trata de personal de la Polic\u00eda Federal, funcionarios del Ministerio de Trabajo.<\/p>\n<p><strong>\u00abNuestra Huella S.A.\u00bb, es la principal empresa av\u00edcola del pa\u00eds, con una facturaci\u00f3n que supera los 400 millones de pesos al a\u00f1o y exporta su producci\u00f3n al primer mundo. Cuenta con setenta granjas, cada una de las cuales tiene un promedio de cuatro galpones con unas 20.000 gallinas cada uno.<\/strong> <\/p>\n<p>El sistema de producci\u00f3n de la empresa se basaba en la contrataci\u00f3n \u201c<em>en blanco<\/em>\u201d de un trabajador por galp\u00f3n, generalmente un migrante boliviano o de alguna provincia del norte argentino. El trabajador deb\u00eda instalarse en la granja con su familia, que indefectiblemente se ve\u00eda obligada a trabajar mancomunadamente para alcanzar los cupos de producci\u00f3n exigidos por la empresa. <\/p>\n<p>Es decir, <strong>\u00abNuestra Huella\u00bb pagaba un sueldo y obten\u00eda el trabajo de la mujer y los hijos del empleado.<\/strong><\/p>\n<p>La imagen de Ezequiel Ferreira recorri\u00f3 el mundo cuando el Movimiento de Trabajadores Excluidos (MTE) y la Fundaci\u00f3n Alameda hicieron p\u00fablica una denuncia por explotaci\u00f3n infantil, reducci\u00f3n a servidumbre y trata de personas contra los directivos de \u00abNuestra Huella\u00bb. Fue el d\u00eda del ni\u00f1o de 2008, cuando un grupo de voluntarios se adentr\u00f3 en La Escondida, una de las granjas del horror ubicada dentro del exclusivo barrio Estancias del Pilar, para registrar las crudas im\u00e1genes de la explotaci\u00f3n infantil.<\/p>\n<p><strong>Explotaci\u00f3n infantil:<\/strong> Video realizado en agosto de 2008, cuando un grupo de miembros de la Alameda y el MTE disfrazados de Boy Scouts ingresaron a la granja La  Fernandez, con la excusa de repartir regalos el d\u00eda del ni\u00f1o y filmaron a los chicos trabajando: <strong>En el tramo que va del minuto 0.41\u201d al 1.05\u201d Ezequiel Ferreira cuenta c\u00f3mo trabaja en la granja entre el guano y la sangre<\/strong>.<\/p>\n<p><embed src=\"https:\/\/www.youtube.com\/v\/lRVfheR6A_o?fs=1&#038;hl=es_ES&#038;rel=0\" type=\"application\/x-shockwave-flash\" allowscriptaccess=\"always\" allowfullscreen=\"true\" width=\"425\" height=\"344\"><\/embed><\/p>\n<p><a href=\"https:\/\/www.chequeenblanco.com\/index.php?option=com_content&#038;view=article&#038;id=353:explotadores-asesinos-&#038;catid=21:sin-categoria&#038;Itemid=15\">Fuente: Cheque en Blanco<\/a><\/p>\n<p><img loading=\"lazy\" decoding=\"async\" class=\" aligncenter size-full wp-image-1283\" src=\"https:\/\/marina.swarpeca.es\/revista\/wp-content\/uploads\/2010\/11\/nuestra_huella.jpg\" alt=\"nuestra_huella.jpg\" align=\"center\" width=\"564\" height=\"292\" srcset=\"https:\/\/marina.swarpeca.es\/revista\/wp-content\/uploads\/2010\/11\/nuestra_huella.jpg 564w, https:\/\/marina.swarpeca.es\/revista\/wp-content\/uploads\/2010\/11\/nuestra_huella-300x155.jpg 300w\" sizes=\"(max-width: 564px) 100vw, 564px\" \/><\/p>\n<p><strong>Falleci\u00f3 el ni\u00f1o esclavo en la empresa \u201c<em>Nuestra Huella<\/em>\u201d <\/strong> <\/p>\n<p><strong>Muri\u00f3 el ni\u00f1o de seis a\u00f1os que desde los cuatro era esclavizado por la empresa av\u00edcola, \u00abNuestra Huella\u00bb. El lunes de la semana pasada lo hab\u00edan vuelto a operar, pero el tumor ya le hab\u00eda ocupado todo el cerebro. Su corta vida transcurri\u00f3 la mayor parte de su tiempo entre la sangre y el guano de las gallinas y manipulando venenos con elementos cancer\u00edgenos de la empresa para cumplir a rajatabla con los topes de producci\u00f3n que le impon\u00edan a su familia.<\/strong><\/p>\n<p>Desde la organizaci\u00f3n La Alameda informan que \u201c<em>la empresa se dispone a hacer desaparecer las evidencias y pretende trasladar r\u00e1pidamente el cuerpo de Ezequiel y quiz\u00e1s cremarlo<\/em>\u201d.<\/p>\n<p>El ni\u00f1o fue tra\u00eddo junto a su familia desde Misiones a fines de 2007 por uno de los reclutadores que opera al servicio de la presidenta de la empresa Nuestra Huella, Alejandra L\u00f3pez Camelo, y que cobraba 2500 pesos por cada familia. \u201c<em>La promesa era dejar la pobreza extrema de Misiones, por un trabajo estable y una casa segura. Los costos del traslado correr\u00edan por cuenta de la empresa<\/em>\u201d, explic\u00f3 Gustavo Vera de la organzaci\u00f3n La Asamblea al ser entrevistado por La Palangana.<\/p>\n<p>Al llegar a la granja \u00abLa Fern\u00e1ndez\u00bb, la situaci\u00f3n distaba mucho de lo prometido. Al padre lo pusieron a cargo de uno de los galpones, donde deb\u00eda juntar miles de huevos por d\u00eda, remover guano, juntar la sangre y distribuir el veneno. <strong>El tope de producci\u00f3n que le impon\u00eda la empresa era imposible de cumplir sin involucrar al resto del grupo familiar, lo cual era estimulado por los capataces de la empresa<\/strong>. Si no se cumpl\u00eda ese tope se corr\u00eda el riesgo de quedar sin trabajo y en la calle, esta vez a miles de kil\u00f3metros del lugar de origen y los conocidos. En condiciones normales all\u00ed tendr\u00edan que trabajar entre cuatro o cinco personas. As\u00ed que primero la esposa y luego los ni\u00f1os comenzaron a involucrarse en esas jornadas infernales de producci\u00f3n en el galp\u00f3n.<\/p>\n<p>Lo mismo pasaba en los galpones vecinos, donde ya estaba <strong>naturalizado que todos los grupos familiares trabajen a destajo, pero s\u00f3lo para conformar el salario del padre, un salario m\u00e1s bajo que el de un pe\u00f3n rural<\/strong>. Cientos de familias m\u00e1s, son esclavizadas del mismo modo en unas 70 granjas dispersas por Pilar, Zarate, Campana, Exaltaci\u00f3n de la Cruz y C\u00f3rdoba donde much\u00edsimos chicos est\u00e1n expuestos a correr la misma suerte. Esas granjas son propiedad de \u201cNuestra Huella\u201d, una empresa que gozaba de prestigio y liderazgo en el mercado av\u00edcola y que ten\u00eda clientes poderosos como Wall Mart y Carrefour, hasta que comenz\u00f3 a conocerse su costado m\u00e1s oscuro: trabajo esclavo e infantil, alambrados electrificados, trata y tr\u00e1fico de personas.<\/p>\n<p>Las horas y horas de filmaci\u00f3n de trabajo infantil durante el 2008, 2009 y 2010, la granja allanada con la gente esclavizada y la alambrada electrificada, las <strong>30 granjas de la empresa donde el Ministerio de Trabajo constat\u00f3 fehacientemente trabajo infantil en Nuestra Huella<\/strong>, los m\u00e1s de cuarenta testimonios de v\u00edctimas de la empresa, las filmaciones de las persecuciones y los intentos de sobornos a los denunciantes, los datos precisos de los reclutadores, nada, absolutamente nada fue suficiente para que la Jueza de Garant\u00edas en lo Penal de Campana, <em> <strong>Graciela Cione<\/strong> <\/em>, y el juez Federal II de Z\u00e1rate y Campana, <em> <strong>Adri\u00e1n Charbay<\/strong> <\/em>, hicieran justicia en las causas por reducci\u00f3n a la servidumbre y trabajo infantil y trata laboral y trafico de personas respectivamente.<\/p>\n<p><a href=\"https:\/\/www.fm1037online.com\/index.php?option=com_content&#038;view=article&#038;id=1118:fallecio-el-nino-esclavo-en-la-empresa-nuestra-huella&#038;catid=52:noticias\">Fuente: 103.7 on line<\/a><\/p>\n<p><img loading=\"lazy\" decoding=\"async\" class=\" aligncenter size-full wp-image-1284\" src=\"https:\/\/marina.swarpeca.es\/revista\/wp-content\/uploads\/2010\/11\/asesinato_infantil.jpg\" alt=\"asesinato_infantil.jpg\" align=\"center\" width=\"330\" height=\"262\" srcset=\"https:\/\/marina.swarpeca.es\/revista\/wp-content\/uploads\/2010\/11\/asesinato_infantil.jpg 330w, https:\/\/marina.swarpeca.es\/revista\/wp-content\/uploads\/2010\/11\/asesinato_infantil-300x238.jpg 300w\" sizes=\"(max-width: 330px) 100vw, 330px\" \/><\/p>\n<p><strong>Parec\u00eda que se hab\u00eda acabado la esclavitud pero &#8230;<\/strong><\/p>\n<p><strong>Un chico de 7 a\u00f1os qued\u00f3 internado en un centro asistencial de Capital Federal para ser tratado por un c\u00e1ncer que contrajo luego de manipular agroqu\u00edmicos, en una granja av\u00edcola en la que trabaja y que fue denunciada por \u201c<em>trabajo esclavo<\/em>\u201d<\/strong>.<\/p>\n<p>Se trata de Ezequiel Ferreira, que habr\u00eda sido tra\u00eddo junto a su familia desde Misiones en 2008, seducidos por la promesa de casa y comida digna, aunque al llegar a la localidad bonaerense de Campana, donde est\u00e1 la granja, se encontr\u00f3 con otra realidad.<\/p>\n<p>As\u00ed lo denunciaron la <em>Asociaci\u00f3n Civil La Alameda<\/em> y el <em>Movimiento de Trabajadores Excluidos<\/em> (MTE), ante la Justicia y frente al Centro Gallegos, ubicado en Balvanera, donde Ezequiel qued\u00f3 internado en Terapia Intensiva.<\/p>\n<p>La denuncia penal fue efectuada ante el fiscal de Campana, Orlando Bosco, contra las due\u00f1as de la empresa av\u00edcola Nuestra Huella, <strong>Alejandra L\u00f3pez Camelo<\/strong>, <strong>Leticia Esther Garc\u00eda de Luaces<\/strong> y <strong>Luz Luaces<\/strong>.<\/p>\n<p>As\u00ed, esta denuncia se sum\u00f3 a la causa que investiga a las tres empresarias en el Juzgado Federal 2 de ese mismo partido, a cargo del magistrado Adri\u00e1n Gonz\u00e1lez Chavay, a ra\u00edz de otros casos de reducci\u00f3n a la servidumbre, delito tambi\u00e9n conocido como \u00ab<em>trabajo esclavo<\/em>\u00ab.<\/p>\n<p>La Alameda y el MTE precisaron que el chico de 7 a\u00f1os trabajaba en la granja en la remoci\u00f3n del guano de gallinas y manipulaba un agroqu\u00edmico provisto por la empresa av\u00edcola, que distribuye huevos en cadenas de hipermercados.<\/p>\n<p>La Asociaci\u00f3n y el Movimiento destacaron que \u00abNuestra Huella\u00bb es una de las principales empresas av\u00edcolas del pa\u00eds, con una facturaci\u00f3n anual que supera los 400 millones de pesos provenientes de los cuatro galpones con 20.000 gallinas cada uno.<\/p>\n<p>El titular de La Alameda, Gustavo Vera , cont\u00f3 que el ni\u00f1o trabajaba en la granja conocida como \u00abLa Fern\u00e1ndez\u00bb y subray\u00f3 que el menor de edad \u00ab<em>fue tra\u00eddo desde Misiones con toda su familia para trabajar, a principios de 2008<\/em>\u00ab.<\/p>\n<p>\u00ab<em>Trabajan all\u00ed el padre, la madre embarazada y dos hermanitos del ni\u00f1o<\/em>\u00ab, dijo Vera, y afirm\u00f3 que \u00ab<em>las empresas suelen hacer eso, les prometen casa y comida a cambio de dinero y cuando vienen ac\u00e1 se dan cuenta de que para eso tiene que trabajar toda la familia<\/em>\u00ab. Vera sostuvo que \u00ab<em>cada granja est\u00e1 a cargo de una familia y la empresa, as\u00ed, se ahorra sueldos<\/em>\u00ab.<\/p>\n<p>\u00ab<em>En septiembre de 2008 el ministerio de Trabajo bonaerense mult\u00f3 por 1 mill\u00f3n de pesos a esta empresa por trabajo infantil<\/em>\u00ab, record\u00f3 Vera, y dijo que \u00ab<em>ese a\u00f1o difundimos un video donde se ve a la familia del ni\u00f1o. Ellos siguen all\u00ed, pero en la granja La Mimosa, donde los trasladaron despu\u00e9s del video<\/em>\u00ab.<\/p>\n<p>El C\u00f3digo Penal, en tanto, prev\u00e9 prisi\u00f3n de 4 a 10 a\u00f1os para los autores del delito de reducci\u00f3n a la servidumbre.<\/p>\n<p>(Fuente:https:\/\/www.minutouno.com.ar\/minutouno\/nota\/137774-internaron-a-un-chico-por-un-cancer-contraido-por-trabajo-esclavo\/)<\/p>\n<p>Realmente parece mentira q esto ocurra.<\/p>\n<p>Esta empresa av\u00edcola \u00abNuestra Huella\u00bb q factura anualmente m\u00e1s de 400 millones de pesos de los cuatro galpones con 20.000 gallinas cada uno, es la responsable q este pobre chiquito de escasos 7 a\u00f1os est\u00e9 internado en el htal en terapia intensiva porque padece de c\u00e1ncer, q lo contrajo trabajando ah\u00ed.<\/p>\n<p>Su familia viv\u00eda en Misiones y enga\u00f1\u00e1ndolos dici\u00e9ndoles q tendr\u00edan casa y comida dignas vinieron a esta granja q tiene la empresa en cuesti\u00f3n.<\/p>\n<p>Ya ac\u00e1, en Pvcia de Bs. As. la cosa cambi\u00f3 y toda la familia tuvo q trabajar: madre embarazada, padre y dos hermanitos del ni\u00f1o.<br \/>\nLa realidad es escalofriante, ya q lo hac\u00edan trabajar al peque\u00f1o para remover guano de las gallinas y le daban, para q lo usara, un agroqu\u00edmico q fue el q le produjo semejante enfermedad.<br \/>\nHay tbm otros casos de empresas q act\u00faan igual y ser\u00e1n investigadas, ya q les prometen casa y comida a cambio de dinero pero, cuando vienen de sus provincias se encuentran con q todos los miembros de la familia deben trabajar, a\u00fan los ni\u00f1os.<\/p>\n<p>Este caso fue denunciado judicialmente por La Alameda (Asociaci\u00f3n Civil) y el Movimiento de Trabajadores Exclu\u00eddos.<\/p>\n<p>Esta empresa av\u00edcola, como otras similares, tiene la costumbre de atrapar as\u00ed a los pobres necesitados y mantiene cada granja con una familia y la empresa, ahorrando as\u00ed los sueldos.<\/p>\n<p>El C\u00f3digo Penal parece prev\u00e9e una prisi\u00f3n de 4 a 10 a\u00f1os y la verdad q es poco, seg\u00fan mi criterio.<\/p>\n<p>Estos al igual q el resto de los grandes del campo son los q normalmente se quejan cuando algo les aumenta, pero no s\u00f3lo tienen empleados en negro sino, algunos bajo trabajo insalubre al punto tal, de contraer como en este caso c\u00e1ncer y para colmo de males, no es bueno para nadie pero en una criaturita as\u00ed, da m\u00e1s pena a\u00fan.<\/p>\n<p>Las ansias de poder los corroe hasta llegar a esto, se cobran vidas, esto deber\u00eda pagarse con m\u00e1s de 10 a\u00f1os porque a la madre y padre nadie le devuelve la salud de su hijo.<\/p>\n<p>Espero se haga justicia.!!!<\/p>\n<p>Siempre cuando se habla de los del campo, hablo los adinerados, se asocia inmediatamnete con \u00ab<em>ombligos del mundo<\/em>\u00bb pero \u00e9stos hasta pasaron esas barreras, convierten a las familias en esclavos de ellos.<\/p>\n<p>Basta ya de injusticias. Lo q hacen no tiene adjetivos peyorativos q alcancen. Peor q basura son, porque no trabajan ellos!!!<\/p>\n<p>Ruego porque ese inocente se salve y sufra lo menos posible!!!<\/p>\n<p><strong>Visi\u00f3n Siete: Ni\u00f1os explotados<\/strong><\/p>\n<p><embed src=\"https:\/\/www.youtube.com\/v\/c-BRzxhh8lg?fs=1&#038;hl=es_ES&#038;rel=0\" type=\"application\/x-shockwave-flash\" allowscriptaccess=\"always\" allowfullscreen=\"true\" width=\"425\" height=\"344\"><\/embed><\/p>\n<p><a href=\"https:\/\/www.youtube.com\/user\/TVPublicaArgentina\">TVPublicaArgentina<\/a>|08 de noviembre de 2010: <strong>Grave denuncia de la Ong. <em>La Alameda<\/em> a la empresa \u00abNuestra Huella\u00bb, por explotaci\u00f3n infantil en las granjas de la firma av\u00edcola. Entrevista a Gustavo Vera, titular de <em>La Alameda<\/em>. Emitido por Visi\u00f3n Siete, noticiero de la<\/strong> <a href=\"https:\/\/www.tvpublica.com.ar\">TV P\u00fablica argentina<\/a>, <strong>el lunes 8 de noviembre de 2010<\/strong>. <\/p>\n<p><a href=\"https:\/\/www.taringa.net\/posts\/apuntes-y-monografias\/7886438\/Parecia-que-se-habia-acabado-la-esclavitud-pero-___.html\">Fuente: Taringa!<\/a><\/p>\n<p><img loading=\"lazy\" decoding=\"async\" class=\" aligncenter size-full wp-image-1285\" src=\"https:\/\/marina.swarpeca.es\/revista\/wp-content\/uploads\/2010\/11\/bicentenario.jpg\" alt=\"bicentenario.jpg\" align=\"center\" width=\"400\" height=\"267\" srcset=\"https:\/\/marina.swarpeca.es\/revista\/wp-content\/uploads\/2010\/11\/bicentenario.jpg 400w, https:\/\/marina.swarpeca.es\/revista\/wp-content\/uploads\/2010\/11\/bicentenario-300x200.jpg 300w\" sizes=\"(max-width: 400px) 100vw, 400px\" \/><\/p>\n<p>(26 de noviembre de 2010)<\/p>\n","protected":false},"excerpt":{"rendered":"<p>Hace una semana se consumaba el asesinato, el ni\u00f1o Ezequiel Ferreira fallec\u00eda a consecuencia de un tumor cerebral provocado por las inhumanas condiciones en que fue esclavizado, en una granja bonarense de la \u00abempresa\u00bb <em>Nuestra Huella<\/em>, junto con sus padres, tra\u00eddos con enga\u00f1o y premeditaci\u00f3n desde la provincia de Misiones a fines del a\u00f1o 2007. Para cubrir el tope m\u00ednimo de producci\u00f3n exigido por la \u00abempresa\u00bb, al igual que los restantes contratados por un salario inferior al de pe\u00f3n, el padre de Ezequiel tuvo que involucrar a toda su familia en el r\u00e9gimen esclavista impuesto por Alejandra L\u00f3pez Camelo, presidenta de Nuestra Huella, las otras dos propietarias (Leticia Esther Garc\u00eda de Luaces y su hija Luz Luaces) y otros indeseables, <a href=\"http:\/\/herbogeminis.com\/IMG\/pdf\/denuncia_nuestra_huella.pdf\">denunciados todos en agosto de 2008 por Fundaci\u00f3n Alameda y MTE (Movimiento de Trabajadores Exclu\u00eddos)<\/a>, como en su momento reflejaron los <a href=\"http:\/\/herbogeminis.com\/IMG\/pdf\/ezequiel_ferreira.pdf\">medios de comunicaci\u00f3n social<\/a> -no los monop\u00f3licos o sucursales\/portavoces de multinacionales, igualmente c\u00f3mplices de los cr\u00edmenes, que han seguido callando ante las sucesivas denuncias, asesinato de Ezequiel inclu\u00eddo. Toda una mara\u00f1a de jueces, funcionarios, pol\u00edticos, polic\u00edas y abogados y otros <em>profesionales<\/em> del crimen, corruptos y corruptores, han permitido y siguen permitiendo -mientras todos lo toleramos, en definitiva- que estos profesionales del terror y otros derechos humanos &#8211;ll\u00e1mense empresarios, jueces, &#8230; y dem\u00e1s delincuentes&#8211; sigan asesinando impunemente a ni\u00f1os y ni\u00f1as, mujeres y adultos de ambos g\u00e9neros y cualquier edad o nacionalidad. Para vender, sus huevos en este caso, en supermercados transnacionales que impunemente comemos tambi\u00e9n en la Uni\u00f3n Europea. Sigamos al menos el llamado del Partido Pirata Argentino. Y aunque s\u00f3lo sea para evitar la sistem\u00e1tica generalizaci\u00f3n de las condiciones esclavistas de producci\u00f3n de Nuestra Huella S. A. a las restantes \u00ab<em>empresas<\/em>\u00bb y sectores tanto en el Sur como en el Norte de la impuesta globalizaci\u00f3n neoliberal, tal y como ya estamos todos padeciendo. <\/p>\n","protected":false},"author":1,"featured_media":1276,"comment_status":"closed","ping_status":"open","sticky":false,"template":"","format":"standard","meta":{"footnotes":""},"categories":[5],"tags":[],"_links":{"self":[{"href":"https:\/\/marina.swarpeca.es\/revista\/wp-json\/wp\/v2\/posts\/1286"}],"collection":[{"href":"https:\/\/marina.swarpeca.es\/revista\/wp-json\/wp\/v2\/posts"}],"about":[{"href":"https:\/\/marina.swarpeca.es\/revista\/wp-json\/wp\/v2\/types\/post"}],"author":[{"embeddable":true,"href":"https:\/\/marina.swarpeca.es\/revista\/wp-json\/wp\/v2\/users\/1"}],"replies":[{"embeddable":true,"href":"https:\/\/marina.swarpeca.es\/revista\/wp-json\/wp\/v2\/comments?post=1286"}],"version-history":[{"count":0,"href":"https:\/\/marina.swarpeca.es\/revista\/wp-json\/wp\/v2\/posts\/1286\/revisions"}],"wp:featuredmedia":[{"embeddable":true,"href":"https:\/\/marina.swarpeca.es\/revista\/wp-json\/wp\/v2\/media\/1276"}],"wp:attachment":[{"href":"https:\/\/marina.swarpeca.es\/revista\/wp-json\/wp\/v2\/media?parent=1286"}],"wp:term":[{"taxonomy":"category","embeddable":true,"href":"https:\/\/marina.swarpeca.es\/revista\/wp-json\/wp\/v2\/categories?post=1286"},{"taxonomy":"post_tag","embeddable":true,"href":"https:\/\/marina.swarpeca.es\/revista\/wp-json\/wp\/v2\/tags?post=1286"}],"curies":[{"name":"wp","href":"https:\/\/api.w.org\/{rel}","templated":true}]}}