{"id":1273,"date":"2010-11-17T07:44:05","date_gmt":"2010-11-17T07:44:05","guid":{"rendered":"https:\/\/marina.swarpeca.es\/revista\/2010\/11\/17\/el-79-de-la-poblacion-en-el-estado-espanol-respira-aire-contaminado\/"},"modified":"2010-11-17T07:44:05","modified_gmt":"2010-11-17T07:44:05","slug":"el-79-de-la-poblacion-en-el-estado-espanol-respira-aire-contaminado","status":"publish","type":"post","link":"https:\/\/marina.swarpeca.es\/revista\/el-79-de-la-poblacion-en-el-estado-espanol-respira-aire-contaminado\/","title":{"rendered":"El 79% de la poblaci\u00f3n en el estado espa\u00f1ol respira aire contaminado"},"content":{"rendered":"<p>La organizaci\u00f3n medioambientalista destaca igualmente que la situaci\u00f3n contin\u00faa la tendencia de ligera mejor\u00eda ya iniciada en 2008, sobre todo por el efecto de la crisis; del mismo modo, que el principal agente contaminador del aire es el tr\u00e1fico en las zonas metropolitanas. Y, por \u00faltimo, que a pesar de la  <a href=\"https:\/\/marina.swarpeca.es\/revista\/IMG\/pdf\/contaminacion_ambiental_cancer.pdf\">gravedad de la situaci\u00f3n<\/a>, las diferentes administraciones p\u00fablicas no est\u00e1n adoptando las medidas necesarias para solventar este problema.<\/p>\n<p>El estudio, realizado como cada a\u00f1o por <em>Ecologistas en Acci\u00f3n<\/em>, analiza la calidad del aire que respira la pr\u00e1ctica totalidad de la poblaci\u00f3n que vive en el estado (46,7 millones de personas en enero de 2009). Los datos hechos p\u00fablicos provienen de los que facilitan las administraciones auton\u00f3micas a partir de sus redes de medici\u00f3n de la contaminaci\u00f3n.<\/p>\n<p>Como datos que <em>Ecologistas en Acci\u00f3n<\/em> destaca del estudio presentado, se encuentran los siguientes:<\/p>\n<p>    * Los contaminantes que m\u00e1s problemas de salud han originado en el Estado espa\u00f1ol durante 2009 son las part\u00edculas en suspensi\u00f3n (PM10 y PM2,5), el ozono troposf\u00e9rico (O3) y el di\u00f3xido de nitr\u00f3geno (NO2). Para la valoraci\u00f3n del porcentaje de poblaci\u00f3n que respira aire contaminado s\u00f3lo se han tenido en cuenta las part\u00edculas m\u00e1s grandes, PM10, y el NO2.<\/p>\n<p>    * La poblaci\u00f3n que respira aire contaminado en el Estado espa\u00f1ol, seg\u00fan los valores l\u00edmite establecidos por la <a href=\"https:\/\/marina.swarpeca.es\/revista\/IMG\/pdf\/directiva_2008-50.pdf\">Directiva 2008\/50\/CE<\/a>, es de 6,4 millones de personas, un 14% de la poblaci\u00f3n. Si se tienen en cuenta los valores recomendados por la OMS, la poblaci\u00f3n que respira aire contaminado se incrementa, en cambio, hasta un m\u00ednimo de 36,9 millones de personas. Es decir, un 79% de la poblaci\u00f3n, o 4 de cada 5 ciudadanos.<\/p>\n<p>    * La principal fuente de contaminaci\u00f3n en \u00e1reas urbanas (donde vive la mayor parte de la poblaci\u00f3n) es el tr\u00e1fico.<\/p>\n<p>    * Al igual que en 2008, durante 2009 se aprecia una reducci\u00f3n de los niveles de contaminaci\u00f3n con respecto a a\u00f1os precedentes, lo que tambi\u00e9n sucede m\u00e1s por razones coyunturales que por la aplicaci\u00f3n de medidas planificadas y orientadas a reducir esta poluci\u00f3n. <\/p>\n<p>Entre las causas de esta situaci\u00f3n destacan: la reducci\u00f3n de la movilidad originada por la crisis (el consumo de combustibles de automoci\u00f3n baj\u00f3 un 5,1% en 2009); la disminuci\u00f3n del consumo el\u00e9ctrico asimismo debido a la crisis, lo que conllev\u00f3 un menor funcionamiento de las centrales t\u00e9rmicas (13% menos); una meteorolog\u00eda m\u00e1s inestable que a\u00f1os precedentes (lo que favorece la dispersi\u00f3n de contaminantes); y por \u00faltimo, ciertos cambios en el parque automovil\u00edstico, con tendencia hacia veh\u00edculos m\u00e1s peque\u00f1os y eficientes y, por tanto, menos contaminadores (en 2009 se increment\u00f3 la venta de estos veh\u00edculos un 42%, mientras que descendieron todos los dem\u00e1s tipos y el n\u00famero total de coches en un 18% con respecto a 2008).<\/p>\n<p>Ecologistas en Acci\u00f3n subraya que la contaminaci\u00f3n del aire es un asunto muy grave \u2013el Ministerio de Medio Ambiente y Medio Rural y Marino cifra en 16.000 el n\u00famero de muertes prematuras anuales en el Estado espa\u00f1ol, mientras que la Comisi\u00f3n Europea calcula que 400.000 personas fallecen en la Uni\u00f3n Europea de los 27 cada a\u00f1o por esta misma causa. A pesar de ello, las administraciones no est\u00e1n tomando las medidas necesarias para solucionarlo. En particular:<\/p>\n<p>    * Las superaciones de los l\u00edmites legales se vienen repitiendo de forma sistem\u00e1tica en los \u00faltimos a\u00f1os. La Comisi\u00f3n Europea inici\u00f3, en enero de 2009, un procedimiento de infracci\u00f3n contra el estado espa\u00f1ol por el incumplimiento de la normativa sobre calidad del aire [[<strong>La Comisi\u00f3n Europea inicia un procedimiento de infracci\u00f3n contra Espa\u00f1a por la contaminaci\u00f3n del aire<\/strong><\/p>\n<p>Jueves <em>29 de enero de 2009<\/em> <\/p>\n<p>Tal y como viene denunciando repetidamente Ecologistas en Acci\u00f3n, <strong>la contaminaci\u00f3n del aire en el Estado espa\u00f1ol incumple los l\u00edmites legales para la protecci\u00f3n de la salud<\/strong>. La mayor parte de las Comunidades Aut\u00f3nomas niegan esta situaci\u00f3n y no toman las medidas adecuadas para subsanarla. Pues bien, por este motivo la Comisi\u00f3n Europea acaba de iniciar un procedimiento de infracci\u00f3n contra Espa\u00f1a y otros nueve Estados miembros.<\/p>\n<p>Ecologistas en Acci\u00f3n viene evaluando a\u00f1o tras a\u00f1o la calidad del aire en el Estado espa\u00f1ol. En sus estudios, basados en datos oficiales, se demuestra c\u00f3mo <strong>la mitad de la poblaci\u00f3n espa\u00f1ola respira aire con \u00edndices de contaminaci\u00f3n superiores a los legalmente permitidos<\/strong>. Esto tiene unas consecuencias dram\u00e1ticas: el propio Ministerio de Medio Ambiente y Medio Rural y Marino calcula que por este motivo fallecen de forma prematura en Espa\u00f1a nada menos que 16.000 personas cada a\u00f1o.<br \/>\nSin embargo, esta evidencia es negada una y otra vez por la mayor parte de las Administraciones Auton\u00f3micas, que son las competentes en esta materia, a menudo acusando a Ecologistas en Acci\u00f3n de exagerar los datos o crear una alarma social injustificada.<\/p>\n<p>La \u00fanica forma de conseguir reducciones en los niveles de contaminaci\u00f3n pasa por la elaboraci\u00f3n y puesta en pr\u00e1ctica de planes de mejora de la calidad del aire, tal y como exige la ley. Sin embargo, en la actualidad la mayor\u00eda de las ciudades y \u00e1reas metropolitanas espa\u00f1olas contin\u00faan sin un plan efectivo de reducci\u00f3n de la contaminaci\u00f3n.<\/p>\n<p>Muchos de los planes presentados hasta ahora parecen m\u00e1s una simple justificaci\u00f3n ante la exigencia legislativa y las demandas sociales al respecto, y obvian cu\u00e1l es su verdadera finalidad: conseguir reducciones en los \u00edndices de contaminaci\u00f3n, lo que a menudo es sin\u00f3nimo de reducciones en el tr\u00e1fico de autom\u00f3viles \u2013se calcula que cerca del <strong>80% de la contaminaci\u00f3n de las ciudades es debida al coche<\/strong>. Tambi\u00e9n es de destacar la influencia de determinadas instalaciones industriales en algunas zonas sobre la mala calidad del aire, aunque la situaci\u00f3n m\u00e1s generalizada es la que tiene al tr\u00e1fico como principal agente contaminador.<\/p>\n<p>Por su parte, el Gobierno central tampoco toma las medidas necesarias para poner fin a esta situaci\u00f3n. Si la principal fuente de contaminaci\u00f3n es el tr\u00e1fico, las medidas l\u00f3gicas por parte del Gobierno ser\u00eda, por un lado, suspender su masiva pol\u00edtica de construcci\u00f3n de autov\u00edas que sigue el Ministerio de Fomento, que no hace sino animar a m\u00e1s personas cada d\u00eda a usar el coche. Y por otro, elaborar con urgencia una <strong> <em>Ley de Movilidad Sostenible<\/em> <\/strong>, algo que no parece que vaya a ocurrir, puesto que el Gobierno se acaba de decantar por elaborar una Estrategia, sin capacidad coercitiva.<\/p>\n<p>Ecologistas en Acci\u00f3n denuncia la tremenda y llamativa pasividad de la mayor parte de las Administraciones ante este grave problema de la contaminaci\u00f3n del aire. Ahora se inicia un procedimiento de infracci\u00f3n de la Comisi\u00f3n Europea por incumplimiento de la normativa relativa a las part\u00edculas en suspensi\u00f3n. Pero, tal y como est\u00e1n las cosas, ser\u00e1 muy dif\u00edcil que el Estado espa\u00f1ol cumpla con los objetivos marcados por la legislaci\u00f3n para el a\u00f1o 2010, de car\u00e1cter m\u00e1s restrictivo que los actuales para contaminantes como los \u00f3xidos de nitr\u00f3geno. Mientras tanto, la poblaci\u00f3n seguir\u00e1 sufriendo tremendos problemas de salud.<\/p>\n<p><a href=\"https:\/\/www.ecologistasenaccion.org\/spip.php?article13442\">Fuente: Ecologistas en Acci\u00f3n<\/a>.]].<\/p>\n<p>    * La informaci\u00f3n al ciudadano no es ni adecuada ni ajustada a la gravedad del problema.<\/p>\n<p>    * Los Planes de Mejora de la Calidad del Aire y los Planes de Acci\u00f3n para reducir esta contaminaci\u00f3n, obligatorios seg\u00fan la legislaci\u00f3n vigente, en muchos casos no existen, y en otros apenas si tienen efectividad por falta de voluntad pol\u00edtica para acometer medidas estructurales.<\/p>\n<p>Ecologistas en Acci\u00f3n recuerda que las principales v\u00edas de actuaci\u00f3n para reducir la contaminaci\u00f3n del aire pasan por la disminuci\u00f3n del tr\u00e1fico motorizado, la reducci\u00f3n de la necesidad de movilidad y la potenciaci\u00f3n del transporte p\u00fablico (en especial el el\u00e9ctrico), adem\u00e1s de dar facilidades a los medios no motorizados en las ciudades. <\/p>\n<p>Para mejorar el aire de las zonas industriales, la mejor estrategia es la adopci\u00f3n generalizada de las mejores tecnolog\u00edas industriales disponibles para la reducci\u00f3n de la contaminaci\u00f3n.<\/p>\n<p>(17 de noviembre de 2010)<\/p>\n","protected":false},"excerpt":{"rendered":"<p><em>Ecologistas en Acci\u00f3n<\/em> ha presentado, la semana pasada, su <a href=\"http:\/\/marina.swarpeca.es\/IMG\/pdf\/pdf_aire2009_2_.pdf\">informe sobre la calidad del aire en el Estado espa\u00f1ol durante 2009<\/a>. Entre las conclusiones m\u00e1s relevantes del trabajo, se desprende que -aunque seg\u00fan los l\u00edmites de contaminaci\u00f3n que marca la legislaci\u00f3n 6,4 millones de personas (14% de la poblaci\u00f3n) respiran aire contaminado-, sin embargo el 79% de personas que viven en el estado respira aire que supera los \u00edndices de <a href=\"http:\/\/marina.swarpeca.es\/IMG\/zip\/contaminacion_aire_y_salud.zip\">protecci\u00f3n a la salud<\/a> recomendados por la <a href=\"http:\/\/marina.swarpeca.es\/IMG\/pdf\/health_and_environment.pdf\">Organizaci\u00f3n Mundial de la Salud<\/a>.<\/p>\n","protected":false},"author":1,"featured_media":1272,"comment_status":"closed","ping_status":"open","sticky":false,"template":"","format":"standard","meta":{"footnotes":""},"categories":[5],"tags":[],"_links":{"self":[{"href":"https:\/\/marina.swarpeca.es\/revista\/wp-json\/wp\/v2\/posts\/1273"}],"collection":[{"href":"https:\/\/marina.swarpeca.es\/revista\/wp-json\/wp\/v2\/posts"}],"about":[{"href":"https:\/\/marina.swarpeca.es\/revista\/wp-json\/wp\/v2\/types\/post"}],"author":[{"embeddable":true,"href":"https:\/\/marina.swarpeca.es\/revista\/wp-json\/wp\/v2\/users\/1"}],"replies":[{"embeddable":true,"href":"https:\/\/marina.swarpeca.es\/revista\/wp-json\/wp\/v2\/comments?post=1273"}],"version-history":[{"count":0,"href":"https:\/\/marina.swarpeca.es\/revista\/wp-json\/wp\/v2\/posts\/1273\/revisions"}],"wp:featuredmedia":[{"embeddable":true,"href":"https:\/\/marina.swarpeca.es\/revista\/wp-json\/wp\/v2\/media\/1272"}],"wp:attachment":[{"href":"https:\/\/marina.swarpeca.es\/revista\/wp-json\/wp\/v2\/media?parent=1273"}],"wp:term":[{"taxonomy":"category","embeddable":true,"href":"https:\/\/marina.swarpeca.es\/revista\/wp-json\/wp\/v2\/categories?post=1273"},{"taxonomy":"post_tag","embeddable":true,"href":"https:\/\/marina.swarpeca.es\/revista\/wp-json\/wp\/v2\/tags?post=1273"}],"curies":[{"name":"wp","href":"https:\/\/api.w.org\/{rel}","templated":true}]}}