{"id":1267,"date":"2010-11-11T07:16:12","date_gmt":"2010-11-11T07:16:12","guid":{"rendered":"https:\/\/marina.swarpeca.es\/revista\/2010\/11\/11\/la-respiracion-catartica-entre-la-biologia-y-la-cultura-una-tecnica-de-la-conciencia-del-dr-josep-maria-fericgla\/"},"modified":"2010-11-11T07:16:12","modified_gmt":"2010-11-11T07:16:12","slug":"la-respiracion-catartica-entre-la-biologia-y-la-cultura-una-tecnica-de-la-conciencia-del-dr-josep-maria-fericgla","status":"publish","type":"post","link":"https:\/\/marina.swarpeca.es\/revista\/la-respiracion-catartica-entre-la-biologia-y-la-cultura-una-tecnica-de-la-conciencia-del-dr-josep-maria-fericgla\/","title":{"rendered":"&#8216;La respiraci\u00f3n cat\u00e1rtica, entre la biolog\u00eda y la cultura. Una t\u00e9cnica de la conciencia&#8217;, del Dr. Josep Mar\u00eda Fericgla"},"content":{"rendered":"<p>&#8211; <a href=\"https:\/\/marina.swarpeca.es\/revista\/IMG\/pdf\/respiracion_catartica.pdf\"><em>La respiraci\u00f3n cat\u00e1rtica, entre la biolog\u00eda y la cultura. Una t\u00e9cnica de la conciencia<\/em>, Dr. Josep M\u00aa Fericgla<\/a> [[- <a href=\"https:\/\/marina.swarpeca.es\/revista\/IMG\/pdf\/chamanismo.pdf\">Chamanismo y neochamanismo<\/a>.]].<\/p>\n<p><strong>Introducci\u00f3n<\/strong> <\/p>\n<p>I. <strong>Puntualizando palabras<\/strong> <\/p>\n<p>II. <strong>Paralelismos culturales<\/strong> <\/p>\n<p>III. <strong>Biolog\u00eda y ritmo de las respiraciones r\u00e1pidas<\/strong> <\/p>\n<p>IV. <strong>Teor\u00eda de sistemas, caos y consciencia<\/strong> <\/p>\n<p>V. <strong>Un comentario rezagado<\/strong> <\/p>\n<p><strong>Bibliograf\u00eda<\/strong> citada<\/p>\n<p><a href=\"https:\/\/www.webislam.com\/?idl=219\">Fuente: webislam.com<\/a> <\/p>\n<p><strong>La respiraci\u00f3n Holor\u00e9nica &#8211; J.M. Fericgla y David Serrano<\/strong><\/p>\n<p><embed src=\"https:\/\/www.viddler.com\/player\/45defb4a\/\" width=\"437\" height=\"370\" type=\"application\/x-shockwave-flash\" allowScriptAccess=\"always\" allowFullScreen=\"true\" name=\"viddler_45defb4a\"><\/embed><\/p>\n<p>\u00ab<em>La Respiraci\u00f3n Holor\u00e9nica: 10 a\u00f1os de experiencia en talleres cat\u00e1rticos. Resultados y estudios realizados<\/em>\u00bb Por Josep Maria Fericgla: <strong> <em>Tras m\u00e1s de 10 a\u00f1os realiz\u00e1ndose el Taller de Integraci\u00f3n Vivencial de la Propia Muerte, por el que han pasado casi 5.000 personas y trat\u00e1ndose del \u00fanico rito contempor\u00e1neo que incluye un espacio liminar con experiencia de consciencia expandida o estado modificado de la consciencia, se han recogido datos importantes sobre la eficacia de esta t\u00e9cnica de respiraci\u00f3n cat\u00e1rtica desarrollada dentro de un marco que le da orientaci\u00f3n y sentido. Es una experiencia que activa estructuras internas que permiten frenar comportamientos compulsivos como drogadicciones o miedos, ayuda a encontrar un sentido psicoespiritual a la vida humana y genera lazos sociales de una empat\u00eda profunda. Se trata de un rito inici\u00e1tico al uso, creado desde nuestra sociedad postindustrializada para orientar a los miembros de esta misma sociedad<\/em> <\/strong>. <\/p>\n<p>Josep Mar\u00eda Fericgla. Doctor en Antropolog\u00eda por la Universidad de Barcelona, tambi\u00e9n curs\u00f3 estudios universitarios de Psicolog\u00eda y Arte dram\u00e1tico. Especialista en Antropolog\u00eda cognitiva, en Etnomusicolog\u00eda, Etnopsicolog\u00eda, y en Antropolog\u00eda de la vejez. Ha centrado sus estudios en el campo de los estados modificados de consciencia, su uso cultural y aplicaciones en psicoterapia. Es fundador y director de la Sd&#8217;EA, miembro de la <em>European Association of Social Anthropologists<\/em>, vicedirector de la <a href=\"https:\/\/www.sinchisacha.org\/\"><em>Fundaci\u00f3n Sinchi Sacha<\/em><\/a> [[<strong>Sinchi Sacha<\/strong>. <em>Misi\u00f3n:<\/p>\n<p>Contribuir a la recuperaci\u00f3n del patrimonio cultural y natural del Ecuador, el fomento y promoci\u00f3n de la artesan\u00eda y el turismo, as\u00ed como la educaci\u00f3n ambiental y la vigencia de los derechos ciudadanos y su participaci\u00f3n activa en la toma de decisiones<\/em>.<\/p>\n<p><a href=\"https:\/\/www.idealist.org\/if\/ecuador\/es\/av\/Org\/128809-287\/c\">Permalink<\/a>.]]<br \/>\n(Ecuador) cofundador del <em>Instituto Andino de Etnofarmacognosia<\/em> y dirige dos colecciones de libros. <\/p>\n<p><strong>Taller de Integraci\u00f3n Vivencial de la Propia Muerte<\/strong><\/p>\n<p><embed src=\"https:\/\/www.youtube.com\/v\/C_6AmmJ_cPk?fs=1&#038;hl=es_ES\" type=\"application\/x-shockwave-flash\" allowscriptaccess=\"always\" allowfullscreen=\"true\" width=\"425\" height=\"344\"><\/embed><\/p>\n<p><strong>Taller de Integraci\u00f3n Vivencial de la Propia Muerte<\/strong>, dirigido por el Dr. Josep M\u00aa Fericgla. \u00bfQu\u00e9 es el Taller?: <em>Una experiencia transformadora, b\u00e1sica para descubrir donde se est\u00e1 atrapado en esta vida. El centro del taller es una experiencia de profunda catarsis o Estado Modificado de Consciencia (EMC) producido por medio de la Respiraci\u00f3n Holor\u00e9nica. Quien es capaz de enfrentarse a la muerte abre una incomparable y nueva dimensi\u00f3n de su vida basada en la aceptaci\u00f3n profunda de uno\/a mismo\/a. Es un marco de sanaci\u00f3n y de desarrollo profundo de la persona<\/em>. <a href=\"www.etnopsico.org\">Fechas en<\/a><\/p>\n<p>(11 de noviembre de 2010)<\/p>\n","protected":false},"excerpt":{"rendered":"<p>\u00ab<em>Todos y todas somos responsables ante las nuevas generaciones de mantener y transmitir el conocimiento necesario para acceder a las distintas t\u00e9cnicas cat\u00e1rticas conocidas por la humanidad -sea con substancias ente\u00f3genas o por otros caminos, como la respiraci\u00f3n. Poder atravesar algunas explosiones cat\u00e1rticas a lo largo de la vida no tan s\u00f3lo aporta una profunda higiene emocional que favorece la salud individual, sino que tambi\u00e9n mejora las relaciones grupales<\/em>\u00ab: Dr. Josep M\u00aa Fericgla (Director de la <em>Societat d&#8217;Etnopsicologia Aplicada i Estudis Cognitius<\/em> y profesor en la MGS-Universitat de Barcelona.<\/p>\n","protected":false},"author":1,"featured_media":1266,"comment_status":"closed","ping_status":"open","sticky":false,"template":"","format":"standard","meta":{"footnotes":""},"categories":[35],"tags":[],"_links":{"self":[{"href":"https:\/\/marina.swarpeca.es\/revista\/wp-json\/wp\/v2\/posts\/1267"}],"collection":[{"href":"https:\/\/marina.swarpeca.es\/revista\/wp-json\/wp\/v2\/posts"}],"about":[{"href":"https:\/\/marina.swarpeca.es\/revista\/wp-json\/wp\/v2\/types\/post"}],"author":[{"embeddable":true,"href":"https:\/\/marina.swarpeca.es\/revista\/wp-json\/wp\/v2\/users\/1"}],"replies":[{"embeddable":true,"href":"https:\/\/marina.swarpeca.es\/revista\/wp-json\/wp\/v2\/comments?post=1267"}],"version-history":[{"count":0,"href":"https:\/\/marina.swarpeca.es\/revista\/wp-json\/wp\/v2\/posts\/1267\/revisions"}],"wp:featuredmedia":[{"embeddable":true,"href":"https:\/\/marina.swarpeca.es\/revista\/wp-json\/wp\/v2\/media\/1266"}],"wp:attachment":[{"href":"https:\/\/marina.swarpeca.es\/revista\/wp-json\/wp\/v2\/media?parent=1267"}],"wp:term":[{"taxonomy":"category","embeddable":true,"href":"https:\/\/marina.swarpeca.es\/revista\/wp-json\/wp\/v2\/categories?post=1267"},{"taxonomy":"post_tag","embeddable":true,"href":"https:\/\/marina.swarpeca.es\/revista\/wp-json\/wp\/v2\/tags?post=1267"}],"curies":[{"name":"wp","href":"https:\/\/api.w.org\/{rel}","templated":true}]}}