{"id":1265,"date":"2010-11-11T04:52:31","date_gmt":"2010-11-11T04:52:31","guid":{"rendered":"https:\/\/marina.swarpeca.es\/revista\/2010\/11\/11\/el-quinto-sol-recopilacion-de-textos-sobre-las-tradiciones-sagradas-amerindias-diversos-autores\/"},"modified":"2010-11-11T04:52:31","modified_gmt":"2010-11-11T04:52:31","slug":"el-quinto-sol-recopilacion-de-textos-sobre-las-tradiciones-sagradas-amerindias-diversos-autores","status":"publish","type":"post","link":"https:\/\/marina.swarpeca.es\/revista\/el-quinto-sol-recopilacion-de-textos-sobre-las-tradiciones-sagradas-amerindias-diversos-autores\/","title":{"rendered":"&#8216;El Quinto Sol&#8217; Recopilaci\u00f3n de Textos sobre las Tradiciones Sagradas Amerindias, Diversos Autores"},"content":{"rendered":"<p>&#8211; <a href=\"https:\/\/marina.swarpeca.es\/revista\/IMG\/pdf\/el_quinto_sol.pdf\">El Quinto Sol<\/a><\/p>\n<p>1. <strong>Textos Mayas: memorial de Solol\u00e1<\/strong> <\/p>\n<p>2. <strong>Aproximaciones al Tsolk&#8217;in<\/strong> <\/p>\n<p>3. <strong>Nuestra cultura ind\u00edgena<\/strong> <\/p>\n<p>4. <strong>La intelectualidad indiana<\/strong> <\/p>\n<p>5. <strong>Concordancia Universal<\/strong> (Aproximaciones a la idea) <\/p>\n<p>6. <strong>La muerte del quinto sol<\/strong> <\/p>\n<p>7. <strong>Poes\u00eda Quechua<\/strong> <\/p>\n<p>9. <strong>La emergencia del canto: cuatro ejemplos de poes\u00eda nahuatl<\/strong> <\/p>\n<p>10. <strong>El aeda andino<\/strong> <\/p>\n<p>11. <strong>El redescubrimiento de Am\u00e9rica<\/strong> <\/p>\n<p>12. <strong>Escucha de un filosofar marginal (Testimonios de los mbya-guarani del<br \/>\nUruguay)<\/strong> <\/p>\n<p>14. <strong>La cultura \u2018ind\u00edgena\u2019 como realidad intercultural (2)<\/strong> <\/p>\n<p>15. <strong>Temporalidad y atemporalidad: tres poemas mayas<\/strong> <\/p>\n<p>16. <strong>Sobre indigenismo<\/strong> <\/p>\n<p>17. <strong>La divinidad y la mentalidad religiosa maya<\/strong> <\/p>\n<p>18. <strong>Tradici\u00f3n espiritual aborigen<\/strong> <\/p>\n<p>19. <strong>La muerte de los dioses<\/strong> <\/p>\n<p>20. <strong>En torno a la cosmogon\u00eda maya<\/strong> <\/p>\n<p>21. <strong>Ocho poemas mayas<\/strong> <\/p>\n<p>22. <strong>El cham\u00e1n y el sacerdote<\/strong> <\/p>\n<p>23. <strong>Carta de un jefe indio<\/strong> <\/p>\n<p>24. <strong>Los l\u00edmites de la evangelizaci\u00f3n<\/strong> <\/p>\n<p>25. <strong>Persistencia de la identidad ind\u00edgena<\/strong> <\/p>\n<p>26. <strong>La boda del sol y la luna<\/strong> <\/p>\n<p>27. <strong>El portador del fuego<\/strong> <\/p>\n<p>28. <strong>El gran esp\u00edritu entre los indios de Norteam\u00e9rica<\/strong> <\/p>\n<p>29. El gran esp\u00edritu entre los indios de Norteam\u00e9rica <\/p>\n<p>30. <strong>Dos mitos fundacionales incas<\/strong> <\/p>\n<p>31. <strong>Del antiguo conocimiento sagrado a la actual tradici\u00f3n cient\u00edfica<\/strong> <\/p>\n<p>32. <strong>El traumatismo de la conquista<\/strong> <\/p>\n<p>33. <strong>Acta de la reconstrucci\u00f3n de la naci\u00f3n Aymara-Qhechwa<\/strong><\/p>\n<p>(11 de noviembre de 2010)<\/p>\n","protected":false},"excerpt":{"rendered":"\n<p><em>Recopilaci\u00f3n de textos sobre las tradiciones amerindias. Durante a\u00f1os en<\/em> <a href=\"http:\/\/www.webislam.com\/?idl=206\">Webislam<\/a> <em>mantuvimos una secci\u00f3n dedicada a las religiones pre-colombinas, llamada El Quinto Sol. Muchos fueron los sorprendidos de que una organizaci\u00f3n isl\u00e1mica se dedicar\u00e1 a la divulgaci\u00f3n de los textos sagrados de Am\u00e9rica. El entonces director de la web, Abdelmumin Aya, lo justificaba del siguiente modo: \u201clos pueblos latinoamericanos solo llegar\u00e1n al islam a trav\u00e9s de la recuperaci\u00f3n de sus religiones ancestrales. Vosotros llam\u00e1is al que ha de venir el Mehdi; nosotros, el Quinto Sol. Pero son la misma persona\u201d<\/em>.<\/p>\n","protected":false},"author":1,"featured_media":1264,"comment_status":"closed","ping_status":"open","sticky":false,"template":"","format":"standard","meta":{"footnotes":""},"categories":[35],"tags":[],"_links":{"self":[{"href":"https:\/\/marina.swarpeca.es\/revista\/wp-json\/wp\/v2\/posts\/1265"}],"collection":[{"href":"https:\/\/marina.swarpeca.es\/revista\/wp-json\/wp\/v2\/posts"}],"about":[{"href":"https:\/\/marina.swarpeca.es\/revista\/wp-json\/wp\/v2\/types\/post"}],"author":[{"embeddable":true,"href":"https:\/\/marina.swarpeca.es\/revista\/wp-json\/wp\/v2\/users\/1"}],"replies":[{"embeddable":true,"href":"https:\/\/marina.swarpeca.es\/revista\/wp-json\/wp\/v2\/comments?post=1265"}],"version-history":[{"count":0,"href":"https:\/\/marina.swarpeca.es\/revista\/wp-json\/wp\/v2\/posts\/1265\/revisions"}],"wp:featuredmedia":[{"embeddable":true,"href":"https:\/\/marina.swarpeca.es\/revista\/wp-json\/wp\/v2\/media\/1264"}],"wp:attachment":[{"href":"https:\/\/marina.swarpeca.es\/revista\/wp-json\/wp\/v2\/media?parent=1265"}],"wp:term":[{"taxonomy":"category","embeddable":true,"href":"https:\/\/marina.swarpeca.es\/revista\/wp-json\/wp\/v2\/categories?post=1265"},{"taxonomy":"post_tag","embeddable":true,"href":"https:\/\/marina.swarpeca.es\/revista\/wp-json\/wp\/v2\/tags?post=1265"}],"curies":[{"name":"wp","href":"https:\/\/api.w.org\/{rel}","templated":true}]}}