{"id":1235,"date":"2010-10-25T06:12:55","date_gmt":"2010-10-25T06:12:55","guid":{"rendered":"https:\/\/marina.swarpeca.es\/revista\/2010\/10\/25\/contra-la-implantacion-de-copago-tasas-o-tickets-moderadores-en-la-sanidad-publica\/"},"modified":"2010-10-25T06:12:55","modified_gmt":"2010-10-25T06:12:55","slug":"contra-la-implantacion-de-copago-tasas-o-tickets-moderadores-en-la-sanidad-publica","status":"publish","type":"post","link":"https:\/\/marina.swarpeca.es\/revista\/contra-la-implantacion-de-copago-tasas-o-tickets-moderadores-en-la-sanidad-publica\/","title":{"rendered":"Contra la implantaci\u00f3n de copago, tasas o \u00abtickets moderadores\u00bb en la Sanidad P\u00fablica"},"content":{"rendered":"<p>Y lo m\u00e1s importante: sensibilizar a la opini\u00f3n p\u00fablica sobre un problema sistem\u00e1ticamente ocultado por las fuerzas pol\u00edticas y sindicales mayoritarias y por los medios de comunicaci\u00f3n: la privatizaci\u00f3n de la sanidad p\u00fablica.<\/p>\n<p><strong>En estos momentos, y con la excusa de la crisis, se prepara una nueva agresi\u00f3n contra todos los usuarios de la sanidad p\u00fablica, si cabe a\u00fan m\u00e1s grave: la introducci\u00f3n de copagos, tasas o tickets en el momento de la utilizaci\u00f3n de los servicios sanitarios o en farmacia, lo que de hecho es un nuevo impuesto a los enfermos y que supondr\u00e1 pagar otra vez por algo que ya hemos pagado<\/strong> (la asistencia sanitaria se financia entre todos, v\u00eda impuestos). <\/p>\n<p>Es por ello por lo que hemos lanzado una nueva campa\u00f1a estatal de recogida de firmas y movilizaciones, y te pedimos que colabores firmando y difundi\u00e9ndola<\/em>\u00ab. <\/p>\n<p>Para cualquier aclaraci\u00f3n o consulta, se puede contactar con los promotores de la inicativa en el correo electr\u00f3nico: info@casmadrid.org <\/p>\n<p><strong>No podemos cejar en la lucha <\/p>\n<p>Por la Salud de todos<\/strong><\/p>\n<p><img loading=\"lazy\" decoding=\"async\" class=\" aligncenter size-full wp-image-1232\" src=\"https:\/\/marina.swarpeca.es\/revista\/wp-content\/uploads\/2010\/10\/cas_madrid_sello.gif\" alt=\"cas_madrid_sello.gif\" align=\"center\" width=\"400\" height=\"36\" \/><\/p>\n<p><strong>Carta al Gobierno Estatal, a los gobiernos de las Comunidades Aut\u00f3nomas y a los grupos parlamentarios<\/strong><\/p>\n<p>La persona\/organizaci\u00f3n abajo firmante, estimando que:<\/p>\n<p>\u2022 La SANIDAD debe ser P\u00daBLICA, GRATUITA y de CALIDAD, y la atenci\u00f3n por cualquier problema de salud debe ser independiente del nivel econ\u00f3mico de cada ciudadano.<\/p>\n<p>\u2022 La implantaci\u00f3n de cualquier sistema de copago, tasas o tickets moderadores incrementar\u00e1 a\u00fan m\u00e1s las diferencias sociales limitando el acceso de los grupos de poblaci\u00f3n m\u00e1s desfavorecidos, afectando negativamente a sus niveles de salud.<\/p>\n<p>EXIJO: que no se implante ning\u00fan tipo de copago, tasa o ticket moderador, para el acceso de la poblaci\u00f3n a los servicios sanitarios p\u00fablicos.<\/p>\n<p>Particulares: Nombre; Apellidos; DNI; Correo electr\u00f3nico (si se quiere recibir informaci\u00f3n).<\/p>\n<p>Asociaciones: Asociaci\u00f3n; Responsable; Correo electr\u00f3nico.<\/p>\n<p>&#8211; <a href=\"https:\/\/marina.swarpeca.es\/revista\/IMG\/pdf\/no_al_copago.pdf\">Documento explicativo<\/a>: <strong>No al copago<\/strong> &#8211; <strong>\u00bfEn qu\u00e9 podr\u00eda consistir el copago<\/strong> &#8211; <strong>Razones para no aceptar el copago sanitario<\/strong> &#8211; <strong>Es falso que no haya suficiente dinero para mantener la Sanidad P\u00fablica<\/strong> &#8211; <strong>Hay alternativas al copago<\/strong>; CAS (Coordinadora Anti Privatizaci\u00f3n de la Sanidad) &#8211; ICEA<\/p>\n<p>&#8211; <a href=\"https:\/\/marina.swarpeca.es\/revista\/IMG\/pdf\/firmas_contra_copago.pdf\">Descargar hoja de firmas<\/a> <strong>Contra la implantaci\u00f3n de copago, tasas o tickets moderadores en la Sanidad P\u00fablica<\/strong>.<\/p>\n<p><img loading=\"lazy\" decoding=\"async\" class=\" alignleft size-full wp-image-1233\" src=\"https:\/\/marina.swarpeca.es\/revista\/wp-content\/uploads\/2010\/10\/copago_no.gif\" alt=\"copago_no.gif\" align=\"left\" width=\"114\" height=\"114\" \/><\/p>\n<p>&#8211; <a href=\"https:\/\/marina.swarpeca.es\/revista\/IMG\/pdf\/noticias_cas_madrid.pdf\">Noticias<\/a><\/p>\n<p>* <strong>Johnson &#038; Johnson pide retirar 93.000 pr\u00f3tesis de cadera en el mundo<\/strong>, 24-10-2010<\/p>\n<p>* <strong>El estado espa\u00f1ol tercero de Europa en suicidios tras Finlandia y B\u00e9lgica<\/strong>, 24-10-2010<\/p>\n<p>* <strong>Madrid: Fern\u00e1ndez-Lasquetty pide al ministerio que abra el debate sobre el copago<\/strong>, 23-10-2010<\/p>\n<p>* <strong>Esperanza Aguirre, abucheada en Carabanchel (Madrid)<\/strong>, 23-10-2010<\/p>\n<p><img loading=\"lazy\" decoding=\"async\" class=\" aligncenter size-full wp-image-1234\" src=\"https:\/\/marina.swarpeca.es\/revista\/wp-content\/uploads\/2010\/10\/privatizacion_salud_madrid.jpg\" alt=\"privatizacion_salud_madrid.jpg\" align=\"center\" width=\"202\" height=\"240\" \/><\/p>\n<p><strong>Documentos recientes de CAS<\/strong><\/p>\n<p>&#8211; <a href=\"https:\/\/marina.swarpeca.es\/revista\/IMG\/pdf\/gestion_valencia.pdf\"><em>Modelos de gesti\u00f3n sanitaria de la Comunidad Valenciana<\/em><\/a>, Pedro Duran. SIMAP &#8211; 21-10-2010: <strong>En la \u00faltima d\u00e9cada, la sanidad p\u00fablica en la Comunidad Valenciana ha asistido a una transformaci\u00f3n en su gesti\u00f3n, que bajo la excusa de colaboraci\u00f3n p\u00fablico-privada, se ha convertido en una clara privatizaci\u00f3n del 30% de la sanidad p\u00fablica valenciana. \u00c1reas sanitarias c\u00f3mo las de Alzira, Denia, Torrevieja, Manises y Elche-Crevillente ya han sido privatizadas en la gesti\u00f3n completa de sus recursos humanos y materiales a trav\u00e9s de una f\u00f3rmula denominada concesi\u00f3n administrativa, donde un grupo de empresas, generalmente cajas de ahorros (Bancaixa y CAM) y compa\u00f1\u00edas de seguros, se asocian de forma temporal para este fin (por facilitar la lectura las llamaremos UTEs)<\/strong>.<\/p>\n<p>&#8211; <a href=\"https:\/\/marina.swarpeca.es\/revista\/IMG\/pdf\/privatizacion_sanitaria_canada.pdf\"><em>Canad\u00e1. Las cl\u00ednicas privadas con \u00e1nimo de lucro: Pague m\u00e1s, reciba menos<\/em><\/a> 19-10-2010: <strong>\u00ab<em>Si usted cree que todos los canadienses tienen derecho a recibir una atenci\u00f3n sanitaria conveniente, es necesario impedir que las empresas privadas consigan absorver \u00edntegramente nuestro sistema de salud p\u00fablico o perjudicar los costes y la calidad de nuestro servicios de salud<\/em>\u00bb (Arnold S. Relman, M.D., professeur \u00e9m\u00e9rite \u00e0 la Harvard Medical School et r\u00e9dacteur en chef \u00e9m\u00e9rite du New England Journal of Medicine)<\/strong>.<\/p>\n<p>&#8211; <a href=\"https:\/\/marina.swarpeca.es\/revista\/IMG\/pdf\/francia_bachelot.pdf\"><em>Francia: Efectos de la Ley Bachelot<\/em><\/a> 13-10-2010: <strong>La Ley Bachelot ratifica el deterioro del servicio p\u00fablico de salud. Desde hace un a\u00f1o se ha multiplicado el cierre de servicios hospitalarios en beneficio de las cl\u00ednicas privadas. A un a\u00f1o de la aprobaci\u00f3n de la Ley Bachelot por la Asamblea francesa, sus efectos ya se han hecho notar: 1) Mediante el plan \u00abh\u00f4pital 2007\u00bb, se establecieron \u201ctarifas por actividad\u201d, que han abierto el camino hacia un sistema hospitalario financiado en funci\u00f3n del n\u00famero de actos, transformando el hospital en una empresa asistencial, cuyo objetivo, dentro de la pura l\u00f3gica comercial, es rentabilizar la actividad. 2) Las medidas economicistas ejercidas sobre los hospitales ya han provocado la supresi\u00f3n de numerosos puestos, el cierre de camas consideradas no rentables, la externalizaci\u00f3n de un gran n\u00famero de actividades y el cierre de hospitales de proximidad y maternidades. 3) Las cl\u00ednicas privadas est\u00e1n trabajando en una situaci\u00f3n de monopolio con respecto a los enfermos que ellas decidan aceptar, ya que eligen a sus \u00abclientes\u00bb y reorientan hacia los hospitales p\u00fablicos las intervenciones m\u00e1s onerosas o a los enfermos con patolog\u00edas cr\u00f3nicas<\/strong>. <\/p>\n<p>&#8211; <a href=\"https:\/\/marina.swarpeca.es\/revista\/IMG\/pdf\/recomendaciones_pacto_sanidad.pdf\"><em>Borrador Recomendaciones Pacto Sanidad<\/em><\/a> 05-10-2010: <strong>Recomendaciones Finales: \u00abFinanciaci\u00f3n, Copago, Universalizaci\u00f3n de la Sanidad como prestaci\u00f3n no contributiva y derecho subjetivo ciudadano, Calidad y Seguridad, Planificaci\u00f3n, Gesti\u00f3n, Coordinaci\u00f3n Sociosanitaria, Recursos Humanos, Cartera de Servicios, Pol\u00edtica Farmac\u00e9utica, Participaci\u00f3n, Atenci\u00f3n Primaria y Salud P\u00fablica, Reg\u00edmenes Especiales, Investigaci\u00f3n\u00bb, Subcomisi\u00f3n para el Pacto de Estado en la Sanidad, 27-09-2010<\/strong>.<\/p>\n<p>&#8211; <a href=\"https:\/\/marina.swarpeca.es\/revista\/IMG\/pdf\/comunicados_cas.pdf\">Comunicados<\/a><\/p>\n<p>* <strong>Las medidas del Gobierno \u201c<em>para salir de la crisis<\/em>\u201d deteriorar\u00e1n la salud de la poblaci\u00f3n<\/strong><\/p>\n<p>* <strong>\u00c9xito de las movilizaciones del 22 de abril en Valencia, Madrid y Barcelona<\/strong>, 30-04-2010<\/p>\n<p><embed src=\"https:\/\/www.youtube.com\/v\/Red7co86rKM?fs=1&#038;hl=es_ES\" type=\"application\/x-shockwave-flash\" allowscriptaccess=\"always\" allowfullscreen=\"true\" width=\"425\" height=\"344\"><\/embed><\/p>\n<p>&#8211; <a href=\"https:\/\/marina.swarpeca.es\/revista\/IMG\/pdf\/presupuestos_fjd.pdf\"><em>\u00bfQu\u00e9 ocultan los presupuestos de la Fundaci\u00f3n Jim\u00e9nez D\u00edaz?<\/em><\/a> 18-02-2010: Estudio del presupuesto asignado por la Comunidad de Madrid a la Fundaci\u00f3n Jim\u00e9nez D\u00edaz (propiedad de la empresa privada CAPIO) en los dos \u00faltimos a\u00f1os, en comparaci\u00f3n con los hospitales p\u00fablicos de la regi\u00f3n.<\/p>\n<p>&#8211; <a href=\"https:\/\/marina.swarpeca.es\/revista\/IMG\/pdf\/privatizacion_citas_medicas_madrid.pdf\"><em>La privatizaci\u00f3n de las citas m\u00e9dicas, adem\u00e1s de los problemas que cause a los usuarios, tiene gato encerrado: Esperanza Aguirre est\u00e1 montando el negocio del siglo para las empresas y la beneficencia para los m\u00e1s desfavorecidos<\/em><\/a> 15-02-2010<\/p>\n<p><a href=\"https:\/\/www.casmadrid.org\/\">Fuente: CASmadrid.org (Coordinadora Anti-Privatizaci\u00f3n de la Sanidad P\u00fablica de Madrid)<\/a><\/p>\n<p>(25 de octubre de 2010)<\/p>\n","protected":false},"excerpt":{"rendered":"<p>En la lucha contra la privatizaci\u00f3n de la sanidad, m\u00e1s de 500.000 personas <a href=\"article402\">exigieron con su firma<\/a> la derogaci\u00f3n de la <a href=\"article465\">Ley 15\/97<\/a>. \u00ab<em>Gracias a ello y a pesar de la falta de sensibilidad al respecto de numeros\u00edsimos pol\u00edticos -la Ministra de Sanidad, Trinidad Jim\u00e9nez<\/em> (flamante Ministra de Exteriores ahora) <em>no consider\u00f3 necesario recibirnos-, el Parlamento aprob\u00f3 en noviembre de 2009 una proposici\u00f3n de IU instando su modificaci\u00f3n<\/em> [[- <a href=\"http:\/\/marina.swarpeca.es\/IMG\/pdf\/modificacion_ley_15_97.pdf\">Aprobaci\u00f3n (173 votos a favor, 147 en contra, 20 abstenciones) por Pleno del Congreso de los Diputados de proposici\u00f3n de ley de modificaci\u00f3n de la Ley 15\/1997, de 25-04-1997, sobre habilitaci\u00f3n de nuevas formas de gesti\u00f3n del Sistema Nacional de Salud: p\u00e1ginas 34 y 35 del Diario de Sesiones de 24-11-2009<\/a>.]] -que, un a\u00f1o despu\u00e9s, a\u00fan no se ha desarrollado. \u00ab<em>Tambi\u00e9n gracias a ello<\/em>, prosigue CAS Madrid, <em>se ha dado a conocer a la ciudadan\u00eda qui\u00e9nes son los responsables de la privatizaci\u00f3n sanitaria: aquellos partidos que votaron a favor de dicha Ley (PP, PSOE, CiU, PNV, CC), o los que, sin votarla, garantizan con su apoyo que se abran hospitales privados mientras se cierran camas p\u00fablicas en varias comunidades aut\u00f3nomas.<\/p>\n","protected":false},"author":1,"featured_media":1231,"comment_status":"closed","ping_status":"open","sticky":false,"template":"","format":"standard","meta":{"footnotes":""},"categories":[40],"tags":[],"_links":{"self":[{"href":"https:\/\/marina.swarpeca.es\/revista\/wp-json\/wp\/v2\/posts\/1235"}],"collection":[{"href":"https:\/\/marina.swarpeca.es\/revista\/wp-json\/wp\/v2\/posts"}],"about":[{"href":"https:\/\/marina.swarpeca.es\/revista\/wp-json\/wp\/v2\/types\/post"}],"author":[{"embeddable":true,"href":"https:\/\/marina.swarpeca.es\/revista\/wp-json\/wp\/v2\/users\/1"}],"replies":[{"embeddable":true,"href":"https:\/\/marina.swarpeca.es\/revista\/wp-json\/wp\/v2\/comments?post=1235"}],"version-history":[{"count":0,"href":"https:\/\/marina.swarpeca.es\/revista\/wp-json\/wp\/v2\/posts\/1235\/revisions"}],"wp:featuredmedia":[{"embeddable":true,"href":"https:\/\/marina.swarpeca.es\/revista\/wp-json\/wp\/v2\/media\/1231"}],"wp:attachment":[{"href":"https:\/\/marina.swarpeca.es\/revista\/wp-json\/wp\/v2\/media?parent=1235"}],"wp:term":[{"taxonomy":"category","embeddable":true,"href":"https:\/\/marina.swarpeca.es\/revista\/wp-json\/wp\/v2\/categories?post=1235"},{"taxonomy":"post_tag","embeddable":true,"href":"https:\/\/marina.swarpeca.es\/revista\/wp-json\/wp\/v2\/tags?post=1235"}],"curies":[{"name":"wp","href":"https:\/\/api.w.org\/{rel}","templated":true}]}}