{"id":1227,"date":"2010-10-15T23:00:31","date_gmt":"2010-10-15T23:00:31","guid":{"rendered":"https:\/\/marina.swarpeca.es\/revista\/2010\/10\/15\/comienza-en-madrid-hasta-el-domingo-17-el-v-congreso-de-medicinas-naturales-econat-2010\/"},"modified":"2010-10-15T23:00:31","modified_gmt":"2010-10-15T23:00:31","slug":"comienza-en-madrid-hasta-el-domingo-17-el-v-congreso-de-medicinas-naturales-econat-2010","status":"publish","type":"post","link":"https:\/\/marina.swarpeca.es\/revista\/comienza-en-madrid-hasta-el-domingo-17-el-v-congreso-de-medicinas-naturales-econat-2010\/","title":{"rendered":"Comienza en Madrid, hasta el domingo 17, el V Congreso de Medicinas Naturales &#8216;EcoNat 2010&#8217;"},"content":{"rendered":"<p><strong>Viernes 15<\/strong><\/p>\n<p><strong>* Sala 1 \u2022 10:30<\/strong><\/p>\n<p>Acto inaugural<\/p>\n<p><strong>* Sala 1 \u2022 11:00-12:15<\/strong><\/p>\n<p>&#8211; <em>Antioxidantes y enfermedades degenerativas: el futuro<\/em><\/p>\n<p>Cada d\u00eda estamos sometidos a un gran n\u00famero de agentes nocivos (humos, gases, conservantes, etc.) los cuales generan gran cantidad de radicales libres en nuestras c\u00e9lulas. El c\u00famulo de radicales libres (estr\u00e9s oxidativo) interfiere con todas las rutas metab\u00f3licas celulares lo cual, a la larga, es el punto de inicio para el desarrollo de enfermedades degenerativas y envejecimiento, los cuales en algunas personas puede tener consecuencias nefastas. El tratamiento del estr\u00e9s oxidativo se basa \u00fanica y exclusivamente en el uso de potentes c\u00f3cteles de antioxidantes espec\u00edficos para cada patolog\u00eda pues cada enfermedad degenerativa tiene su espec\u00edfico estr\u00e9s oxidativo que debe ser tratado con sus espec\u00edficos antioxidantes.<\/p>\n<p><strong>Eduardo Sanz Navares<\/strong>, Director Dpto. Cient\u00edfico de Cat\u00e1lysis S.L. Licenciado en Biolog\u00eda por la Universidad Aut\u00f3noma de Madrid. Asistente de Investigaci\u00f3n en el laboratorio de Anticuerpos de la Alianza (dirigida por el Premio Nobel en medicina Dr. Alfred Gilman), en el Southwestern Medical Center, Dallas, Texas, USA, en 2001. Profesor de Qu\u00edmica en 1998-2000 para el Queens College of CUNY, Flushing, New York, USA. Consejero Asesor en la Revista Discovery DSalud. Miembro de la Asociaci\u00f3n Mundial para la Investigaci\u00f3n del C\u00e1ncer.<\/p>\n<p><strong>* Sala 2 \u2022 11:00-12:15<\/strong><\/p>\n<p>&#8211; <em>Introducci\u00f3n al tratamiento de enfermedades cr\u00f3nicas y de procesos degenerativos con \u00e1cidos ribonucleicos \u00f3rgano-espec\u00edficos<\/em> <\/p>\n<p>A mediados del pasado siglo el profesor alem\u00e1n H. Dyckerhoff dise\u00f1\u00f3 una terapia que permite aprovechar el \u00c1cido Ribonucleico (ARN) de \u00f3rganos espec\u00edficos de ganado junto con ARN de levadura para tratar enfermedades degenerativas como las osteoarticulares, demostrando que usado ex\u00f3genamente (incluso en \u00f3rganos espec\u00edficos) permite reactivar as\u00ed como normalizar el sistema de regeneraci\u00f3n celular. En esta ponencia el prestigioso m\u00e9dico alem\u00e1n Georg Stommel expondr\u00e1 toda la casu\u00edstica y los conceptos del tratamiento mediante la infiltraci\u00f3n con \u00e1cidos ribonucleicos \u00f3rgano-espec\u00edficos, en pacientes que presentan funciones org\u00e1nicas deterioradas de manera cr\u00f3nica (\u00f3rganos internos, sistema endocrino, sistema nervioso, \u00f3rganos sensoriales y sistema locomotor.)<\/p>\n<p><strong>Dr. Georg Stommel<\/strong>, Bi\u00f3logo alem\u00e1n de gran prestigio. Responsable desde 1999 de Dyckerhoff Pharma para la prestaci\u00f3n de asesoramiento cient\u00edfico de terapeutas. Mantiene una comunicaci\u00f3n intensa con los m\u00e9dicos y recoge y proporciona los conocimientos pr\u00e1cticos sobre el uso de los \u00e1cidos ribonucleicos para muy diversas enfermedades cr\u00f3nicas y degenerativas. <\/p>\n<p><strong>* Sala 3 \u2022 11:00-12:15<\/strong><\/p>\n<p>&#8211; <em>Fitoterapia Racional: Usos populares y realidades cient\u00edficas<\/em> (Ponencia comercial)<\/p>\n<p>El uso de las plantas medicinales avanza con la historia de la humanidad y su saber se trasmite de generaci\u00f3n en generaci\u00f3n. Hoy en d\u00eda existen amplios conocimientos de plantas medicinales y el uso de la fitoterapia se basa en la informaci\u00f3n cient\u00edfica sobre composici\u00f3n qu\u00edmica, estudios cl\u00ednicos y estudios toxicol\u00f3gicos. Tambi\u00e9n, todos los avances de la gal\u00e9nica farmac\u00e9utica se aplican a los preparados de plantas medicinales, pasando de la utilizaci\u00f3n de plantas secas a granel, al uso de comprimidos, c\u00e1psulas, ampollas bebibles, jarabes, micro encapsulados, soluciones extempor\u00e1neas, etc. En definitiva, preparados m\u00e1s seguros, m\u00e1s estables y sobre todo m\u00e1s eficaces. <\/p>\n<p><strong>Don Albert Sala Llinares<\/strong>, Doctor en farmacia por la UB. Farmac\u00e9utico Especialista en Farmacia Industrial y Gal\u00e9nica. Farmac\u00e9utico Especialista en An\u00e1lisis y Control de Medicamentos y Drogas. Experto en Fotoqu\u00edmica de la Real Farmacopea Espa\u00f1ola. Experto en Fitoterapia del Formulario Nacional. Miembro fundador de la Sociedad Espa\u00f1ola de Fitoterapia (<em> <strong>SEFIT<\/em> <\/strong>). <\/p>\n<p><strong>* Sala 1 \u2022 12:30-13:45<\/strong><\/p>\n<p>&#8211; <em>Retrasar la aparici\u00f3n de las enfermedades, a\u00f1adir vida a los a\u00f1os.<br \/>\nUn reto de nuestro siglo<\/em>.<\/p>\n<p>Un eslogan ampliamente difundido en los \u00faltimos a\u00f1os ha sido el de \u00aba\u00f1adir vida a los a\u00f1os y a\u00f1os a la vida\u00bb. La Medicina convencional ha conseguido con \u00e9xito sobre todo la segunda parte de la frase, hemos a\u00f1adido muchos a\u00f1os a la vida pero \u00bfa qu\u00e9 precio? Hoy en d\u00eda observamos un aumento de la cantidad de a\u00f1os que vivimos la poblaci\u00f3n europea debido fundamentalmente a una importante polimedicaci\u00f3n que consigue cronificar las enfermedades y que vivamos m\u00e1s a\u00f1os pero enfermos. La clave y donde la Medicina Naturista puede actuar es en retrasar la aparici\u00f3n de la enfermedad, prevenir las enfermedades degenerativas y en definitiva envejecer m\u00e1s sanos. En la ponencia se expondr\u00e1n los conceptos de actuaci\u00f3n as\u00ed como diferentes estrategias y consejos.<\/p>\n<p><strong>Dr. Andoni J\u00e1uregui Crespo<\/strong>, Doctor en Medicina y Cirug\u00eda. Especialista en Medicina de la Educaci\u00f3n F\u00edsica y el Deporte. Acreditado por el Colegio de M\u00e9dicos en Medicina Naturista &#8211; Osteopat\u00eda. Director de la Cl\u00ednica de Medicina Manual-Osteopat\u00eda de Bilbao. Fundador de la Escuela Internacional de Osteopat\u00eda. Asesor cient\u00edfico del laboratorio IDOKI SCF Technologies.<\/p>\n<p><strong>* Sala 2 \u2022 12:30-13:45<\/strong><\/p>\n<p>&#8211; <em>La Bio-Fotonterapia. La luz, fuente de vida<\/em><\/p>\n<p>Se trata de una terapia que utiliza la energ\u00eda electromagn\u00e9tica procedente de la luz para reequilibrar las c\u00e9lulas merced al efecto de biorresonancia que se produce de forma natural entre las ondas c\u00f3smicas y las del organismo humano. Una terapia sencilla en su aplicaci\u00f3n, eficaz y de resultados estables y duraderos. Esta t\u00e9cnica es aplicable a todos los dominios biol\u00f3gicos, a la salud humana, a la salud animal, e incluso al tratamiento de semillas y plantas. En la presente ponencia el prestigioso doctor alem\u00e1n Dieter Jossner dar\u00e1 una visi\u00f3n de los \u00faltimos avances que se conocen sobre estas t\u00e9cnicas.<\/p>\n<p><strong>Dr. Dieter Jossner<\/strong>, Ingeniero el\u00e9ctrico alem\u00e1n, inventor y fabricante de dispositivos de terapias alternativas. Propietario de la compa\u00f1\u00eda de electr\u00f3nica m\u00e9dica GMBH en Rheinau, Baden-Baden. Seg\u00fan la fuente, se le conoce como f\u00edsico, biof\u00edsico o tecn\u00f3logo del l\u00e1ser. Especialista en diodos l\u00e1ser y diodos electrolum\u00ednicos, con aplicaciones de campos magn\u00e9ticos y el\u00e9ctricos en la medicina alternativa.<\/p>\n<p><strong>* Sala 3 \u2022 12:30-13:45<\/strong><\/p>\n<p>&#8211; <em>C\u00f3mo recuperar tu salud a nivel f\u00edsico, emocional y mental con lo que fue la primera medicina del hombre<\/em> (Ponencia comercial)<\/p>\n<p>Uno se sorprende cuando al probar estos aceites esenciales de grado 100% terap\u00e9utico se experimenta una eficacia y rapidez desconocida en la recuperaci\u00f3n de nuestra Salud o equilibrio. Si adem\u00e1s experimentamos que no hay efectos secundarios y que estos aceites esenciales tienen la capacidad de llegar a la ra\u00edz emocional y\/o mental del problema, nos encontramos ante unas sinergias dignas de conocer. Estos aceites terap\u00e9uticos trabajan elevando nuestra frecuencia de forma natural, incluso se pueden ingerir. Estamos ante el L\u00edder mundial en aceites esenciales, con mezclas absolutamente exclusivas y que trabajan al ser humano como ser integrado: Cuerpo, Mente y Esp\u00edritu. <\/p>\n<p><strong>Eva Franklin<\/strong>, Espa\u00f1ola residente en California. Ha impartido conferencias y programas de radio en distintos pa\u00edses Latinos. Certificada en el 2006 por &#8216;Care International&#8217; en Estados Unidos. Imparte Cursos de La Terapia Gotas de Lluvia\/Raindrop Terapy, originaria de los nativos indios Lakotas, la cual recupera el equilibrio a nivel celular.<\/p>\n<p><strong>* Sala 1 \u2022 16:00-17:15<\/strong><\/p>\n<p>&#8211; <em>S\u00edndrome depresivo: \u00bfHacia d\u00f3nde caminamos? Nuevas perspectivas en su tratamiento<\/em><\/p>\n<p>Aproximadamente una de cada cuatro personas experimentar\u00e1 a lo largo de su vida un episodio depresivo, y de ellas la mitad, puede sufrir una reca\u00edda en los siguientes cinco a\u00f1os. Es m\u00e1s frecuente en las mujeres que en los hombres. La depresi\u00f3n es el trastorno psiqui\u00e1trico m\u00e1s prevalente, representando el 70 % de los diagn\u00f3sticos psiqui\u00e1tricos en una consulta de medicina general. Seg\u00fan la O. M. S., del 3-5 % de la poblaci\u00f3n mundial presenta depresi\u00f3n. Estudios recientes demuestran que su incidencia ha aumentado entre 3 y 10 veces en los \u00faltimos 50 a\u00f1os, y se calcula que para el a\u00f1o 2.020 podr\u00eda ser la segunda causa de incapacidad a nivel mundial, siendo dif\u00edcil de encontrar en los pa\u00edses menos desarrollados, por lo que se la considera una de las llamadas enfermedades de la civilizaci\u00f3n. <\/p>\n<p><strong>Dr. Joaqu\u00edn Out\u00f3n Ruiz<\/strong>, Licenciado en Medicina y Cirug\u00eda por la Universidad de C\u00e1diz. Experto Universitario en Homeopat\u00eda por la Universidad de Valladolid. M\u00e9dico Puericultor, experto en Salud Infantil por la Sociedad Espa\u00f1ola de Puericultura. Profesor de Acupuntura en el Curso de Experto Universitario de la Universidad de C\u00e1diz. Director M\u00e9dico del Laboratorio Vital 2000.<\/p>\n<p><strong>* Sala 2 \u2022 16:00-17:15<\/strong><\/p>\n<p>&#8211; <em>El movimiento de la energ\u00eda para el bienestar<\/em><\/p>\n<p>La terapeuta y profesora de Taichi &#8211; Chi Kung Rosa Mart\u00ednez nos hablar\u00e1 acerca del movimiento de la energ\u00eda, ya que tras su experiencia de m\u00e1s de 18 a\u00f1os como profesora de Taichi, ha visto cambios notablemente positivos para las diferentes personas con las que ha podido trabajar, y por ello es muy importante que la gente conozca las diversas t\u00e9cnicas que se pueden usar para encontrarse en armon\u00eda con la energ\u00eda de la vida y al fin y al cabo ser m\u00e1s felices, por el equilibrio que se produce a nivel, emocional, f\u00edsico, mental y espiritual. En la ponencia se incluir\u00e1 un ejercicio pr\u00e1ctico con los asistentes.<\/p>\n<p><strong>Rosa Mart\u00ednez D\u00edez<\/strong>, Profesora de Taichi- Chi Kung desde 1992 hasta nuestros d\u00edas. Titulada en Taichi estilo Yang de 88 movimientos por el maestro Haoquing Liu, y en Chi Kung por el Director del Instituto Internacional de Chi Kung: Yves Requena. Practicante de Tensegridad desde 1990. Masajista del masaje Californiano. Trabajos con Energ\u00eda Universal.<\/p>\n<p><strong>* Sala 3 \u2022 16:00-17:15<\/strong><\/p>\n<p>&#8211; <em>Anionosis: Terapias Electrol\u00edticas Ani\u00f3nicas,como sistema de desintoxicaci\u00f3n m\u00e1s efectivo y natural<\/em><\/p>\n<p>La Anionosis es un sistema de alta tecnolog\u00eda, inducida por un proceso de electr\u00f3lisis ionizante, que ayuda a desintoxicar el organismo, le energetiza y polariza, al utilizar un circuito ani\u00f3nico de procedencia electrol\u00edtica, capaz de circular por todo el cuerpo, por ser \u00e9ste de 200 a 300 veces m\u00e1s conductivo que el agua de la cubeta. Estos aniones son capaces de ayudar en la neutralizaci\u00f3n de todo lo que tiene carga positiva en el organismo, que es lo que se desenvuelve en medio \u00e1cido: virus, bacterias, hongos, radicales libres, t\u00f3xicos, pat\u00f3genos, c\u00e9lulas cancer\u00edgenas, etc. Desintoxica, energetiza y polariza. <\/p>\n<p><strong>Dr. Juli\u00e1n P\u00e9rez Guti\u00e9rrez<\/strong>, Doctorado en Medicina Biol\u00f3gica. Doctorado en Psicolog\u00eda Sofr\u00f3nica Radiest\u00e9sica. Doctorado en Naturopat\u00eda. Doctorado en Terapias Electrol\u00edticas. Doctorado Honoris Causa por la Organizaci\u00f3n Mundial de Medicinas Alternativas y por el Colegio de M\u00e9dicos Naturistas de Espa\u00f1a. Presidente de Salud Naturista DECOYIN y Catedr\u00e1tico de la Universidad O.U.A.S.<\/p>\n<p><strong>* Sala 1 \u2022 17:30-18:45<\/strong><\/p>\n<p>&#8211; <em>Descubriendo nuestro cuerpo<\/em><\/p>\n<p>Seguramente alguna vez se habr\u00e1 preguntado \u00bfpor qu\u00e9 me duele la espalda, o cualquier otra parte de su cuerpo? Molestias que cada vez son m\u00e1s fuertes y dolorosas, incluso llegando a ser invalidantes. Para intentar aliviarlas seguro que habr\u00e1 tenido que recurrir a realizar alguna actividad deportiva recomendada como \u00abideal\u00bb, como por ejemplo, la nataci\u00f3n, o incluso habr\u00e1 tenido que recurrir a tener que tomar medicaci\u00f3n. Sin embargo, todo habr\u00e1 sido en vano porque apenas habr\u00e1 podido conseguir frenar el proceso que se acaba de despertar en su cuerpo. Todos nacemos perfectos, potencialmente hablando. Sin embargo, es a lo largo de los a\u00f1os y debido a varios factores, como el estr\u00e9s, las falsas creencias que nos inculcan referente al cuidado de nuestro cuerpo, el dise\u00f1o de los muebles actuales, etc., que nuestra musculatura se va acortando y con ello nos va deformando. El objetivo de este taller pr\u00e1ctico-vivencial es que cada uno de los participantes pueda descubrir sus limitaciones corporales, descubra donde se localizan sus \u00abacortamientos musculares reales\u00bb y \u00bfpor qu\u00e9 est\u00e1n ah\u00ed? Utilizaremos peque\u00f1os movimientos que se inician en el interior de uno mismo, los cuales nos van a ayudar a tomar conciencia corporal de la unidad de nuestro cuerpo, a encontrar emociones y dolores ocultos que nos bloquean y a restablecer el equilibrio corporal.<\/p>\n<p><strong>Ra\u00fal Castellano Garc\u00eda<\/strong>, Fisioterapeuta. Especialista en Reeducaci\u00f3n Corporal Funcional RCF. Diplomado en el M\u00e9todo Mezi\u00e9r\u00e8s. Diplomado en Reeducaci\u00f3n Postural Global R.P.G. Diplomado en Antigimnasia. Diplomado en Diafreoterapia, 20 a\u00f1os de experiencia cl\u00ednica en Trabajo Corporal, Reeducaci\u00f3n Postural y Trabajo de Grupo. 10 a\u00f1os de experiencia como Docente impartiendo Conferencias, Talleres, Seminarios y Cursos por diversos puntos de Espa\u00f1a. Ponente en diversos Simposium Internacionales de Terapias Manuales. Equipo T\u00e9cnico de Ecopostural.<\/p>\n<p><strong>* Sala 2 \u2022 17:30-18:45<\/strong><\/p>\n<p>&#8211; <em>Cronoterapia: Organiza tu tiempo, organiza tu cuerpo<\/em><\/p>\n<p>Max Lerner hace 40 a\u00f1os dec\u00eda: \u00abTodos vivimos tras dos relojes: uno siendo el reloj externo que marca nuestras d\u00e9cadas y nos trae los cambios estacionales; el otro siendo el reloj interno, manejado por nosotros como relojeros, que determina nuestra propia cronolog\u00eda, nuestro propio clima y nuestra velocidad de vivir\u00bb. En la ponencia se relaciona la cronobiolog\u00eda (ciencia en pleno estudio y aplicaci\u00f3n) con la ayuda en mejorar los resultados de la administraci\u00f3n de sustancias naturales. Debido a lo amplio del tema, se centra en los principales desequilibrios del sistema nervioso, previa introducci\u00f3n y desarrollo de las bases de la cronobiolog\u00eda y cronoterapia. La ponencia se apoya igualmente en una parte pr\u00e1ctica (que se desarrollar\u00e1 durante la exposici\u00f3n), en la que se trabaja con las gr\u00e1ficas de liberaci\u00f3n de las diferentes sustancias naturales y c\u00f3mo se puede aplicar en el d\u00eda a d\u00eda del trabajo. <\/p>\n<p><strong>Dra. Carmen Salgado S\u00e1nchez<\/strong>, Licenciada en Farmacia. Natur\u00f3pata. Nutricionista Ortomolecular. Quiromasajista. Miembro de \u00abHerbarum Natura\u00bb, expertos en Naturopat\u00eda y Herbodiet\u00e9tica.<\/p>\n<p><strong>* Sala 3 \u2022 17:30-18:45<\/strong><\/p>\n<p>&#8211; <em>Psicoterapia Energ\u00e9tica en Kinesiolog\u00eda y Sicoenerg\u00e9tica<\/em><\/p>\n<p>En la ponencia se entrar\u00e1 con detenimiento acerca de los diagn\u00f3sticos de las emociones y los conflictos internos a trav\u00e9s de los \u00f3rganos y meridianos. Se tratar\u00e1 asimismo el enraizamiento, anclaje y movimiento de las emociones en nuestro cuerpo f\u00edsico y energ\u00e9tico. De igual manera, se expondr\u00e1 de forma pr\u00e1ctica el tratamiento efectivo a seguir mediante Tapping (golpeteo de puntos energ\u00e9ticos) y con MOR (movimiento rotatorio de ojos), con reprogramaci\u00f3n emocional consciente.<\/p>\n<p><strong>Jos\u00e9 Ram\u00f3n Lobo Rico<\/strong>, Director de la Escuela Unisalud. Natur\u00f3pata, acupuntor, kinesi\u00f3logo y especialista en Sicoenerg\u00e9tica.<\/p>\n<p><strong>S\u00e1bado 16<\/strong><\/p>\n<p><strong>* Sala 1 \u2022 10:00-11:15<\/strong><\/p>\n<p>&#8211; <em>Bioqu\u00edmica y Energ\u00eda de los elementos qu\u00edmicos<\/em><\/p>\n<p>Nos parece oportuno en estos momentos, en los que desde las Administraciones Europeas se duda de la importancia de las sustancias qu\u00edmicas en el mantenimiento de la salud, resaltar algunos de los papeles fundamentales que \u00e9stas representan para el buen funcionamiento de nuestro organismo, por lo que vamos a abordar su importante acci\u00f3n bioqu\u00edmica, regulando todas las funciones fisiol\u00f3gicas, as\u00ed como el papel que representan en la generaci\u00f3n de la energ\u00eda necesaria para el mantenimiento de la vida. Por lo tanto vamos a tratar de las enzimas y de las transmutaciones at\u00f3micas de los elementos [[- <a href=\"https:\/\/marina.swarpeca.es\/revista\/IMG\/pdf\/bioquimica_energia_elementos_quimicos.pdf\">\u00ab<em>Bioqu\u00edmica y energ\u00eda de los elementos qu\u00edmicos<\/em>\u00ab, Jos\u00e9 Luis V\u00e1zquez Colomina, Natural, Oto\u00f1o 2010 (09-01-2010), 09-09-2010; \u00ab<em>El poder curativo de las barras de azufre<\/em>\u00ab, Joan Cano, Natural, Oto\u00f1o 2010 (01-09-2010), 09-09-2010<\/a>.]].<\/p>\n<p><strong>Dr. Jos\u00e9 Luis V\u00e1zquez Colomina<\/strong>, Licenciado en Farmacia por la Universidad Complutense de Madrid. Doctor en Homeopat\u00eda por la Universidad de Bornemouth (Gran Breta\u00f1a). Diplomado en sanidad por la Facultad de Medicina de la Universidad Complutense de Madrid. Presidente de la Plataforma para la Defensa de la Salud Natural en Espa\u00f1a. Autor de importantes libros sobre distintas terapias naturales. Director del programa de radio \u00abSalud para todos\u00bb. Premio a la investigaci\u00f3n y desarrollo de la Medicina Natural en 1996.<\/p>\n<p><strong>* Sala 2 \u2022 10:00-11:15<\/strong><\/p>\n<p>&#8211; <em>Recuperar la salud a trav\u00e9s de la alimentaci\u00f3n<\/em><\/p>\n<p>La evoluci\u00f3n del hombre primitivo fue un proceso adaptativo que dur\u00f3 aproximadamente 60 a\u00f1os y donde se cre\u00f3 una gen\u00e9tica adaptada a condiciones muy diferentes a las presentes en el mundo actual. Las condiciones actuales crean una sobre activaci\u00f3n de la respuesta inmune, ser\u00eda lo que se define como \u00abContinuo Inflamatorio\u00bb. Este no representa una falla en el sistema, es un estado de alerta innecesariamente alto por \u00abHomotoxicidad\u00bb y que se relaciona con la diet\u00e9tica moderna, de hecho, obtenemos el 56% de nuestras calor\u00edas de alimentos que no exist\u00edan cuando nuestros genes se formaron. Adem\u00e1s, la alimentaci\u00f3n afecta la expresi\u00f3n de nuestros genes y una alimentaci\u00f3n adecuada es la mejor defensa para proteger las c\u00e9lulas del da\u00f1o causado por radicales libres. <\/p>\n<p><strong>Dr. Jos\u00e9 Luis Cid\u00f3n Madrigal<\/strong>, Doctor en Medicina y Cirug\u00eda. Doctor en Ciencias Biol\u00f3gicas. Especialista en Diet\u00e9tica en Nutrici\u00f3n. Diplomado en Homotoxicolog\u00eda, Homeopat\u00eda y Medicina Biol\u00f3gica. Profesor Universitario. Director del Curso de Especialista Universitario en Terapia Neural por la Universidad de Alcal\u00e1. Investigador mundialmente conocido en el campo de la Ingenier\u00eda Biom\u00e9dica y en Tecnolog\u00eda de Alimentos. Miembro de la International Union of Food Science and Technology. Preside en la actualidad el Instituto Hispano Americano de Investigaci\u00f3n y Desarrollo en Medicina Biol\u00f3gica, la Sociedad Espa\u00f1ola de Biorresonancia y el Instituto Espa\u00f1ol de Medicina Funcional. <\/p>\n<p><strong>* Sala 3 \u2022 10:00-11:15<\/strong><\/p>\n<p>&#8211; <em>Semiolog\u00eda de los Sujetos Bioqu\u00edmicos de Sch\u00fcssler<\/em><\/p>\n<p>Los cuerpos vivos se resienten antes de la falta o escasez de las sales inorg\u00e1nicas que de los alimentos o nutrientes org\u00e1nicos. Debemos reemplazar siempre las p\u00e9rdidas de sales minerales con alimentos frescos o remedios bioqu\u00edmicos de fuentes naturales, pero \u00e9stos siempre en forma f\u00e1cilmente asimilable. Se ha admitido por la comunidad cient\u00edfica que los alimentos nutritivos y org\u00e1nicos no pueden ser metabolizados y absorbidos por la sangre si no contienen una serie de sales inorg\u00e1nicas, como el calcio, f\u00f3sforo, hierro, magnesio, potasio, etc. Asimismo la carencia o desproporci\u00f3n de algunas de estas sales en nuestro organismo, perjudicar\u00e1 la absorci\u00f3n y fijaci\u00f3n de otras sales que el cuerpo contiene y necesita. Las investigaciones realizadas en este campo han demostrado que si el organismo humano carece de estos elementos minerales, no puede formarse, crecer, desarrollar sus funciones ni proliferar. Si tenemos el debido equilibrio mineral, gozaremos de cierta inmunidad natural a los agentes pat\u00f3genos. <\/p>\n<p><strong>Rafael Labhat<\/strong>, Natur\u00f3logo de 2\u00aa generaci\u00f3n con m\u00e1s de 20 a\u00f1os de experiencia. Experto en Terapias Funcionales con Biosales de Sch\u00fassler, Homeopat\u00eda, Nutrici\u00f3n ortomolecular, Flores de Bach y Reflexolog\u00eda Podal. Investigador y estudioso de las sales bioqu\u00edmicas, de la toxemia intestinal y la microflora l\u00e1ctica. Profesor de Homeopat\u00eda, Sales Bioqu\u00edmicas de Sch\u00fcssler y Reflexolog\u00eda Podal en la Escuela Superior Hufeland de Sevilla. Preside la Sociedad Espa\u00f1ola de Sales Bioqu\u00edmicas de Sch\u00fcssler \u2013Sesbi- desde 2004, sociedad creada para la investigaci\u00f3n, formaci\u00f3n unificada y divulgaci\u00f3n de las Biosales de Sch\u00fcssler. Director de Insnat, Instituto Sch\u00fcssler de Salud Integral.<\/p>\n<p><strong>* Sala 1 \u2022 11:30-12:45<\/strong><\/p>\n<p>&#8211; <em>Meditaci\u00f3n: Medicina del Alma<\/em><\/p>\n<p>La aut\u00e9ntica naturaleza del ser humano es espiritual. La condici\u00f3n m\u00e1s esencial de la humanidad es espiritual. Esp\u00edritu puro que habita en un cuerpo y que percibe el mundo a trav\u00e9s de los sentidos f\u00edsicos y de la mente. El ser humano lleva tanto tiempo habitando en el cuerpo que ha olvidado su aut\u00e9ntica naturaleza debido b\u00e1sicamente a dos procesos: identificaci\u00f3n e imaginaci\u00f3n. Se identifica con su cuerpo e imagina ser el papel que representa en la vida cotidiana, asumiendo como propia la personalidad que un d\u00eda naci\u00f3 como mecanismo de defensa de su esencia m\u00e1s \u00edntima ante los ataques del exterior. Recuperar, recordar ese sutil contacto con la esencia que uno es.<\/p>\n<p><strong>Emilio J. G\u00f3mez<\/strong>, Emilio J. G\u00f3mez practica Yoga desde 1.989 como fruto de su propio trabajo interior de b\u00fasqueda espiritual. B\u00fasqueda que le llev\u00f3 a la India, donde profundiz\u00f3 en su pr\u00e1ctica en diversos Asrhams y Centros de Meditaci\u00f3n. En 1.995, comienza a compartir su experiencia en Meditaci\u00f3n a trav\u00e9s de Talleres y Seminarios. Actividad que forma parte de su propio trabajo espiritual en el que contin\u00faa profundizando. Imparte clases de Hatha Yoga (Yoga f\u00edsico) y Raja Yoga (Yoga mental), as\u00ed como Talleres y Seminarios de Meditaci\u00f3n. Creador de Silencio Interior, y autor de la obra del mismo nombre.<\/p>\n<p><strong>* Sala 2 \u2022 11:30-12:45<\/strong><\/p>\n<p>&#8211; <em>Emociones: Diagn\u00f3stico y Tratamiento con Medicina Tradicional China<\/em><\/p>\n<p>Al igual que en Occidente, en la medicina china se estudian las emociones y su influencia en el organismo. Hace miles de a\u00f1os que la medicina china ten\u00eda claro que los cambios emocionales pueden influir en el funcionamiento y la estructura org\u00e1nicos. Para poder trabajar con estos problemas el ponente ha desarrollado un m\u00e9todo de examen que permite conocer el estado emocional de la persona que explora y ayudarle a paliar o resolver sus dificultades con las emociones, mediante hinaishin (acupuntura intrad\u00e9rmica). Se realizar\u00e1 una demostraci\u00f3n de diagn\u00f3stico de las emociones.<\/p>\n<p><strong>Arturo Valenzuela Serrano<\/strong>, Experto de gran prestigio en terapias orientales (shiatsu, sotai, hinaishin), director y fundador de Shiatsu Yasuragi, Instituto Superior, y del Instituto de Investigaci\u00f3n y Desarrollo de Sotai de Jap\u00f3n en Madrid, del que es representante para Europa desde el a\u00f1o 1999. Autor de varios libros y muy comprometido con la difusi\u00f3n de las terapias naturales y con el voluntariado. Dirige varios proyectos con beb\u00e9s hospitalizados, personas con fibromialgia, s\u00edndrome de Down y otros. Organizador del reciente Congreso Internacional de Shiatsu en Madrid.<\/p>\n<p><strong>* Sala 3 \u2022 11:30-12:45<\/strong><\/p>\n<p>&#8211; <em>La granada fermentada in vivo y la salud masculina<\/em> (Ponencia comercial)<\/p>\n<p>La granada o manzana del para\u00edso es una fruta con m\u00faltiples propiedades beneficiosas. Para poder asimilar mejor estas propiedades, se ha desarrollado la fermentaci\u00f3n in vivo. Venga a conocer estas novedosas t\u00e9cnicas que le pueden ayudar a obtener lo mejor de la fruta y descubra la gran aliada que tienen los hombres en la granada. Ya que ayuda a mantener la salud de la pr\u00f3stata, a parte de ser un gran antioxidante y ayudar a mantenernos j\u00f3venes!!<\/p>\n<p><strong>Nuria Serra<\/strong>, Licenciada en Biolog\u00eda (Universidad de Barcelona.) Actualmente Responsable de formaci\u00f3n y divulgaci\u00f3n sobre el uso de complementos nutricionales en la preservaci\u00f3n y potenciaci\u00f3n de la salud de laboratorios Vitae.<\/p>\n<p><strong>* Sala 1 \u2022 13:00-14:15<\/strong><\/p>\n<p>&#8211; <em>La Psincrholonerg\u00e9tica o PHE: La Para-Qu\u00e1ntica de los Nuevos Tiempos<\/em><\/p>\n<p>Potent\u00edsima t\u00e9cnica que propone una forma de organizar los flujos energ\u00e9ticos del cuerpo y del ser humano basada en los \u00faltimos descubrimientos de la F\u00edsica Cu\u00e1ntica: ZPE, Multidimensiones, Fotones Gemelos, etc. Un terapeuta de PHE es capaz de organizar en menos de 20 minutos los 12 meridianos principales y los 8 Vasos Maravillosos de la Acupuntura, los Chakras, el reflejo Craneo-Sacral, etc. T\u00fa mismo descubrir\u00e1s por qu\u00e9 la llamamos \u00abThe PHE Experience\u00bb, y por qu\u00e9 est\u00e1 alejando a muchas personas de las puertas de la intervenci\u00f3n.<\/p>\n<p><strong>Marcel Vega Villar<\/strong>, Psicoterapeuta y Coach. Veinticinco a\u00f1os de trabajo e investigaci\u00f3n en Energ\u00e9tica. Formaci\u00f3n en Osteopat\u00eda, Acupuntura, Reflexolog\u00eda, Naturopat\u00eda, Auriculomedicina, Energ\u00e9tica Hologr\u00e1mica, Psicodrama, etc. Formador de gran prestigio como descubridor de esta potente t\u00e9cnica en cursos en Madrid y Barcelona.<\/p>\n<p><strong>* Sala 2 \u2022 13:00-14:15<\/strong><\/p>\n<p>&#8211; <em>Hipnosis Cl\u00ednica Reparadora: Una potente terapia emocional<\/em><\/p>\n<p>La HCR es el conjunto de t\u00e9cnicas: regresiones a vidas pasadas, regresiones a la infancia, reparaci\u00f3n de traumas de la ni\u00f1ez, c\u00f3mo enfrentar las fobias y el s\u00edndrome de ataque de p\u00e1nico, c\u00f3mo enfrentar la jaqueca y otras enfermedades psicosom\u00e1ticas, as\u00ed como el stress y el insomnio, el dibujo en trance, reprogramaci\u00f3n de conducta, etc. Aunque esta t\u00e9cnica proviene del campo de la Hipnosis, sobre todo de la m\u00e1s moderna, la Hipnosis Ericksoniana, en la aplicaci\u00f3n de las mismas el paciente \u00abJam\u00e1s Pierde La Consciencia\u00bb, dialoga permanentemente con el reparador y nunca recibe \u00ab\u00f3rdenes\u00bb. Se halla en un proceso de \u00abIntrospecci\u00f3n Guiada\u00bb que por definici\u00f3n no puede ser sino consciente.<\/p>\n<p><strong>Armando Manuel Scharovsky<\/strong>, Psic\u00f3logo de gran prestigio a nivel internacional. Miembro fundador y Miembro de la junta directiva de ALADHIC (Asociaci\u00f3n Latinoamericana de Hipnosis Cl\u00ednica). Ha desarrollado t\u00e9cnicas propias agrupadas bajo los nombres de Hipnosis Cl\u00ednica Reparadora o Introspecci\u00f3n Guiada Reparadora. Creador de un efectivo m\u00e9todo de adelgazamiento denominado Banda G\u00e1strica Virtual basado en las t\u00e9cnicas de hipnosis, sugesti\u00f3n y reprogramaci\u00f3n subliminal de conductas para cambiar un cambio estable en los h\u00e1bitos alimentarios.<\/p>\n<p><strong>* Sala 3 \u2022 13:00-14:15<\/strong><\/p>\n<p>&#8211; <em>La Nueva Medicina del Doctor Hamer<\/em><\/p>\n<p>Gracias a el descubrimiento de las 5 leyes de Dr. Hamer, podemos entender mejor las enfermedades end\u00f3genas denominadas idiop\u00e1ticas o de origen desconocido, sabiendo que las emociones a nivel biol\u00f3gico afectan al funcionamiento biorr\u00edtmico alterando sus fases, afectando a los distintos tejidos y sistemas que a nivel ontog\u00e9nico formaron los tejidos b\u00e1sicos de nuestro organismo (endodermo, mesodermo y ectodermo), regidos por el cerebro a nivel selectivo en cada zona (troncoenc\u00e9falo, m\u00e9dula cerebral y cortex). En la conferencia se expondr\u00e1 un resumen de las 5 leyes, haciendo hincapi\u00e9 en sus fases (car\u00e1cter bif\u00e1sico) y conflictos biol\u00f3gicos.<\/p>\n<p><strong>P. Medina Ortega<\/strong>, Director de la Escuela de Osteopat\u00eda GAIA. Profesor de Osteopat\u00eda desde 1984. Diplomado en Naturopat\u00eda, Acupuntura, Homeopat\u00eda, Kinesiolog\u00eda y Masaje.<\/p>\n<p><strong>* Sala 1 \u2022 15:45-17:00<\/strong><\/p>\n<p>&#8211; Coloquio-Debate: <em>La situaci\u00f3n actual en el sector de la Medicina Natural y las Terapias Alternativas<\/em> (Ponencia \u00fanica)<\/p>\n<p>En esta edici\u00f3n de Econat y por primera vez hemos considerado oportuno abrir una v\u00eda para el debate y el intercambio de opiniones de los profesionales del sector con la participaci\u00f3n de los asistentes de modo que se ponga sobre la palestra la situaci\u00f3n actual que se vive en el sector a nivel profesional, legal, y de evoluci\u00f3n futura. Inquietudes, nuevas formas legisladoras, situaci\u00f3n de los laboratorios, posibles conflictos, situaci\u00f3n econ\u00f3mica, etc., se pondr\u00e1n sobre la mesa, con el objetivo de extraer conclusiones constructivas para el futuro pr\u00f3ximo que nos aguarda.<\/p>\n<p><strong>Profesor Hermano Jos\u00e9<\/strong>, <strong>Julio Alberto Alonso Y\u00e1\u00f1ez<\/strong>, <strong>Dr. Jos\u00e9 Luis V\u00e1zquez Colomina<\/strong>, <strong>Carlos N\u00fa\u00f1ez Hern\u00e1ndez<\/strong>, entre otros.<\/p>\n<p><strong>* Sala 1 \u2022 17:15-18:30<\/strong><\/p>\n<p>&#8211; <em>La Fatiga adrenal y su tratamiento biol\u00f3gico<\/em><\/p>\n<p>La Fatiga Adrenal es una de las condiciones de salud que afecta al 95 % de la poblaci\u00f3n poco diagnosticada a pesar de su alta incidencia. La disminuci\u00f3n de la funci\u00f3n adrenal se ha vuelto muy com\u00fan en nuestra sociedad moderna, y presenta implicaciones muy importantes para el funcionamiento de muchos \u00f3rganos y sistemas. En personas mayores, contribuye a acelerar el proceso del envejecimiento. Gran parte de nuestra salud depende del buen funcionamiento de nuestras gl\u00e1ndulas suprarrenales.<\/p>\n<p><strong>Dr. Domingo P\u00e9rez Le\u00f3n<\/strong>, Licenciado en Medicina y Cirug\u00eda. Especialista en Medicina Biol\u00f3gica y antienvejecimiento. Director M\u00e9dico del Instituto Biol\u00f3gico de la Salud de Madrid.<\/p>\n<p><strong>* Sala 2 \u2022 17:15-18:30<\/strong><\/p>\n<p>&#8211; <em>Acupuntura Japonesa. Moxaterapia de Fukaya<\/em><\/p>\n<p>La acupuntura japonesa resulta una disciplina muy poco conocida en nuestro pa\u00eds. Dista en muchos sentidos de la acupuntura china. Las t\u00e9cnicas son mucho m\u00e1s sutiles aunque muy potentes, agradables y r\u00e1pidas en sus efectos. Los puntos \u00abvivos\u00bb son los que definen cu\u00e1l es la necesidad de tratamiento del paciente. El practicante debe desarrollar su sensibilidad t\u00e1ctil para poder encontrarlos. En origen s\u00f3lo se permit\u00eda el uso de la acupuntura japonesa a los practicantes ciegos. A trav\u00e9s de ella provocamos un reequilibrio en todo el sistema meridiano que a su vez regular\u00e1 cualquier trastorno org\u00e1nico o funcional. La remisi\u00f3n del dolor de los casos complicados suele ser muy espectacular por su rapidez y confort. La herramienta de tratamiento principal es la moxa (okyu) del tama\u00f1o de un grano (o medio) de arroz. El okyu permite regular la situaci\u00f3n energ\u00e9tica, sangu\u00ednea y linf\u00e1tica de los puntos \u00abvivos\u00bb. El maestro Fukaya supo optimizar su efecto mediante el uso de la ca\u00f1a de Fukaya que permite que el calor de la moxa sea m\u00e1s profundo a la vez que mucho m\u00e1s agradable para el paciente. La moxaterapia de Fukaya resulta atractiva para los practicantes y pacientes a los que no les gusten las agujas pues no requiere de ellas.<\/p>\n<p><strong>Felip Caudet Pi\u00f1ana<\/strong>, Fisioterapeuta diplomado por la Universidad Ram\u00f3n Llull (Bcn). Postgrado en M\u00e9todo M\u00e9zi\u00e8res por la UIC (Barcelona). Graduado en acupuntura (CENAC) (Barcelona). Formado en Shiatsu. Acupuntura Japonesa m\u00e9todos Keiraku Chiryo con Stephen Birch (Bcn), Sawada y Fukaya con Antonio Augusto Cunha (Rio de Janeiro). Publicaciones en varias revistas y publicaciones.<\/p>\n<p><strong>* Sala 3 \u2022 17:15-18:30<\/strong><\/p>\n<p>&#8211; <em>Descubre el poder de las barras de azufre<\/em><\/p>\n<p>Las barras de azufre se venden en las farmacias de Argentina desde hace m\u00e1s de 100 a\u00f1os. Los ba\u00f1os termales en aguas sulfurosas siempre han sido recomendados, en los tratamientos contra el reuma y el dolor en general. El azufre absorbe la electricidad est\u00e1tica que se libera en el ambiente, eliminando la influencia de los campos magn\u00e9ticos originados por los tel\u00e9fonos m\u00f3viles, ordenadores, televisores, microondas etc., e incluso del contacto con la ropa fabricada con fibras sint\u00e9ticas. El exceso de electricidad est\u00e1tica provoca interferencias en nuestros impulsos bioel\u00e9ctricos que regulan la actividad corporal, provocando as\u00ed contracturas, cansancio, estr\u00e9s, fatiga mental \u2026 Las barras de azufre aplicadas en forma de masaje neutralizan las cargas electrost\u00e1ticas del cuerpo, actuando como una toma de tierra mineral, que las elimina. <\/p>\n<p><strong>Jes\u00fas Antonio Cornejo V\u00e1zquez<\/strong>, Graduado en Naturopat\u00eda (FENACO), ha realizado diversos cursos de Homeopat\u00eda, Osteopat\u00eda y Quiromasaje. Profesor de Osteopat\u00eda Naturop\u00e1tica en centro MAYNA. Socio fundador de Andaluza de Masajes S.C. Profesor de Quiromasaje en la escuela ACENA. Director ejecutivo de la U.P.E. de FENACO. Ponente de Karit\u00e9 Ecotreatment y T\u00e9cnica Bust-Up en el congreso Expomasaje 2009.<\/p>\n<p><strong>* Sala 1 \u2022 18:45-20:00<\/strong><\/p>\n<p>&#8211; <em>Flores de Bach para cada tipo de personalidad<\/em><\/p>\n<p>Se propone el tema de las Flores de Bach para cada tipo de personalidad por lo interesante que es tratar los excesos de cada tipo de personalidad y las manifestaciones de la funci\u00f3n inferior en cada caso con remedios sin efectos secundarios, ni contraindicaciones ni intoxicaciones. En la presente ponencia se realizar\u00e1 una profundizaci\u00f3n de los 16 remedios florales en funci\u00f3n de los 16 tipos de personalidad existentes.<\/p>\n<p><strong>Profesor Hermano Jos\u00e9<\/strong>, Especialista en Medicinas Naturales: Homeopat\u00eda, Medicina Tradicional China y Ayurveda. Profesor de Homeopat\u00eda, Terapia Floral, Aromaterapia y Terapias Manuales. Miembro fundador del Consejo General de Colegios de M\u00e9dicos Naturistas de Espa\u00f1a. Vicepresidente del Comit\u00e9 Cient\u00edfico de EXPO Masaje. Director t\u00e9cnico de los cursos de formaci\u00f3n de Ecotienda Natural. Presidente del Congreso de Terapias Naturales ECONAT 2010, as\u00ed como de ediciones anteriores.<\/p>\n<p><strong>*Sala 2 \u2022 18:45-20:00<\/strong><\/p>\n<p>&#8211; <em>La Bilocaci\u00f3n-Cu\u00e1ntica. Cambia tu ADN. Cambia tu vida<\/em><\/p>\n<p>Modelo revolucionario en las medicinas vibracionales hol\u00edstico-cu\u00e1nticas, en el campo de las terapias transpersonales. Desprograma un gran n\u00famero de enfermedades, a trav\u00e9s de la reparaci\u00f3n del ADN. Tambi\u00e9n consiste en desarrollar mediante el crecimiento transpersonal, nuestro \u00abEspacio Interior\u00bb, territorio privado microc\u00f3smico. Excelente para el ejercicio de las profesiones de servicio hacia los dem\u00e1s. La Bilocaci\u00f3n Cu\u00e1ntica es la separaci\u00f3n del cuerpo-tiempo-subat\u00f3mico del cuerpo onda o cu\u00e1ntico. Consiste en la inducci\u00f3n del \u00abEfecto Mariposa\u00bb, sobre la capacidad cultural del ADN en la comunicaci\u00f3n. Fen\u00f3meno transmutador sobre las psicosomatizaciones y s\u00edndromes emocionales. Tendr\u00e1 lugar un Taller de Experiencias en Vivo durante la Ponencia. Entre otros efectos comprobados, la Bilocaci\u00f3n-cu\u00e1ntica frena el envejecimiento. Favorece la regeneraci\u00f3n y rejuvenecimiento haciendo un efecto lifting. Disminuye la oxidaci\u00f3n de los radicales libres. <\/p>\n<p><strong>Denis Marie Soto<\/strong>, Estudi\u00f3 en Par\u00eds (Sorbonna), Psicolog\u00eda, Filosof\u00eda y Ciencias Humanas. Sofr\u00f3logo, Doctor en Medicina Energ\u00e9tica y Vibracional. Especialista en Medicina Psicosom\u00e1tica y Psicolog\u00eda Transpersonal. Dirige desde hace 20 a\u00f1os, en Gerona, la Cl\u00ednica del Alma. Desde 1995, dirige la escuela y formaci\u00f3n Cortijos De Shambhala en Granada. Colaborador a trav\u00e9s de su sistema Bilocaci\u00f3n-Cu\u00e1ntica, con cient\u00edficos, m\u00e9dicos y otros sectores como la especialidad de Perfilador Policial. Actualmente, su principal actividad es el COACH empresarial, individual y colectivo en variedad de dominios, como creador del sistema terap\u00e9utico y de sanaci\u00f3n Bilocaci\u00f3n-Cu\u00e1ntica.<\/p>\n<p><strong>* Sala 3 \u2022 18:45-20:00<\/strong><\/p>\n<p>&#8211; <em>Esencias Triunidad\u00ae: La Naturaleza Lum\u00ednica del Ser Humano<\/em> (Ponencia comercial)<\/p>\n<p>El cuerpo de Luz es nuestra esencia en la que se encuentra la informaci\u00f3n de todos los aspectos del Ser humano espiritualizado. El aspecto lum\u00ednico se conoce desde el principio de los tiempos. Se hace menci\u00f3n a \u00e9l en muchos de los escritos antiguos, llamando de diferente manera a esa dimensi\u00f3n luz del ser humano. Esa dimensi\u00f3n luz completa al ser, lo dota de consciencia, y activa el programa gen\u00e9tico completo. Cada c\u00e9lula, cada \u00e1tomo, part\u00edcula contienen esa informaci\u00f3n total de lo que somos. Podemos decir que en ese n\u00facleo se encuentra el cuerpo de luz: ah\u00ed act\u00faan las Esencias Triunidad\u00ae. Las Esencias Triunidad\u00ae tienen cualidades luminicas, quantums o fuerzas, de potencia creadora de transformaci\u00f3n del alma y el esp\u00edritu. Esa fuerza construye un ADN completo, con informaci\u00f3n para la materializaci\u00f3n, de tal modo que esas secuencias se expanden \/ replican hasta la realizaci\u00f3n plena o completaci\u00f3n del Alma, Esp\u00edritu y Prop\u00f3sito de vida. En el n\u00facleo de cada c\u00e9lula est\u00e1 impresa esa informaci\u00f3n que, como un diamante, da luz brillante al Ser.<\/p>\n<p><strong>Carmen Romanelli<\/strong>, Natur\u00f3pata, terapeuta Floral, bioenergetista y musicoterapeuta. Kinesi\u00f3loga con a\u00f1os de experiencia en investigaci\u00f3n sobre la memoria celular. Creadora del M\u00e9todo de Unidad Esencial\u00ae y las Esencias Triunidad\u00ae, Sonido Adn\u00ae.<\/p>\n<p><strong>Domingo 17<\/strong><\/p>\n<p><strong>* Sala 1 \u2022 10:00-11:15<\/strong><\/p>\n<p>&#8211; <em>Reflexiones sobre la Medicina y su Situaci\u00f3n Actual. Los diversos conceptos terap\u00e9uticos y su aplicaci\u00f3n en Medicina Veterinaria<\/em><\/p>\n<p>Desde hace m\u00e1s de tres d\u00e9cadas podemos observar el resurgir de conceptos casi olvidados y la aparici\u00f3n de nuevos conceptos de diagn\u00f3stico y de terapia en la medicina humana, y tambi\u00e9n cada vez m\u00e1s en la medicina veterinaria. Parece un poco sorprendente, ya que la medicina que todos nosotros aprendimos en la Universidad y luego practicamos como profesionales, pretend\u00eda tener soluciones para las casi 20.000 enfermedades conocidas hasta el momento. \u00bfC\u00f3mo explicarse esto? \u00bfSer\u00e1 porque en el seno de esta medicina han aparecido nuevos interrogantes sobre el enfoque de lo que llamamos \u00abenfermedad\u00bb y sobre los m\u00e9todos de diagn\u00f3stico y terapia, a ra\u00edz de tantos fracasos y el frecuente sentimiento de impotencia ante ciertas enfermedades aparentemente sin soluci\u00f3n? \u00bfO ser\u00e1 que tal vez estemos asistiendo a un cambio profundo en nuestra profesi\u00f3n, donde los fundamentos que parec\u00edan inamovibles, se ven reemplazados por otros nuevos (\u00a1y a la vez muy antiguos &#8230;!) y que pertenecen al futuro?<\/p>\n<p><strong>Dr. Peter Wolfgang Bard<\/strong>, Doctor en Medicina Veterinaria por la Universidad de Ludwig Maximilian de Munich. Colegiado n\u00ba 290 de Las Palmas de Gran Canaria. Asistente Cient\u00edfico en el Instituto de Gen\u00e9tica, Reproducci\u00f3n y Comportamiento de los Animales en la Universidad de Munich, Alemania. Veterinario Aut\u00f3nomo en Baviera y Las Palmas. Actualmente reside en Kassel, Alemania.<\/p>\n<p><strong>* Sala 2 \u2022 10:00-11:15<\/strong><\/p>\n<p>&#8211; <em>El Reiki como complemento a la medicina convencional<\/em><\/p>\n<p>John Curtin habla de su experiencia ense\u00f1ando Reiki a m\u00e1s de 3.000 personas de personal sanitario y dando Reiki en 12 hospitales en Espa\u00f1a y Am\u00e9rica Latina. Detalla las ventajas de esta terapia en un \u00e1mbito sanitario y la situaci\u00f3n actual en Espa\u00f1a al respecto. Tambi\u00e9n hablar\u00e1 de su experiencia con m\u00e1s de 1.600 pacientes y como Director del \u00fanico Curso de Terapeuta de Reiki Profesional en Espa\u00f1a. Explica en qu\u00e9 consiste ser un terapeuta de Reiki y cu\u00e1les son las salidas profesionales actualmente. Por \u00faltimo detallar\u00e1 los estudios cient\u00edficos que existen sobre Reiki y las terapias energ\u00e9ticas. Explicar\u00e1 cu\u00e1l es la teor\u00eda cient\u00edfica sobre la capacidad curativa de la energ\u00eda y c\u00f3mo funciona.<\/p>\n<p><strong>John Curtin<\/strong>, Terapeuta Reiki brit\u00e1nico de gran prestigio, reside en Espa\u00f1a desde 1985. Fundador y Presidente de la Fundaci\u00f3n Sauce, ONG dedicada a la implementaci\u00f3n de terapias complementarias en la sociedad mediante su difusi\u00f3n, ense\u00f1anza y aplicaci\u00f3n. Fundador y presidente de la Federaci\u00f3n Espa\u00f1ola de Reiki, cuyo prop\u00f3sito es el de velar por el buen uso y ense\u00f1anza de Reiki mediante la aplicaci\u00f3n de un c\u00f3digo deontol\u00f3gico de buena pr\u00e1ctica y cursos de formaci\u00f3n y reciclaje. Miembro del Comit\u00e9 \u00c9tico de Asistencia Sanitaria del Hospital Ram\u00f3n y Cajal de Madrid, que asesora en materia de bio\u00e9tica y los derechos del paciente.<\/p>\n<p><strong>* Sala 3 \u2022 10:00-11:15<\/strong><\/p>\n<p>&#8211; <em>Endometriosis<\/em><\/p>\n<p>La endometriosis es una afecci\u00f3n relacionada con la existencia de tejido endometrial en localizaciones an\u00f3malas. Este tejido responde a la impregnaci\u00f3n hormonal y provoca cambios diversos en los tejidos circundantes. Asociada a molestias que pueden ser leves o muy severas, a infertilidad y a otras afecciones paralelas, la endometriosis suele significar casi irremediablemente una intervenci\u00f3n quir\u00fargica, e incluso repetidas intervenciones. Se presentan las causas de la afecci\u00f3n desde un punto de vista hol\u00edstico, las opciones terap\u00e9uticas, basadas en la experiencia e investigaci\u00f3n. <\/p>\n<p><strong>Dra. Nuria Lorite Ay\u00e1n<\/strong>, Lda. en Farmacia. Lda. en Medicina Tradicional China por la Universidad de Pek\u00edn. Investigadora y autora de diversos cursos y art\u00edculos especializados en Homeopat\u00eda, medicina biol\u00f3gica, medicina y fitoterapia china y terap\u00e9utica general en Medicina Natural. Presidenta de la Asociaci\u00f3n Espa\u00f1ola de Medicina Biol\u00f3gica. Conferenciante en distintos congresos nacionales e internacionales. Miembro del Comit\u00e9 Cient\u00edfico de Econat 2010.<\/p>\n<p><strong>* Sala 1 \u2022 11:30-12:45<\/strong><\/p>\n<p>&#8211; <em>La Repolarizaci\u00f3n Magn\u00e9tica Celular: Fundamentos y Aplicaciones<\/em><\/p>\n<p>La repolarizaci\u00f3n magn\u00e9tica celular consiste en una tecnolog\u00eda que nos permite reprogramar el campo magn\u00e9tico celular de todos los seres vivos. La expresi\u00f3n prot\u00e9ica contenida en los genes, el reconocimiento de sustancias en las membranas (anticuerpos, hormonas, neurop\u00e9ptidos, mediadores qu\u00edmicos, etc.). Todas las enfermedades tienen en com\u00fan el que se producen alteraciones bioqu\u00edmicas, nuestro enfoque es que \u00e9stas se producen por errores magn\u00e9ticos previos que desencadenan las enfermedades como factor primario. En tanto no se corrigen, las c\u00e9lulas no son capaces de interpretar la informaci\u00f3n. Por lo tanto es prioritario en la recuperaci\u00f3n patol\u00f3gica devolver el equilibrio f\u00edsico-magn\u00e9tico al citoplasma celular.<\/p>\n<p><strong>Leonardo Carvajal Posada<\/strong>, Investigador colombiano. Desarroll\u00f3 la t\u00e9cnica de la repolarizaci\u00f3n magn\u00e9tica celular. Durante 15 a\u00f1os ha estado investigando con plantas, animales y humanos los efectos de los desequilibrios magn\u00e9ticos. Consigui\u00f3 producir una mol\u00e9cula capaz de interaccionar con las c\u00e9lulas y devolverles la intensidad de campo magn\u00e9tico que les permite realizar sus funciones metab\u00f3licas con normalidad.<\/p>\n<p><strong>Te\u00f3filo Calvo Barquillo<\/strong>, Farmac\u00e9utico, fundador de los laboratorios Taxon. Especialista en gal\u00e9nica. Ha desarrollado su labor profesional en el campo de los nutrac\u00e9uticos. En la actualidad colabora con Leonardo Carvajal en la investigaci\u00f3n de los campos magn\u00e9ticos y su influencia en la biolog\u00eda celular. Experto en cultivos celulares, aplica estas t\u00e9cnicas en la investigaci\u00f3n con c\u00e9lulas madre y tumorales.<\/p>\n<p><strong>* Sala 2 \u2022 11:30-12:45<\/strong><\/p>\n<p>&#8211; <em>El C\u00e1ncer desde la perspectiva de la Medicina Tradicional China<\/em><\/p>\n<p>La ponencia no se desarrolla bajo el enfoque mecanicista cl\u00e1sico de la Medicina Occidental que se extiende en el espacio de las infinitas reacciones bioqu\u00edmicas propias de todo proceso biol\u00f3gico, fisiol\u00f3gico o patol\u00f3gico. Desarrolla el concepto hol\u00edstico que considera al ser humano como un ente sometido a los influjos del medio geoc\u00f3smico y social donde desarrolla su existencia y que corresponder\u00e1 en salud o enfermedad si cumple o no con las leyes inmutables que rigen el Cielo y la Tierra. El c\u00e1ncer desde la perspectiva occidental es una enfermedad en la que aun no est\u00e1n definidas de forma absoluta las causas etiol\u00f3gicas y por tanto es una enfermedad clasificable como idiop\u00e1tica. Llevamos decenas de a\u00f1os investigando e invirtiendo sumas ingentes de dinero en la b\u00fasqueda del remedio al c\u00e1ncer y la respuesta no ha sido la deseada simplemente porque no existe el c\u00e1ncer de mama o de pr\u00f3stata o de pulm\u00f3n. Existe el c\u00e1ncer como enfermedad del organismo que puede manifestarse en diversos \u00f3rganos o estructuras de acuerdo al \u00abTerreno\u00bb o predisposici\u00f3n cong\u00e9nita o adquirida.<\/p>\n<p><strong>Dr. Carlos Nogueira P\u00e9rez<\/strong>, Director y Profesor Nacional del Centro de Ense\u00f1anza de la Medicina Tradicional China. Profesor Universitario de Acupuntura. Asesor m\u00e9dico de Rainbow Universal Europa S.L. Licenciado en Medicina y Cirug\u00eda. Acad\u00e9mico de M\u00e9rito por la Academia de Ciencias de Roma. Acupuntor. Diplomado en Bioelectromagnetismo por Coghil Laboratorys de Gales (U.K.)<\/p>\n<p><strong>* Sala 3 \u2022 11:30-12:45<\/strong><\/p>\n<p>&#8211; <em>Gerontolog\u00eda. Masaje en los Mayores y Calidad de Vida<\/em><\/p>\n<p>El Masaje aplicado a personas mayores tiene el mismo prop\u00f3sito que para cualquier persona; mantener y conservar la salud contribuyendo a mejorar la calidad de vida. En el caso de las personas de edad avanzada hay que tener en cuenta su estado de salud y no interferir en el tratamiento m\u00e9dico. Sin embargo, el bienestar que produce la correcta aplicaci\u00f3n del Masaje hace que hoy en d\u00eda sea un servicio muy demandado por este colectivo que aumenta d\u00eda a d\u00eda debido a la alta longevidad. <\/p>\n<p><strong>Luciano Miguel Alameda<\/strong>, Diplomado en Quiromasaje, Masaje Deportivo, Drenaje Linf\u00e1tico Manual, Reflexolog\u00eda Podal y Digitopuntura y Moxibusti\u00f3n por la 1\u00aa Escuela de Quiromasaje de Madrid y el Dr. Pedro Marco Aznar de Barcelona. Diplomado en Administraci\u00f3n y Direcci\u00f3n de Empresas por ICADE\u2013Madrid. Director del Centro de Masaje Manual de Madrid, dedicado a la aplicaci\u00f3n de T\u00e9cnicas Manuales y a la formaci\u00f3n de terapeutas. Ponente en el VII Congreso Internacional de Terapias Manuales Expomasaje 2009. Adjunto a la Presidencia del Congreso Econat 2010.<\/p>\n<p><strong>* Sala 1 \u2022 13:00-14:15<\/strong><\/p>\n<p>&#8211; <em>El desactivador de puntos gatillo<\/em><\/p>\n<p>En la pr\u00e1ctica cl\u00ednica de las personas que nos enfrentamos al paciente que se queja de dolor musculoesquel\u00e9tico, es muy frecuente encontrar como impresi\u00f3n diagn\u00f3stica el t\u00e9rmino \u2018S\u00edndrome Miofascial\u2019. \u00bfQu\u00e9 sabemos nosotros del dolor de tipo miofascial? \u00bfEstamos capacitados para identificar el verdadero dolor miofascial? \u00bfReconocemos cl\u00ednicamente los patrones de irradiaci\u00f3n de dicho dolor? \u00bfC\u00f3mo desactivar los puntos gatillos? A d\u00eda de hoy, se usan diversas t\u00e9cnicas: diferentes modalidades de terapia f\u00edsica (medios f\u00edsicos \u2013 calor \/fr\u00edo, ultrasonido etc. &#8211; ejercicios de estiramiento, t\u00e9cnicas de relajaci\u00f3n, TENS, etc.) todas ellas efectivas en la medida en que se apliquen de la forma correcta, en el PG o grupo de PG correctos. Tras muchos a\u00f1os de investigaci\u00f3n descubr\u00ed, que realizando un impacto sobre el PG activado, con una fuerza determinada, se logra desactivar una proporci\u00f3n importante de PG activos, desde la primera visita, desapareciendo el dolor implicado, as\u00ed como la rigidez muscular, llegando al restablecimiento de la parte afectada en poco tiempo. <\/p>\n<p><strong>Carlos Ros Mudarra<\/strong>, Diplomado en Masaje Terap\u00e9utico y Deportivo, Quiropraxia, Aromaterapia y Farmacia Natural. Monitor y Profesor de Terapias manuales e Iridolog\u00eda. M\u00e9dico, Dr. en Medicinas Naturales por la Confederaci\u00f3n Internacional de Medicinas Naturales. Fundador del Katapateo (M\u00e9todo Terap\u00e9utico Pedestre Ros, masaje con los pies.) Autor de la obra El masaje con los pies. Dise\u00f1ador e investigador de artilugios que ayudan al terapeuta en su trabajo.<\/p>\n<p><strong>* Sala 2 \u2022 13:00-14:15<\/strong><\/p>\n<p>&#8211; <em>Introducci\u00f3n a la Terapia Energ\u00e9tica Integrativa, T.E.I.<\/em><\/p>\n<p>La T.E.I. es un h\u00edbrido entre el diagn\u00f3stico y la terap\u00e9utica, la suma pr\u00e1ctica y efectiva de m\u00faltiples propuestas terap\u00e9uticas y evaluatorias que el ponente ha ido aprendiendo y seleccionando por su eficacia y sencillez a lo largo de m\u00e1s de veinticinco a\u00f1os de pr\u00e1ctica cl\u00ednica. Es energ\u00e9tica porque trabaja con energ\u00eda, e integrativa porque es un m\u00e9todo abierto que va integrando lo mejor en la pr\u00e1ctica terap\u00e9utica. Un sistema que puede ser individualizado y ajustado a cada terapeuta seg\u00fan sus caracter\u00edsticas y a cada paciente seg\u00fan su necesidad. Es tambi\u00e9n una terapia energ\u00e9tica integral que quiere decir aqu\u00ed global, total, especialmente en nuestra manera de ver al enfermo, desde un enfoque hol\u00edstico. Se utilizan diferentes formas diagn\u00f3sticas o evaluatorias seg\u00fan la sensibilidad del terapeuta o la necesidad del paciente: el test del anillo, el VAS, la bioantena de los radiestesistas, la palpaci\u00f3n fascial longitudinal (PFL), el triple pulso ayurv\u00e9dico, y otros. Y en el \u00e1mbito de la observaci\u00f3n el estudio del iris, la lengua, la oreja, las u\u00f1as, las manos, la huella digital y la forma del cuerpo que nos habla de la constituci\u00f3n y el terreno del paciente.<\/p>\n<p><strong>Julio Alberto Alonso Y\u00e1\u00f1ez<\/strong>, Oste\u00f3pata y Natur\u00f3pata energetista. Diplomado en Posturolog\u00eda cl\u00ednica y oclusoposturolog\u00eda. Especialista en Neuralterapia y Auriculomedicina, gran conocedor de la medicina Biol\u00f3gica y el enfoque hol\u00edstico, creador de la T.E.I. Acude regularmente como asistente, conferenciante y docente a Congresos y cursos de formaci\u00f3n continuada en Europa y Am\u00e9rica. <\/p>\n<p><strong>* Sala 3 \u2022 13:00-14:15<\/strong><\/p>\n<p>&#8211; <em>Renov\u00e9n, nuevos avances<\/em> (Ponencia cdomercial)<\/p>\n<p>La eficacia citot\u00f3xica del BIO-BAC\/RENOV\u00c9N frente a las c\u00e9lulas cancerosas ha quedado nuevamente confirmada en laboratorio, al provocar la inhibici\u00f3n del crecimiento de este tipo de c\u00e9lulas de forma no reversible. Es m\u00e1s, se ha constatado que no s\u00f3lo destruye las c\u00e9lulas tumorales sino que adem\u00e1s induce su apoptosis, (estudio publicado en Gen-T). Todo ello al tiempo que estimula y regula el sistema inmunitario, como se ha mostrado tanto en voluntarios sanos como enfermos de linfoma no Hodkins, (publicado en: Journal of Biomedicine and Biotechnology). <\/p>\n<p><strong>Enrique Mart\u00ednez Oliv\u00e1n<\/strong>, Licenciado en CC Biol\u00f3gicas por la Universidad Aut\u00f3noma de Madrid. Hasta Mayo de 1995 ejerci\u00f3 como profesor de Biolog\u00eda en colegio Ntra. Sra. Del Buen Consejo, Madrid. Desde Mayo de 1995 hasta Febrero de 2002 trabaj\u00f3 para Laboratorios e Industrias IVEN, en el departamento de producci\u00f3n de inmunol\u00f3gicos. Desde Febrero del 2002 hasta la actualidad, trabaja en la empresa de laboratorios GEAMED como responsable de departamento t\u00e9cnico.<\/p>\n<p><strong>* Sala 1 \u2022 16:00-17:15<\/strong><\/p>\n<p>&#8211; <em>Sanar a trav\u00e9s de la Energ\u00eda<\/em><\/p>\n<p>En la presente ponencia se har\u00e1 una breve explicaci\u00f3n de qu\u00e9 es la Energ\u00eda y c\u00f3mo utilizarla en nuestro beneficio. Se realizar\u00e1n demostraciones con el p\u00fablico asistente para que sientan la Energ\u00eda, como si de un juego se tratara. Se proyectar\u00e1 un peque\u00f1o v\u00eddeo personal de 5 minutos de duraci\u00f3n grabado con la c\u00e1mara kirlian donde se demuestra la eficiencia de la energ\u00eda en la sanaci\u00f3n. La ponencia finalizar\u00e1 con una pr\u00e1ctica de sanaci\u00f3n general con el p\u00fablico asistente.<\/p>\n<p><strong>Josune Vega Mart\u00edn<\/strong>, Diplomada en Relajaci\u00f3n y Desarrollo personal, Profesora de Yoga. Diplomada en Terapia Craneo \u2013 Sacral. Maestra Reiki Usui y Komyo. Diplomada en Reconnective Healing, niveles I, II y The Reconnection, nivel III (Eric Pearl, Barcelona). Ha desarrollado su propio m\u00e9todo de Sanaci\u00f3n Integral con Energ\u00eda \u00abEnerg\u00eda Cristal 7\u00ae\u00bb. Ense\u00f1anza de su propio m\u00e9todo que contin\u00faa actualmente. Directora del Centro Josune Vega de Terapias Naturales en Errenteria (Guip\u00fazcoa.)<\/p>\n<p><strong>* Sala 2 \u2022 16:00-17:15<\/strong><\/p>\n<p>&#8211; <em>Sonido y bienestar para beb\u00e9s<\/em><\/p>\n<p>En esta curiosa ponencia se presentar\u00e1n diversas investigaciones de car\u00e1cter cient\u00edfico en las cuales se muestra el poder terap\u00e9utico del sonido sobre los diferentes aspectos del Ser y su empleo a lo largo de la Historia. Nos centraremos en la importancia de la M\u00fasica y, en concreto, de la Canci\u00f3n de Cuna para las Madres\u2013Padres y Beb\u00e9s. Como \u00abEsencia de la M\u00fasica\u00bb, la voz cantada en forma de Nana es de vital importancia en el desarrollo del beb\u00e9, antes de su nacimiento y durante los primeros a\u00f1os de vida, y es una fant\u00e1stica herramienta con la que los progenitores comunican con su Ser y el de su beb\u00e9. A trav\u00e9s de las diferentes investigaciones en los \u00faltimos veinte a\u00f1os, se abordar\u00e1 este tema con ejemplos de Nanas de diferentes culturas. Adem\u00e1s se tocar\u00e1n instrumentos sencillos que inducen al bienestar acompa\u00f1\u00e1ndonos de la voz.<\/p>\n<p><strong>Carmen D\u00edaz Baruque<\/strong>, Terapeuta, especialista en Sonidos para el Bienestar, Nanas, Bilateralizaci\u00f3n Cerebral a trav\u00e9s del Sonido, Organolog\u00eda, M\u00fasicoterapia, etc. Licenciada en Historia del Arte, realiz\u00f3 estudios avanzados de M\u00fasica para el Real Conservatorio Superior de M\u00fasica de Madrid. Desde 1998 investiga sobre las Canciones de Cuna de nuestro folklore y de otras culturas, realizando numerosos talleres, y colaborando en los Centros de Apoyo al Profesorado de Madrid.<\/p>\n<p><strong>* Sala 3 \u2022 16:00-17:15<\/strong><\/p>\n<p>&#8211; <em>Activaci\u00f3n por el compuesto de arabinoxilano de salvado de arroz (RBAC) de las natural killer innatas y las c\u00e9lulas dendr\u00edticas<\/em><\/p>\n<p>Las c\u00e9lulas dendr\u00edticas (DC) juegan un papel crucial como iniciadores y reguladores de la respuesta inmune. Se estudiaron los efectos moduladores del compuesto de arabinoxilano de salvado de arroz (RBAC) en la maduraci\u00f3n inVitro de las DC humanas. Dichas c\u00e9lulas fueron preparadas de monocitos perif\u00e9ricos adheridos a pl\u00e1stico y su maduraci\u00f3n fue inducida por combinaciones de citoquinas inflamatorias y lipopolisac\u00e1ridos bacterianos (LPS). El tratamiento de las c\u00e9lulas se llev\u00f3 a cabo con diferentes concentraciones de RBAC en presencia o ausencia de la mezcla de maduraci\u00f3n de citoquinas pertinentes para evaluar sus efectos en la maduraci\u00f3n de las DC. El arabinoxilano indujo y mejor\u00f3 la maduraci\u00f3n de las iDC en presencia de la mezcla de citoquinas y LPS. El mieloma m\u00faltiple (MM) es una enfermedad de las c\u00e9lulas plasm\u00e1ticas incurable complicada por infecciones que resultan de inmunodeficiencias humorales y celulares. Evaluamos el impacto del consumo del arabinoxilano en el sistema inmunitario innato en pacientes con MM en un estudio controlado con placebo y posteriormente con pacientes con MM. El arabinoxilano mostr\u00f3 efectos moduladores en las DC y las NK. Observamos un aumento significativo de la actividad de las NK, as\u00ed como un aumento del porcentaje del total de poblaci\u00f3n de DC y de la subpoblaci\u00f3n de DC mieloide en comparaci\u00f3n con el grupo placebo. Los niveles de 10 citoquinas fueron significativamente aumentados despu\u00e9s del tratamiento. Los datos demostraron que el arabinoxilano (RBAC) es un refuerzo potente de la maduraci\u00f3n de las DC y su consumo puede ser beneficioso como suplemento para mantener la subpoblaci\u00f3n de DC mieloide y la actividad de las NK.<\/p>\n<p><strong>Dra. Dana Chojulov\u00e1<\/strong>, Doctora en Biolog\u00eda, doctora Rerum Naturum por la facultad de Ciencias Naturales Pavol Josef Safarik (Eslovenia.) Experta en Oncolog\u00eda, Inmunolog\u00eda y Epidemiolog\u00eda. Actualmente trabaja en el Instituto de Investigaci\u00f3n contra el c\u00e1ncer en Vlarska, Bratislava, Rep\u00fablica Eslovaca.<\/p>\n<p><strong>* Sala 1 \u2022 17:30-18:45<\/strong><\/p>\n<p>&#8211; <em>La Risoterapia, t\u00e9cnica curativa y sobre todo preventiva<\/em><\/p>\n<p>La ponencia informa de lo que es la Risoterapia moderna, respondiendo a las preguntas m\u00e1s elementales sobre ella. Se distingue entre la Risoterapia intelectual y la Risoterapia popular. Se comentan los avances dentro de la Risoterapia llevados a cabo por profesores em\u00e9ritos de universidades americanas, como William Fry o Rod A. Martin, que demuestran qu\u00e9 sustancias generamos los seres humanos cuando re\u00edmos a carcajada, distingui\u00e9ndolo de la sonrisa, que es un gesto social que solo mueve apenas dos m\u00fasculos de la cara, mientras que la Risa mueve 420 m\u00fasculos del cuerpo. Se analizan los tipos de Risa existentes, y cu\u00e1les son los beneficios para el ser humano en sus distintos \u00e1mbitos de la vida, como el personal, social y profesional. As\u00ed como sus beneficios corporales, mentales y emocionales. Se realizar\u00e1 una pr\u00e1ctica con los asistentes.<\/p>\n<p><strong>Jos\u00e9 El\u00edas Fern\u00e1ndez Gonz\u00e1lez<\/strong>, Psic\u00f3logo, Master en Psicolog\u00eda en el Deporte (UAM), Especialista en Hipnosis Cl\u00ednica (UCM) y Pionero en Risoterapia. Ha impartido conferencias en diversos hospitales y universidades.<\/p>\n<p><strong>* Sala 2 \u2022 17:30-18:45<\/strong><\/p>\n<p>&#8211; <em>Tratamiento homeop\u00e1tico para la mente y las emociones<\/em><\/p>\n<p>Vivimos una \u00e9poca de constantes cambios en todos los sentidos. Estamos expuestos a todo tipo de influencias externas e internas. En esta era global que nos ha tocado vivir, debemos de adaptar nuestro cuerpo y nuestra mente, a dichos cambios. Estos cambios nos estresan, deprimen, angustian, afectan a la relaci\u00f3n con la familia, los amigos, y al rendimiento en el trabajo. Si no ponemos remedio a tiempo, este proceso termina haci\u00e9ndonos enfermar. En esta charla conocer\u00e1n remedios homeop\u00e1ticos que nos han sido \u00fatiles para estas afecciones. La homeopat\u00eda trata al enfermo como un todo, as\u00ed que hacemos \u00e9nfasis en la personalidad del enfermo para conocer su remedio m\u00e1s semejante y \u00f3ptimo por su manera de ser. La homeopat\u00eda no es una \u00abpanacea\u00bb, pero es indudable que ha ayudado a muchos enfermos en este tipo de sufrimientos. La ponencia pretende que las personas sepan utilizar estas herramientas que, siendo inocuas, realizan curaciones magistrales. <\/p>\n<p><strong>Joan Gasparin<\/strong>, Director del Institut Homeop\u00e0tic de Catalunya. Presidente de la Sociedad Espa\u00f1ola de Homeopat\u00eda Cl\u00e1sica. Home\u00f3pata de gran prestigio a nivel internacional.<\/p>\n<p><strong>* Sala 3 \u2022 17:30-18:45<\/strong><\/p>\n<p>&#8211; <em>La Medicina T\u00e1ntrica<\/em><\/p>\n<p>Como m\u00e9dico he aprendido que primero hay que reconocer el estado patol\u00f3gico en que se encuentra la persona valorando los s\u00edntomas y los estudios t\u00e9cnicos. Lo 2\u00ba es buscar las causas que lo motivaron. 3\u00ba informar al interesado y 4\u00ba proporcionarle el m\u00e9todo para que realice su cambio, present\u00e1ndole la soluci\u00f3n bio-l\u00f3gica m\u00e1s completa u hol\u00edstica. El sanitario o m\u00e9dico t\u00e1ntrico va a ayudar a que la persona reflexione sobre el modo desajustado en el que est\u00e1 viviendo, a que se conecte con su referencia interna y a presentarle los m\u00e9todos que le pueden equilibrar para que se pueda auto-guiar en el nuevo estilo de vida que necesita vivir, que le conducir\u00e1n al bien-estar en sus distintos planos, es decir, a cuidar la salud de su anatom\u00eda, de su bioqu\u00edmica, en sus emociones, en su estado psicol\u00f3gico y a estar en todo momento conectado con el destino de su alma. As\u00ed el tantra m\u00e9dico ayuda a que la persona sea libre y responsable de su bienestar pudiendo elegir todas las caracter\u00edsticas de su modo de vida, desde la libertad de su conciencia. Esta actitud es la que hasta ahora resume y re\u00fane mi experiencia como cirujano y medico hol\u00edstico biol\u00f3gico, sobre la cual esta basada esta comunicaci\u00f3n.<\/p>\n<p><strong>Dr. Isidro S\u00e1nchez Grima<\/strong>, Doctor en Traumatolog\u00eda y Medicina Ortop\u00e9dica. Instructor avanzado de Tantra. Licenciado en Medicina Tradicional China. Dipl\u00f4me de Fin D\u00b4Etude de Hom\u00e9opathie. Master en Sofrolog\u00eda M\u00e9dica. Experto en Medicina Psicosom\u00e1tica, Kinesiolog\u00eda, Biorresonancia, Osteopat\u00eda, Neuralterapia, Ox\u00edgeno y Ozonoterapia y Alquimia. Fundador de la Escuela de Tantra M\u00edstico.<\/p>\n<p><strong>Otras actividades<\/strong><\/p>\n<p><strong>* Consultas Gratuitas:<\/strong> Durante los tres d\u00edas que dura el Congreso se habilitar\u00e1 un espacio (Stand n\u00ba 13) en el que se realizar\u00e1n consultas gratuitas de distintas terapias. A continuaci\u00f3n se reflejan los profesionales confirmados (30 julio 2010): <\/p>\n<p><strong>Viernes 15<\/strong><\/p>\n<p>&#8211; 11-14,30: <strong>Esther Miranda<\/strong> e <strong>Irene Molina<\/strong>. Consulta de <strong>Nutrici\u00f3n<\/strong><\/p>\n<p>&#8211; 11-14 h <strong>Carmen Benito Rico<\/strong>. Consulta de <strong>Reflexoterapia Podal<\/strong><\/p>\n<p>&#8211; 11-14,30 <strong>Sonsoles Jim\u00e9nez<\/strong>. Consulta de <strong>Cromoterapia<\/strong> y <strong>Coaching<\/strong><\/p>\n<p>&#8211; 15,30 -19 <strong>Armando Scharovsky<\/strong>. Consulta de <strong>Hipnosis<\/strong> y <strong>Banda G\u00e1strica Virtual<\/strong><\/p>\n<p>&#8211; 15,30-19 <strong>Dina Furceanu<\/strong>. Consulta de <strong>T\u00e9cnicas Bowen<\/strong> y <strong>Hua Tuo<\/strong><\/p>\n<p>&#8211; 15,30-19 <strong>Marcel Vega Villar<\/strong>. Consulta de <strong>PHE (Medicina Cu\u00e1ntica)<\/strong><\/p>\n<p><strong>S\u00e1bado 16<\/strong><\/p>\n<p>&#8211; 10-13 <strong>Paloma Carbonell Gonz\u00e1lez<\/strong>. Consulta de <strong>Reiki<\/strong><\/p>\n<p>&#8211; 10-13 <strong>Martina Llorente Alonso<\/strong>. Consulta de <strong>T\u00e9cnica Metam\u00f3rfica<\/strong><\/p>\n<p>&#8211; 10-13 <strong>Carlos Ros<\/strong>. Consulta de <strong>Katapateo, Desactivador de Puntos Gatillo<\/strong><\/p>\n<p>&#8211; 13-16 <strong>Rafael Labhat<\/strong>. Consulta de <strong>Biosales de Sch\u00fcssler<\/strong><\/p>\n<p>&#8211; 13-16 <strong>Carmen Risue\u00f1o Izquierdo<\/strong>. Consulta de <strong>Terapia Floral<\/strong><\/p>\n<p>&#8211; 13-16 <strong>Javier Cot<\/strong>. Consulta de <strong>Terapia Gestalt, Relaciones de Pareja y Fibromialgia<\/strong><\/p>\n<p>&#8211; 16,30-20 <strong>Natalia L\u00f3pez de Pablo<\/strong>. Consulta de <strong>Shiatsu<\/strong><\/p>\n<p>&#8211; 16,30-20 <strong>Marcel Vega Villar<\/strong>. Consulta de <strong>PHE (Medicina Cu\u00e1ntica)<\/strong><\/p>\n<p>&#8211; 16,30-20 <strong>Emilio J. G\u00f3mez<\/strong>. Consulta de <strong>Meditaci\u00f3n<\/strong><\/p>\n<p><strong>Domingo 17<\/strong><\/p>\n<p>&#8211; 10-13 <strong>Denis Marie Soto<\/strong>. Consulta de <strong>Bilocaci\u00f3n Cu\u00e1ntica<\/strong><\/p>\n<p>&#8211; 10-13 <strong>Carmen Risue\u00f1o Izquierdo<\/strong>. Consulta de <strong>Terapia Floral<\/strong><\/p>\n<p>&#8211; 10-13 <strong>Elena Mar\u00edn<\/strong> y <strong>Rakel Manotas<\/strong>. Consulta de <strong>Sistema de Sanaci\u00f3n Multidimensional Shamballa<\/strong><\/p>\n<p>&#8211; 13-16 <strong>Denis Marie Soto<\/strong>. Consulta de <strong>Bilocaci\u00f3n Cu\u00e1ntica<\/strong><\/p>\n<p>&#8211; 13-16 <strong>Armando Scharovsky<\/strong>. Consulta de <strong>Hipnosis<\/strong> y <strong>Banda G\u00e1strica Virtual<\/strong><\/p>\n<p>&#8211; 13-16 <strong>Nuria Lorite Ay\u00e1n<\/strong>. Consulta de <strong>Diagn\u00f3stico por lengua y pulso<\/strong><\/p>\n<p>&#8211; 16-19 <strong>Carlos Ros<\/strong>. Consulta de <strong>Katapateo, Desactivador de Puntos Gatillo<\/strong><\/p>\n<p>&#8211; 16-19 <strong>Roc\u00edo Coello Pinedo<\/strong>. Consulta de <strong>Nutrici\u00f3n<\/strong><\/p>\n<p>&#8211; 16-19 <strong>Amparo Ruiz<\/strong> y <strong>Paloma Cerezo<\/strong>. Consulta de <strong>Auriculoterapia<\/strong><\/p>\n<p><strong>* Firma de libros<\/strong><\/p>\n<p>En el stand n\u00ba 14 de Ecotienda Formaci\u00f3n, autores de libros firmar\u00e1n sus obras. A fecha de 30-07-2010 hab\u00edan confirmado su asistencia:<\/p>\n<p><strong>Viernes 15<\/strong> Horacio Ruiz, Gema Vidal Santos y Armando Scharovsky.<\/p>\n<p><strong>S\u00e1bado 16<\/strong> Horacio Ruiz, Jos\u00e9 Luis V\u00e1zquez Colomina, Jos\u00e9 Luis Cid\u00f3n Madrigal, Rafael Labhat, Emilio J. G\u00f3mez, Arturo Valenzuela Serrano, Marcel Vega Villar, Armando Scharovsky, P. Medina Ortega, Gema Vidal Santos y Domingo P\u00e9rez Le\u00f3n.<\/p>\n<p><strong>Domingo 17<\/strong> Armando Scharovsky, Gema Vidal Santos, Carlos Nogueira P\u00e9rez, Carlos Ros Mudarra, Joan Gaspar\u00edn, Jos\u00e9 El\u00edas Fern\u00e1ndez y Horacio Ruiz.<\/p>\n<p>(15 de octubre de 2010)<\/p>\n","protected":false},"excerpt":{"rendered":"<p>Hoy viernes se inicia en el Palacio de Congresos de Madrid (P\u00ba Castellana, 99) la 5\u00aa edici\u00f3n -EcoNat 2010- del \u00abCongreso Internacional de Medicinas Naturales\u00bb, cuyas <a href=\"http:\/\/marina.swarpeca.es\/IMG\/pdf\/ponencias_econat5_2010.pdf\">ponencias<\/a> y <a href=\"http:\/\/marina.swarpeca.es\/IMG\/pdf\/programa_econat_2010.pdf\">actividades<\/a> se prolongan hasta la tarde del domingo 17 de octubre, \u00abpara ofrecer &#8230; cuestiones fundamentales de la Salud, la Nutrici\u00f3n y las Terapias Naturales en sus diferentes \u00e1mbitos &#8230; m\u00e1s de medio centenar de ponentes desarrollar\u00e1n conferencias centradas en contenidos, cada vez m\u00e1s demandados, como la Medicina Biol\u00f3gica, la Naturopat\u00eda, la Homeopat\u00eda, la Medicina Tradicional China, la Nutrici\u00f3n y la Diet\u00e9tica, la Medicina Deportiva, las Terapias Manuales, la Fitoterapia, la Aromaterapia, etc.\u00bb. Es objetivo expl\u00edcito de los organizadores: \u00bb (&#8230;) la Naturopat\u00eda Integrativa, es decir, promover una sola medicina integrada\u00bb y, viendo los ponentes de este a\u00f1o, parece que est\u00e9n a punto de conseguirlo: hay 5 farmac\u00e9uticos y 6 m\u00e9dicos -que acaparan las cuestiones m\u00e1s jugosas: endometriosis, bioqu\u00edmica, fitoterapia, regularizaci\u00f3n magn\u00e9tica celular, cronoterapia, los primeros, y c\u00e1ncer, depresi\u00f3n, fatiga adrenal, antidegeneraci\u00f3n, salud por la alimentaci\u00f3n y medicina t\u00e1ntrica los segundos-, 5 bi\u00f3logos y 5 psic\u00f3logos, m\u00e1s 1 ingeniero el\u00e9ctrico y 1 investigador; el resto s\u00ed pertenece a campos m\u00e1s habituales y pr\u00f3ximos a las medicinas naturales y\/o complementarias: naturopat\u00eda, quiromasaje, homeopat\u00eda, fisioterapia, acupuntura, osteopat\u00eda, taichi, yoga, reiki o terapia floral. Se echa en falta, quiz\u00e1s, una presencia siquiera testimonial de alguien relacionado con las plantas medicinales, alg\u00fan fitoterapeuta o yerbero; y parece llamativo que las \u00fanicas intervenciones previstas en el programa -2: fitoterapia &#8216;racional&#8217; (contraponiendo adem\u00e1s el se\u00f1or Doctor en Farmacia los usos populares a las realidades &#8216;cient\u00edficas&#8217;) y recuperaci\u00f3n de la salud con aceites esenciales -o una 3\u00aa si se quiere inclu\u00edr la granada fermentada en la salud masculina- las 2 o las 3, son todas ponencias &#8216;comerciales&#8217;: siempre puede haber alg\u00fan suspicaz que crea le quieran vender algo, y suena como m\u00e1s mejor una ponencia &#8216;cient\u00edfica&#8217; &#8230; El precio de la entrada para asistir a las jornadas es de 180\u20ac -150 si se adquiri\u00f3 antes del 1 de octubre. Puede resultar interesante el debate sobre actualidad de la medicina natural y terapias alternativas, situaci\u00f3n a la que todos contribu\u00edmos d\u00eda a d\u00eda.<\/p>\n","protected":false},"author":1,"featured_media":1226,"comment_status":"closed","ping_status":"open","sticky":false,"template":"","format":"standard","meta":{"footnotes":""},"categories":[27],"tags":[],"_links":{"self":[{"href":"https:\/\/marina.swarpeca.es\/revista\/wp-json\/wp\/v2\/posts\/1227"}],"collection":[{"href":"https:\/\/marina.swarpeca.es\/revista\/wp-json\/wp\/v2\/posts"}],"about":[{"href":"https:\/\/marina.swarpeca.es\/revista\/wp-json\/wp\/v2\/types\/post"}],"author":[{"embeddable":true,"href":"https:\/\/marina.swarpeca.es\/revista\/wp-json\/wp\/v2\/users\/1"}],"replies":[{"embeddable":true,"href":"https:\/\/marina.swarpeca.es\/revista\/wp-json\/wp\/v2\/comments?post=1227"}],"version-history":[{"count":0,"href":"https:\/\/marina.swarpeca.es\/revista\/wp-json\/wp\/v2\/posts\/1227\/revisions"}],"wp:featuredmedia":[{"embeddable":true,"href":"https:\/\/marina.swarpeca.es\/revista\/wp-json\/wp\/v2\/media\/1226"}],"wp:attachment":[{"href":"https:\/\/marina.swarpeca.es\/revista\/wp-json\/wp\/v2\/media?parent=1227"}],"wp:term":[{"taxonomy":"category","embeddable":true,"href":"https:\/\/marina.swarpeca.es\/revista\/wp-json\/wp\/v2\/categories?post=1227"},{"taxonomy":"post_tag","embeddable":true,"href":"https:\/\/marina.swarpeca.es\/revista\/wp-json\/wp\/v2\/tags?post=1227"}],"curies":[{"name":"wp","href":"https:\/\/api.w.org\/{rel}","templated":true}]}}