{"id":1217,"date":"2010-10-13T00:25:22","date_gmt":"2010-10-13T00:25:22","guid":{"rendered":"https:\/\/marina.swarpeca.es\/revista\/2010\/10\/13\/alemania-el-numero-de-enfermos-se-duplica-entre-los-desempleados\/"},"modified":"2010-10-13T00:25:22","modified_gmt":"2010-10-13T00:25:22","slug":"alemania-el-numero-de-enfermos-se-duplica-entre-los-desempleados","status":"publish","type":"post","link":"https:\/\/marina.swarpeca.es\/revista\/alemania-el-numero-de-enfermos-se-duplica-entre-los-desempleados\/","title":{"rendered":"Alemania: el n\u00famero de enfermos se duplica entre los desempleados"},"content":{"rendered":"\n<p>La cifra de la Agencia Federal del Trabajo (BA, por sus siglas alemanas) habla por s\u00ed sola: en la primera mitad del a\u00f1o 2010 se registraron cerca de un mill\u00f3n de \u00ab<em>casos de incapacidad laboral<\/em>\u00bb entre los desempleados. Esta escalofriante cifra se encuentra en el informe publicado el pasado lunes por la DGB titulado \u201c<em>Desempleo y riesgos para la salud<\/em>\u201d. Los autores del estudio creen que esta cifra nada halag\u00fce\u00f1a podr\u00eda aumentar, sobre todo porque \u00ab<em>los desempleados de corta duraci\u00f3n y los pacientes menos graves no siempre causan baja como enfermos y dejan que sea el m\u00e9dico quien certifique en \u00faltima instancia la incapacidad laboral<\/em>\u00bb. Esta cifra se ha duplicado entre quienes buscan un trabajo, en arreglo a los grupos de edad, tanto como entre los trabajadores. As\u00ed, la cuota de bajas laborales por enfermedad en el grupo de trabajadores de entre 15 y 24 a\u00f1os de edad se encuentra en el 3%, mientras que entre quienes buscan trabajo aumenta hasta el 4&#8217;4%. A medida que crece la edad la distancia se acrecienta: la cifra de enfermos entre los desempleados en el grupo de 55 a 59 a\u00f1os de edad es superior al 15%, mientras que entre los trabajadores no alcanza el 7%.<\/p>\n<p>El estudio de la DGB se a\u00f1ade a los resultados de la investigaci\u00f3n del Instituto para la investigaci\u00f3n del mercado de trabajo y b\u00fasqueda de empleo (IAB, por sus siglas en alem\u00e1n), seg\u00fan el cual, \u00ab<em>el 35% de los receptores de las ayudas de desempleo de la segunda categor\u00eda<\/em> (Arbeitslosengeld-II) <em>manifiestan un retroceso evidente en su estado de salud<\/em>\u00bb. Los desempleados son especialmente susceptibles de caer en el uso de sustancias adictivas como el alcohol o el tabaco, con las consecuencias correspondientes: as\u00ed, m\u00e1s de la media de estos desempleados debe completar una larga terapia contra su alcoholismo. \u00ab<em>En consecuencia, los desempleados mueren antes<\/em>\u00bb, se afirma literalmente en este estudio. Esta afirmaci\u00f3n coincide con las cifras demogr\u00e1ficas de referencia. En ning\u00fan otro lugar de Alemania es tan baja la esperanza de vida como en las regiones estructuralmente d\u00e9biles de Mecklemburgo Pomerania Occidental y Sajonia-Anhalt. El mal estado de salud se agrava adem\u00e1s con las condiciones de reincorporaci\u00f3n en la vida laboral. De acuerdo con las estad\u00edsticas oficiales de desempleo de junio de 2010, cerca de 540.000 desempleados presenta un \u00ab<em>empeoramiento relevante de su salud<\/em>\u00bb.  <\/p>\n<p>A\u00fan hoy discuten los expertos si existe un \u201c<em>s\u00edndrome del desempleo<\/em>\u201d espec\u00edfico. \u00ab<em>Depresi\u00f3n, ansiedad, p\u00e9rdida de la esperanza, un sentimiento de desamparo hasta llegar a la resignaci\u00f3n, as\u00ed como una disminuci\u00f3n de la autoestima<\/em>\u00bb son los s\u00edntomas de una enfermedad apenas tenida en cuenta hasta ahora. No sorprende pues que los desempleados, en comparaci\u00f3n con los trabajadores, sean quienes soliciten un tercio de los psicof\u00e1rmacos. Y son sobre todo las mujeres a quienes se les prescribe tratamientos con fuertes antidepresivos.   <\/p>\n<p>Annelie Buntenbach, miembro de la directiva de la DGB, advirti\u00f3 el lunes de las consecuencias de este desarrollo: \u00ab<em>cuanto m\u00e1s dure el desempleo y menores sean las perspectivas de una reincorporaci\u00f3n a la vida laboral, m\u00e1s empeorar\u00e1 la situaci\u00f3n de los afectados y de sus familias<\/em>\u00bb. Buntenbach reclama \u00ab<em>medidas preventivas apropiadas<\/em>\u00bb y \u00ab<em>m\u00e1s y mejores cursos de formaci\u00f3n<\/em>\u00bb para los afectados. S\u00f3lo as\u00ed podr\u00eda tener \u00e9xito una \u00ab<em>reintegraci\u00f3n sostenible en el mercado de trabajo<\/em>\u00bb. <\/p>\n<p>Pero no solamente el desempleo, sino tambi\u00e9n \u00ab<em>la inseguridad en el puesto de trabajo conduce a un empeoramiento de la salud<\/em>\u00bb, a\u00f1ade el estudio de la DGB. Los des\u00f3rdenes comienzan ya antes de la p\u00e9rdida concreta del puesto de trabajo, m\u00e1s o menos en el momento de la amenaza de la direcci\u00f3n de \u00ab<em>un plan de reestructuraci\u00f3n<\/em>\u00bb, de modo que quienes no se encuentran en situaci\u00f3n de despido caen en una situaci\u00f3n de estr\u00e9s ps\u00edquico. <\/p>\n<p>* <strong>Fabian Lambeck<\/strong> es un especialista en problemas laborales que colabora regularmente en el diario alem\u00e1n de izquierda <em>Neues Deutschland<\/em>.<\/p>\n<p><a href=\"https:\/\/www.sinpermiso.info\/articulos\/porautor\/#\">Fuente: Sin Permiso<\/a> <\/p>\n<p>(13 de octubre de 2010)<\/p>\n","protected":false},"excerpt":{"rendered":"<p>Seg\u00fan un estudio de la DGB (la confederaci\u00f3n sindical alemana), los parados presentan un mayor riesgo de contraer enfermedades que quienes tienen un trabajo. Pero no solamente el desempleo, sino tambi\u00e9n \u00ab<em>la inseguridad en el puesto de trabajo conduce a un empeoramiento de la salud<\/em>\u00bb, a\u00f1ade el estudio de la DGB. Los des\u00f3rdenes comienzan ya antes de la p\u00e9rdida concreta del puesto de trabajo, m\u00e1s o menos en el momento de la amenaza de la direcci\u00f3n de \u00ab<em>un plan de reestructuraci\u00f3n<\/em>\u00bb, de modo que quienes no se encuentran en situaci\u00f3n de despido caen en una situaci\u00f3n de estr\u00e9s ps\u00edquico. <\/p>\n","protected":false},"author":1,"featured_media":1216,"comment_status":"closed","ping_status":"open","sticky":false,"template":"","format":"standard","meta":{"footnotes":""},"categories":[40],"tags":[],"_links":{"self":[{"href":"https:\/\/marina.swarpeca.es\/revista\/wp-json\/wp\/v2\/posts\/1217"}],"collection":[{"href":"https:\/\/marina.swarpeca.es\/revista\/wp-json\/wp\/v2\/posts"}],"about":[{"href":"https:\/\/marina.swarpeca.es\/revista\/wp-json\/wp\/v2\/types\/post"}],"author":[{"embeddable":true,"href":"https:\/\/marina.swarpeca.es\/revista\/wp-json\/wp\/v2\/users\/1"}],"replies":[{"embeddable":true,"href":"https:\/\/marina.swarpeca.es\/revista\/wp-json\/wp\/v2\/comments?post=1217"}],"version-history":[{"count":0,"href":"https:\/\/marina.swarpeca.es\/revista\/wp-json\/wp\/v2\/posts\/1217\/revisions"}],"wp:featuredmedia":[{"embeddable":true,"href":"https:\/\/marina.swarpeca.es\/revista\/wp-json\/wp\/v2\/media\/1216"}],"wp:attachment":[{"href":"https:\/\/marina.swarpeca.es\/revista\/wp-json\/wp\/v2\/media?parent=1217"}],"wp:term":[{"taxonomy":"category","embeddable":true,"href":"https:\/\/marina.swarpeca.es\/revista\/wp-json\/wp\/v2\/categories?post=1217"},{"taxonomy":"post_tag","embeddable":true,"href":"https:\/\/marina.swarpeca.es\/revista\/wp-json\/wp\/v2\/tags?post=1217"}],"curies":[{"name":"wp","href":"https:\/\/api.w.org\/{rel}","templated":true}]}}