{"id":1213,"date":"2010-10-13T04:40:26","date_gmt":"2010-10-13T04:40:26","guid":{"rendered":"https:\/\/marina.swarpeca.es\/revista\/2010\/10\/13\/internacional-el-amazonas-se-nos-muere\/"},"modified":"2010-10-13T04:40:26","modified_gmt":"2010-10-13T04:40:26","slug":"internacional-el-amazonas-se-nos-muere","status":"publish","type":"post","link":"https:\/\/marina.swarpeca.es\/revista\/internacional-el-amazonas-se-nos-muere\/","title":{"rendered":"Internacional: El Amazonas se nos muere"},"content":{"rendered":"<p>El <a href=\"https:\/\/institucional.ideam.gov.co\/jsp\/index.jsf\">Instituto de Hidrolog\u00eda, Meteorolog\u00eda y Estudios Ambientales de Colombia (IDEAM)<\/a> lanz\u00f3 una voz de alarma y advirti\u00f3 que \u201c<em>el Amazonas pas\u00f3 de 13 y 15 metros de profundidad a seis metros en s\u00f3lo dos semanas en \u00e1reas donde tienen estaciones de control, un bajonazo nunca antes visto<\/em>\u201d, seg\u00fan las autoridades ambientales colombianas.<\/p>\n<p>El r\u00edo Amazonas, que era el m\u00e1s caudaloso del mundo, conten\u00eda una quinta parte del agua dulce del mundo (alrededor del 20%), est\u00e1 reducido a enormes playas de arena. La mayor parte del agua desapareci\u00f3, el intenso verano amenaza con extinguir lo que queda del r\u00edo y temen que pueda secarse.<\/p>\n<p>Ahora lo que tenemos son toneladas y toneladas de peces muertos, comunidades ind\u00edgenas inmovilizadas, aisladas aguantando hambre porque ya no hay r\u00edo, ni les llegan ni pueden sacar productos y no hay un puente a\u00e9reo para llevarles alimentos y medicinas.<\/p>\n<p>Hace a\u00f1os, Greenpeace, viene denunciando la devastaci\u00f3n de toda la regi\u00f3n[[- <strong>El bosque tropical amaz\u00f3nico<\/strong><\/p>\n<p><img loading=\"lazy\" decoding=\"async\" class=\" alignleft size-full wp-image-1212\" src=\"https:\/\/marina.swarpeca.es\/revista\/wp-content\/uploads\/2010\/10\/amazonas2.jpg\" alt=\"amazonas2.jpg\" align=\"left\" width=\"180\" height=\"240\" \/> <\/p>\n<p><strong> <em>La selva amaz\u00f3nica desde el aire<\/em> <\/strong><\/p>\n<p><strong>La Amazonia es el mayor bosque primario que queda en la Tierra. Contiene la mayor biodiversidad del planeta, con el 50% de todas las especies de animales terrestres y plantas, que dependen de ella para sobrevivir. Veinte millones de personas, incluyendo numerosas poblaciones ind\u00edgenas, habitan en la Amazonia<\/strong>.<\/p>\n<p><strong>\u00bfQu\u00e9 est\u00e1 en juego?<\/strong><\/p>\n<p>Aunque la mayor parte de la Selva Amaz\u00f3nica se encuentra dentro de las fronteras brasile\u00f1as, esta selva tropical primaria se extiende por pa\u00edses como Guayana, Venezuela, Colombia, Suriname, Guayana Francesa, Ecuador, Per\u00fa y Bolivia. El bosque tropical m\u00e1s grande del mundo, la Selva Amaz\u00f3nica, es tan grande como Europa Occidental o la totalidad de EE.UU. Los cient\u00edficos afirman que es el ecosistema con m\u00e1s biodiversidad de toda la Tierra, manteniendo alrededor de 60.000 especies de plantas, 1.000 especies de p\u00e1jaros y m\u00e1s de 300 especies de mam\u00edferos, entre ellos el jaguar. El bosque y su famoso r\u00edo tambi\u00e9n mantienen la vida de m\u00e1s de 2.000 especies de peces de agua dulce y mam\u00edferos acu\u00e1ticos como el delf\u00edn rosa de agua dulce y la nutria gigante. Muchas \u00e1reas siguen siendo v\u00edrgenes por lo que un gran n\u00famero de especies de plantas y animales son desconocidas todav\u00eda por la ciencia. <\/p>\n<p>S\u00f3lo en Brasil, la Selva Amaz\u00f3nica es tambi\u00e9n el hogar de <strong>20 millones de personas<\/strong>, incluyendo, aproximadamente, 180.000 amerindios y muchos m\u00e1s caboclos (habitantes tradicionales del bosque de origen amerindio y portugu\u00e9s). Estas comunidades dependen del bosque para vivir. La selva les proporciona de todo, desde comida y resguardo, a herramientas y medicinas; y tambi\u00e9n juega un papel crucial en su cultura y sistema de creencias religiosas. <\/p>\n<p><strong>Es hora de actuar<\/strong> <\/p>\n<p>En las \u00faltimas cuatro d\u00e9cadas, s\u00f3lo en Brasil, la Amazonia ha perdido unos 700.000 km2 de su superficie, un \u00e1rea m\u00e1s grande que toda Francia.<\/p>\n<p>Las causas de la deforestaci\u00f3n en la Amazonia son diversas, pero el punto de partida en la mayor\u00eda de los casos es la <strong>tala ilegal<\/strong>. La explotaci\u00f3n forestal abre grandes \u00e1reas de bosque primario en busca de maderas de alto valor comercial, degradando el bosque y dejando atr\u00e1s una red de caminos que permiten el acceso a invasores con t\u00edtulos de propiedad falsos que queman los \u00e1rboles restantes para limpiar el terreno.<\/p>\n<p>En otros casos los colonos llegan primero, demarcan la tierra y financian sus nuevas <strong>explotaciones agr\u00edcolas<\/strong> vendiendo la madera comercial a las empresas madereras. En estos casos son los beneficios econ\u00f3micos de la actividad forestal ilegal los que permiten a los colonos establecerse en sus nuevas propiedades. Tala ilegal y deforestaci\u00f3n son las dos caras de la misma moneda.<\/p>\n<p>Seg\u00fan estimaciones del Gobierno Federal Brasile\u00f1o, <strong>m\u00e1s del 90% de la madera procedente de la Amazonia se tala con m\u00e9todos no sostenibles<\/strong>. Greenpeace estima que entre el 63 y el 80% de la madera extra\u00edda en esta regi\u00f3n tiene un origen ilegal.<\/p>\n<p><strong>Enlaces relacionados<\/strong> <\/p>\n<p>&#8211; <a href=\"https:\/\/marina.swarpeca.es\/revista\/IMG\/rtf\/greenpeace_amazonia_proyectoreserva.rtf\">Greenpeace en la Amazonia \/ Proyecto de reserva extractiva<\/a><\/p>\n<p><strong>Informes relacionados<\/strong><\/p>\n<p>&#8211; <a href=\"https:\/\/marina.swarpeca.es\/revista\/IMG\/pdf\/en-apoyo-del-pueblo-deni.pdf\">En apoyo del pueblo Deni<\/a> 01 septiembre 2001<\/p>\n<p><strong>Informes sobre la Amazonia<\/strong><\/p>\n<p>&#8211; <a href=\"https:\/\/marina.swarpeca.es\/revista\/IMG\/pdf\/impacto-de-la-ganader-a-en-la.pdf\">Impacto de la ganader\u00eda en la Amazonia (english)<\/a> 29 enero 2009<\/p>\n<p>&#8211; <a href=\"https:\/\/marina.swarpeca.es\/revista\/IMG\/pdf\/impacto-de-la-ganader-a-en-la-2.pdf\">Impacto de la ganader\u00eda en la Amazonia (castellano)<\/a> 29 enero 2009<\/p>\n<p>&#8211; <a href=\"https:\/\/marina.swarpeca.es\/revista\/IMG\/pdf\/devorando-la-amazonia.pdf\">Devorando la Amazonia<\/a> 06 abril 2006<\/p>\n<p>&#8211; <a href=\"https:\/\/marina.swarpeca.es\/revista\/IMG\/pdf\/devorando-la-amazonia-la-resp.pdf\">Devorando la Amazonia. La responsabilidad de McDonald&#8217;s en la deforestaci\u00f3n amaz\u00f3nica<\/a> 06 abril 2006<\/p>\n<p>&#8211; <a href=\"https:\/\/marina.swarpeca.es\/revista\/IMG\/pdf\/que-nos-estamos-jugando.pdf\">\u00bfQu\u00e9 nos estamos jugando? La destrucci\u00f3n de los bosques primarios<\/a> 11 noviembre 2005<\/p>\n<p><a href=\"https:\/\/www.greenpeace.org\/espana\/campaigns\/bosques\/el-bosque-tropical-amaz-nico\">Fuente: Greenpeace<\/a>.]], especialmente en el sector Brasilero, en donde los buld\u00f3zeres arrasan d\u00eda y noche con la que antes era selva para convertirla en potreros. Mientras que en la zona peruana como no hay buld\u00f3zeres le meten candela inmisericordemente a los bosques, para ganarle terreno r\u00e1pidamente al tapete verde. Y en nuestro pa\u00eds el control es m\u00ednimo, \u00e9sa es tierra de nadie y s\u00f3lo un 30 % es protegido especialmente por las comunidades ind\u00edgenas que s\u00ed tienen conciencia de lo que debe ser la protecci\u00f3n de su territorio.<\/p>\n<p>Duele, ver que a las nuevas generaciones nos est\u00e9n dejando un planeta arrasado, moribundo y desolado. Nadie pone orden, nadie le pone un tataquieto a la voracidad capitalista, al consumismo, nadie tiene la autoridad para impedir que \u00e9sto suceda. S\u00f3lo voces aisladas, de l\u00edderes ind\u00edgenas y ONG, protestan por todos estos factores que acaban con la selva, alteran el clima, acaban con el verde y contaminan el ambiente.<\/p>\n<p>Y si se seca el Amazonas, pues estar\u00e1n listas estas empresas \u00e1vidas de dinero, que es en lo \u00fanico que piensan, para pavimentarlo y hacer hermosas autopistas y pistas alternas para aterrizaje de aviones que lleguen por la madera y las especies animales.<\/p>\n<p>El l\u00edder del Amazonas Magno Alejandro Pinto de la comunidad de los Tikunas, expres\u00f3 que hace un llamado no s\u00f3lo a los pa\u00edses de la cuenca sino a todo el mundo para que miren hacia esta regi\u00f3n que se est\u00e1 muriendo. Decenas de comunidades, miles de especies de fauna y flora est\u00e1n a punto de extinguirse. \u201c<em>Salvemos la Amazon\u00eda<\/em>\u201d, es su voz de protesta.<\/p>\n<p>El Amazonas nuestro pulm\u00f3n, el bosque tropical m\u00e1s extenso del mundo, est\u00e1 inmerso en una imparable guerra que le declararon los humanos para destruirla.<\/p>\n<p>Insisto y lo seguir\u00e9 denunciando, que la selva se muere porque de los 6 millones de km\u00b2 repartidos entre ocho pa\u00edses, Brasil, Per\u00fa, Bolivia, Colombia, Ecuador, Venezuela, Guyana, Surinam y la Guayana Francesa, m\u00e1s del 20 por ciento ha sido destru\u00eddo por la explotaci\u00f3n industrial en los \u00faltimos 30 a\u00f1os, pero con las nuevas tecnolog\u00edas, nuevas maquinarias y la mayor ambici\u00f3n econ\u00f3mica se est\u00e1 acelerando este proceso.<\/p>\n<p>Y para colmo de males, el Brasil mayor depredador del Amazonas, aprob\u00f3 una ley, impulsada por Lula y el Partido de los Trabajadores, de <strong>privatizaci\u00f3n del Amazonas<\/strong> [[- <a href=\"https:\/\/marina.swarpeca.es\/revista\/IMG\/rtf\/lei_11952.rtf\">*<strong> <em>Lei n\u00ba 11.952, de 25 de junho de 2009<\/em> <\/strong>, publicado no DOU de 26.6.2009 *<em>Medida Provis\u00f2ria n\u00ba 458, de 10 de fevereiro de 2009<\/em>, publicado no DOU de 11.2.2009 (pp 25) *<em>Exposi\u00e7ao de Motivos de Medida Provis\u00f2ria n\u00ba 458<\/em>, 6 de fevereiro de 2009 (pp 49) *<em>Prorroga\u00e7ao de prazo de Medida Provis\u00f2ria n\u00ba 458<\/em>, 7 de abril de 2009, publicado no DOU de 8.4.2009 (pp 52) *<em>Mensagem n\u00ba 488, de 25 de junho de 2009, veto parcial de art 7\u00ba e Inciso II do art 8\u00ba de Lei 11.952 e razoes dos vetos<\/em>, publicado no DOU de 26.6.2009 (pp 53) *<strong> <em>Decreto n\u00ba 6.992, de 28 de outubro de 2009<\/em> <\/strong>, Regulamenta a Lei n\u00ba 11.952, publicado no DOU de 29.10.2009 (pp 55)<\/a>.]], [[- <a href=\"https:\/\/marina.swarpeca.es\/revista\/IMG\/pdf\/privatizacion_amazonas.pdf\">*<strong>Antecedentes y consecuencias de la privatizaci\u00f3n del Amazonas &#8211; Reforma al C\u00f3digo Forestal:<\/strong> \u00ab<em>Brasil entreg\u00f3 el Amazonas<\/em>\u00ab, Emiliano Guido y Pamiela Dami entrevistan a Elsa Bruzzone, apm (Agencia Period\u00edstica del Mercosur), 03-04-2006; \u00ab<em>Selva Amaz\u00f3nica a licitaci\u00f3n<\/em>\u00ab, Jesica Salvatierra, apm, 27-09-2007 (pp 5); \u00ab<em>Brasil perde com a Medida Provis\u00f3ria 458<\/em>\u00ab, Ed\u00e9lcio Vigna, Instituto de Estudos Socioecon\u00f4micos (INESC), fevereiro 2009 (pp 9); \u00ab<em>MP 458: Marina Silva alerta para legaliza\u00e7ao de terras griladas<\/em>\u00ab, Nelson Oliveira, Ag\u00eancia Senado, 03-06-2009 (pp 12); \u00ab<em>Carta aberta ao Presidente Lula<\/em>\u00ab, Senadora Marina Silva, 04\/06\/2009 (pp 14); \u00ab<em>Senado aprueba ley contra Amazonia<\/em>\u00ab, Noticias Aliadas \/ Latinamerica Press, 18-06-2009 (pp 16); \u00ab<em>Brasil y la privatizaci\u00f3n del Amazonas<\/em>\u00ab, Ariel Palazzesi, Neoteo, 27-06-2009 (pp 17); \u00ab<em>Brasil &#8211; La privatizaci\u00f3n ocasionar\u00e1 un problema de imprevisibles consecuencias en la selva Amaz\u00f3nica<\/em>\u00ab, Norberto Ovando, AlterInfos Am\u00e9rica Latina &#8211; Diffusion de l\u2019Information sur L\u2019Amerique Latine, 13-08-2009 (pp 22); \u00ab<em>Declaraciones de Chico Buarque: Ministro de Educaci\u00f3n de Brasil &#8211; Cristovam Ricardo Cavalcanti Buarque<\/em>\u00bb (pp 25); \u00ab<em>Reforma al C\u00f3digo Forestal (Proyecto de Ley 1876\/99) es aprobada y provoca protestas de ambientalistas<\/em>\u00ab, Tatiana F\u00e9lix, Adital, 06-07-2010 (pp 29)<\/a>.]], al que en un futuro cercano se podr\u00e1 llamar \u201c<em>selva sin \u00e1rboles y sin animales<\/em>\u00bb o \u201c<em>Amazonas S.A<\/em>\u201d.<\/p>\n<p>Desde el 2006 Greenpeace present\u00f3 el informe <a href=\"https:\/\/marina.swarpeca.es\/revista\/IMG\/pdf\/devorando-la-amazonia.pdf\">\u201c<em>Devorando la Amazon\u00eda<\/em>\u201d<\/a>, el cual habla sobre la deforestaci\u00f3n que se est\u00e1 produciendo en la selva amaz\u00f3nica para introducir cultivos de soja y c\u00f3mo esa soja acaba siendo exportada para la alimentaci\u00f3n de ganado que acaba sirviendo de alimento en cadenas de comida r\u00e1pida y supermercados.<\/p>\n<p>Antes de darle el ultimo adi\u00f3s a los habitantes de la Amazon\u00eda aprovechemos para tomarles fotos y tengamos algunos animales en los zool\u00f3gicos para tener la oportunidad de mostr\u00e1rselos a nuestros descendientes, tales como el jaguar, el puma, el tapir, el venado, las tortugas, caimanes, babillas y serpientes, como la famosa anaconda, el guacamayo, el tuc\u00e1n, el \u00e1guila arp\u00eda, o el Delf\u00edn rosado entre muchos otros.<\/p>\n<p>Mejor dicho como van las cosas, compremos un acuario para salvar algunas de las variedades pisc\u00edcolas de la regi\u00f3n.<\/p>\n<p>\u2014-<\/p>\n<p>Publicado en el diario <a href=\"https:\/\/www.elnuevosiglo.com.co\/\"><em>El Nuevo Siglo<\/em><\/a>. Recibido (<em>Servindi<\/em>) de la autora.<\/p>\n<p><a href=\"https:\/\/www.servindi.org\/actualidad\/33335?utm_source=feedburner&#038;utm_medium=email&#038;utm_campaign=Feed%3A+Servindi+%28Servicio+de+Informaci%C3%B3n+Indigena%29&#038;utm_content=Yahoo%21+Mail\">Fuente: Servindi<\/a><\/p>\n<p>(13 de octubre de 2010)<\/p>\n","protected":false},"excerpt":{"rendered":"<p>\u201c<em>Cada edici\u00f3n dominical de &#8216;New York Times&#8217; consume una cantidad de papel fabricada con 200 hect\u00e1reas de bosque<\/em>\u201d: Gabriel Garc\u00eda M\u00e1rquez. Inveros\u00edmil: Es m\u00e1s importante para los medios de informaci\u00f3n y la opini\u00f3n p\u00fablica, una noticia de far\u00e1ndula, que la alarmante informaci\u00f3n sobre el pulm\u00f3n del mundo: \u201d<em>El Amazonas vive la peor sequ\u00eda de los \u00faltimos cien a\u00f1os\u201c<\/em>. No hubo revuelo, no hubo reuni\u00f3n urgente de los gobiernos de los pa\u00edses de la regi\u00f3n, no hubo protestas masivas, no hubo manifestaciones de las organizaciones no gubernamentales (ONG). Mejor dicho no mereci\u00f3, ni un grito de auxilio.<\/p>\n","protected":false},"author":1,"featured_media":1211,"comment_status":"closed","ping_status":"open","sticky":false,"template":"","format":"standard","meta":{"footnotes":""},"categories":[33],"tags":[],"_links":{"self":[{"href":"https:\/\/marina.swarpeca.es\/revista\/wp-json\/wp\/v2\/posts\/1213"}],"collection":[{"href":"https:\/\/marina.swarpeca.es\/revista\/wp-json\/wp\/v2\/posts"}],"about":[{"href":"https:\/\/marina.swarpeca.es\/revista\/wp-json\/wp\/v2\/types\/post"}],"author":[{"embeddable":true,"href":"https:\/\/marina.swarpeca.es\/revista\/wp-json\/wp\/v2\/users\/1"}],"replies":[{"embeddable":true,"href":"https:\/\/marina.swarpeca.es\/revista\/wp-json\/wp\/v2\/comments?post=1213"}],"version-history":[{"count":0,"href":"https:\/\/marina.swarpeca.es\/revista\/wp-json\/wp\/v2\/posts\/1213\/revisions"}],"wp:featuredmedia":[{"embeddable":true,"href":"https:\/\/marina.swarpeca.es\/revista\/wp-json\/wp\/v2\/media\/1211"}],"wp:attachment":[{"href":"https:\/\/marina.swarpeca.es\/revista\/wp-json\/wp\/v2\/media?parent=1213"}],"wp:term":[{"taxonomy":"category","embeddable":true,"href":"https:\/\/marina.swarpeca.es\/revista\/wp-json\/wp\/v2\/categories?post=1213"},{"taxonomy":"post_tag","embeddable":true,"href":"https:\/\/marina.swarpeca.es\/revista\/wp-json\/wp\/v2\/tags?post=1213"}],"curies":[{"name":"wp","href":"https:\/\/api.w.org\/{rel}","templated":true}]}}