{"id":1207,"date":"2010-10-07T09:05:41","date_gmt":"2010-10-07T09:05:41","guid":{"rendered":"https:\/\/marina.swarpeca.es\/revista\/2010\/10\/07\/todo-lo-que-queres-saber-sobre-como-hacerse-un-aborto-con-pastillas-y-otros-textos-de-editorial-el-colectivo\/"},"modified":"2010-10-07T09:05:41","modified_gmt":"2010-10-07T09:05:41","slug":"todo-lo-que-queres-saber-sobre-como-hacerse-un-aborto-con-pastillas-y-otros-textos-de-editorial-el-colectivo","status":"publish","type":"post","link":"https:\/\/marina.swarpeca.es\/revista\/todo-lo-que-queres-saber-sobre-como-hacerse-un-aborto-con-pastillas-y-otros-textos-de-editorial-el-colectivo\/","title":{"rendered":"\u00abTodo lo que quer\u00e9s saber sobre c\u00f3mo hacerse un aborto con pastillas\u00bb y otros textos de Editorial El Colectivo"},"content":{"rendered":"<p><a href=\"https:\/\/herbogeminis.com\/revista\/IMG\/pdf\/aborto_con_pastillas.pdf\">Libro \u00ab<em>Todo lo que quer\u00e9s saber sobre c\u00f3mo hacerse un aborto con pastillas<\/em>\u00ab, Compiladoras Lesbianas y Feministas por la Descriminalizaci\u00f3n del Aborto<\/a>   <\/p>\n<p>El misoprostol es un remedio que las mujeres de todo el mundo usan para hacerse el aborto ellas mismas en su casa de manera segura hasta la semana 12 de embarazo cumplida. Es f\u00e1cil de usar, y casi todas las mujeres pueden usarlo sin problemas. Desde la semana 13 de embrazo en adelante, ning\u00fan aborto es seguro si se hace fuera del hospital.<\/p>\n<p>La informaci\u00f3n de este manual es para que entre todas podamos reducir los riesgos y da\u00f1os de los abortos inseguros. Es informaci\u00f3n \u00fatil para personas que no tienen ninguna capacitaci\u00f3n, y tambi\u00e9n para personas que s\u00ed tienen algo de capacitaci\u00f3n m\u00e9dica formal.<\/p>\n<p>La informaci\u00f3n sobre misoprostol salva vidas y evita enfermedades. Gracias a que est\u00e1n informadas, desde 2008 en Uruguay las mujeres no mueren m\u00e1s por abortos inseguros: usan el misoprostol en la casa antes de la semana 12 de embarazo cumplida y abortan de manera segura. Si tienen alg\u00fan problema, saben cu\u00e1ndo y d\u00f3nde pueden conseguir atenci\u00f3n m\u00e9dica.<\/p>\n<p>Igual que en Uruguay, las leyes argentinas proh\u00edben el aborto en muchos casos. Pero tambi\u00e9n, tanto en Uruguay como en Argentina, las leyes reconocen que las mujeres tenemos derecho a la informaci\u00f3n, a la atenci\u00f3n de salud y a los medicamentos necesarios para no enfermar o morir por abortos inseguros.<\/p>\n<p>Las preguntas est\u00e1n hechas como las hacen quienes llaman a la l\u00ednea \u00ab<em>Aborto: m\u00e1s informaci\u00f3n, menos riesgos<\/em>\u00bb: +54 11 15 66 64 70 70. Los relatos est\u00e1n basados en testimonios an\u00f3nimos reales. Usamos lenguaje directo para que las mujeres que tienen mayor riesgo de ser excluidas de los avances de la medicina puedan ejercer sus derechos humanos.<\/p>\n<p><strong>\u00cdndice<\/strong><\/p>\n<p>Claves para leer este manual<\/p>\n<p>\u00bfQui\u00e9nes somos Lesbianas y Feministas por la Descriminalizaci\u00f3n del Aborto?<\/p>\n<p>\u00bfQu\u00e9 es la l\u00ednea \u00ab<em>Aborto: m\u00e1s informaci\u00f3n, menos riesgos<\/em>\u00bb?<\/p>\n<p><strong>Cap\u00edtulo 1. Si est\u00e1s pensando en abortar, es importante que sepas &#8230;<\/strong><\/p>\n<p>\u00bfPor qu\u00e9 abortamos las mujeres?<\/p>\n<p>\u00bfQu\u00e9 es un aborto?<\/p>\n<p>\u00bfEn qu\u00e9 casos un aborto no es seguro?<\/p>\n<p><strong>Cap\u00edtulo 2. Lo que hay que saber del misoprostol<\/strong><\/p>\n<p><strong>Cap\u00edtulo 3. \u00bfTodas las mujeres pueden usar misoprostol para abortar?<\/strong><\/p>\n<p>En general todas las mujeres pueden usar misoprostol para abortar<\/p>\n<p>No uses misoprostol si ten\u00e9s &#8230;<\/p>\n<p>\u00bfEs seguro usar misoprostol para abortar si me hice una o varias ces\u00e1reas?<\/p>\n<p>\u00bfEs seguro usar misoprostol si tengo alergia al misoprostol o al diclofenac?<\/p>\n<p>\u00bfEs seguro usar misoprostol para abortar si \u2026?<\/p>\n<p><strong>Cap\u00edtulo 4. \u00bfC\u00f3mo confirmo el embarazo? \u00bfC\u00f3mo cuento las semanas de embarazo?<\/strong><\/p>\n<p>Pod\u00e9s estar embarazada si &#8230;<\/p>\n<p>\u00bfC\u00f3mo s\u00e9 si estoy embarazada?<\/p>\n<p>\u00bfPor qu\u00e9 es importante confirmar el embarazo antes de usar misoprostol para abortar?<\/p>\n<p>\u00bfPuedo usar una prueba de embarazo casera para saber si estoy embarazada?<\/p>\n<p>\u00bfC\u00f3mo calculo las semanas de embarazo?<\/p>\n<p>\u00bfY si no s\u00e9 cuando fue mi \u00faltima menstruaci\u00f3n o tengo dudas?<\/p>\n<p><strong>Cap\u00edtulo 5. \u00bfC\u00f3mo y d\u00f3nde consigo misoprostol?<\/strong><\/p>\n<p>\u00bfC\u00f3mo es el misoprostol en Argentina?<\/p>\n<p>\u00bfSe necesita una receta m\u00e9dica para comprar misoprostol?<\/p>\n<p>\u00bfPuedo comprar misoprostol sin receta en la farmacia?<\/p>\n<p>\u00bfPuedo comprar misoprostol por Internet?<\/p>\n<p><strong>Cap\u00edtulo 6. \u00bfC\u00f3mo se usa el misoprostol para abortar de manera segura hasta la semana 12 completa de embarazo?<\/strong><\/p>\n<p>\u00bfC\u00f3mo es un aborto con misoprostol hasta la semana 12 completa de<br \/>\nembarazo?<\/p>\n<p>Paso 1. \u00bfC\u00f3mo me preparo para un aborto con misoprostol?<\/p>\n<p>Paso 2. \u00bfCu\u00e1ntas pastillas hay que usar hasta la semana 12 completa de embarazo?<\/p>\n<p>Paso 3. \u00bfC\u00f3mo hay que usar las pastillas?<\/p>\n<p>Manera 1: En el fondo de la vagina, 4 pastillas de misoprostol cada 12 horas, 3 veces<\/p>\n<p>Manera 2: Debajo de la lengua, 4 pastillas de misoprostol cada 3 horas, 3 veces<\/p>\n<p>Paso 4. \u00bfQu\u00e9 me va a pasar al usar misoprostol?<\/p>\n<p>Paso 5. \u00bfQu\u00e9 me va a pasar despu\u00e9s del aborto?<\/p>\n<p>Paso 6. \u00bfC\u00f3mo s\u00e9 que todo sali\u00f3 bien?<\/p>\n<p><strong>Cap\u00edtulo 7. \u00bfCu\u00e1les son los riesgos de un aborto con misoprostol en casa hasta la semana 12 completa de embarazo?<\/strong><\/p>\n<p>\u00bfPor qu\u00e9 es seguro el misoprostol para abortar hasta la semana 12 completa de embarazo?<\/p>\n<p>\u00bfC\u00f3mo s\u00e9 si tengo una hemorragia?<\/p>\n<p>\u00bfC\u00f3mo s\u00e9 si tengo una infecci\u00f3n?<\/p>\n<p>\u00bfCorro riesgos si uso misoprostol para abortar y no funciona?<\/p>\n<p>\u00bfCorro riesgos de no poder volver a quedar embarazada si uso misoprostol para abortar?<\/p>\n<p>\u00bfCorro riesgos de que el aborto sea incompleto si uso misoprostol?<\/p>\n<p><strong>Resumen<\/strong><\/p>\n<p><strong>Cap\u00edtulo 8. Informaci\u00f3n para mujeres con 13 semanas o m\u00e1s de embarazo<\/strong><\/p>\n<p>\u00bfEs seguro hacerme un aborto con misoprostol en casa desde la semana 13 de embarazo en adelante?<\/p>\n<p>C\u00f3mo reducir los riesgos de un aborto con misoprostol desde la semana 13 de embarazo en adelante, paso a paso<\/p>\n<p>Paso 1. Es necesaria una ecograf\u00eda antes del aborto<\/p>\n<p>Paso 2. Es necesaria una consulta m\u00e9dica antes del aborto<\/p>\n<p>Paso 3. Es necesario hablar del aborto con la\/\u00e9l m\u00e9dica\/o<\/p>\n<p>Paso 4. Es necesario estar acompa\u00f1ada durante el aborto<\/p>\n<p>Paso 5. Es necesario tener a mano<\/p>\n<p>Paso 6. Modo de uso<\/p>\n<p>Desde la semana 13 hasta la semana 15 completa de embarazo<\/p>\n<p>Desde la semana 16 hasta la semana 20 completa de embarazo<\/p>\n<p>Paso 7. Malestares normales durante el uso de misoprostol<\/p>\n<p>Paso 8. Aparici\u00f3n del sangrado normal<\/p>\n<p>Paso 9. Disminuci\u00f3n del sangrado<\/p>\n<p>Paso 10. Despu\u00e9s del aborto<\/p>\n<p>Paso 11. Ecograf\u00eda de control<\/p>\n<p>\u00bfCu\u00e1les son los riesgos de un aborto con misoprostol sin internaci\u00f3n desde la semana 13 hasta la semana 20 completa de embarazo?<\/p>\n<p><strong>Cap\u00edtulo 9. Derechos de las mujeres, obligaciones de los equipos de salud<\/strong><\/p>\n<p>Red Contra el Aborto Inseguro en Argentina<\/p>\n<p>Para sacar un turno<\/p>\n<p>Durante la ecograf\u00eda o el an\u00e1lisis de sangre<\/p>\n<p>En la sala de espera<\/p>\n<p>Durante la consulta m\u00e9dica antes del aborto<\/p>\n<p>En la farmacia<\/p>\n<p>\u00bfPuedo pedirle al m\u00e9dico\/a a que me atienda antes, durante y despu\u00e9s del aborto?<\/p>\n<p>Despu\u00e9s del aborto<\/p>\n<p>En la guardia del hospital<\/p>\n<p>\u00bfQu\u00e9 hago en la guardia si voy por&#8230;?<\/p>\n<p>\u00bfPueden descubrir que me hice un aborto con misoprostol?<\/p>\n<p>Mujeres menores de edad<\/p>\n<p>Violencia m\u00e9dica, en el hospital o centro de salud<\/p>\n<p><strong>Cap\u00edtulo 10. \u00bfY despu\u00e9s del aborto?<\/strong><\/p>\n<p>Mitos sobre c\u00f3mo nos sentimos las mujeres despu\u00e9s de un aborto<\/p>\n<p>\u00bfCu\u00e1ndo puedo volver a tener relaciones sexuales despu\u00e9s de un<br \/>\naborto con misoprostol?<\/p>\n<p>\u00bfCu\u00e1ndo vuelve la menstruaci\u00f3n despu\u00e9s de un aborto?<\/p>\n<p>\u00bfCu\u00e1ndo puedo volver a quedar embarazada?<\/p>\n<p>\u00bfQu\u00e9 m\u00e9todos anticonceptivos se pueden usar despu\u00e9s de un aborto<br \/>\ncon misoprostol?<\/p>\n<p>\u00bfMe tengo que hacer una prueba de VIH despu\u00e9s del aborto?<\/p>\n<p><strong>Cap\u00edtulo 11. \u00a1Quiero participar!<\/strong><\/p>\n<p><strong>Derechos en que nos basamos para escribir este libro<\/strong><\/p>\n<p><strong>\u00cdndice de dudas<\/strong><\/p>\n<p><strong>M\u00e1s de Editorial El Colectivo<\/strong><\/p>\n<p>&#8211; <a href=\"https:\/\/marina.swarpeca.es\/revista\/IMG\/pdf\/editorial_el_colectivo-2.pdf\">\u00ab<em>Todo lo que quer\u00e9s saber sobre c\u00f3mo hacerse un aborto con pastillas<\/em>\u00ab, 27-09-2010 *Editorial El Colectivo: \u00ab<em>Presentaci\u00f3n<\/em>\u00bb (p\u00e1g 2) &#8211; \u00ab<em>Cat\u00e1logo completo<\/em>\u00bb (3) &#8211; *Prensa: \u00ab<em>Mujeres organizadas para recuperar las palabras y los derechos<\/em>\u00ab, Diana Sakayan, <em>Voltairenet<\/em>, 13-09-2010 (11) &#8211; \u00ab<em>De Cutral-C\u00f3 a Puente Pueyrred\u00f3n<\/em>\u00ab, Javier Lorca, <em>P\u00e1gina 12<\/em>, 09-08-2010 (15) &#8211; \u00ab<em>De Cutral-C\u00f3 a Puente Pueyrred\u00f3n<\/em>\u00ab, Mart\u00edn Azcurra, Revista <em>Sudestada<\/em>, n\u00ba 90, julio 2010 (16) &#8211; \u00ab<em>Los derechos, un modelo para armar<\/em>\u00ab, Nahuel Lag, <em>P\u00e1gina 12<\/em>, 22-03-2010 (19) &#8211; \u00ab<em>Consejos sencillos para mantenerte libre<\/em>\u00ab, Leonardo Rodr\u00edguez, <em>Sue\u00f1os compartidos<\/em>, n\u00ba 7, febrero 2010 (21) &#8211; \u00ab<em>Todo arte es pol\u00edtico<\/em>\u00ab, Entrevista a Florencia Vespignani, <em>Sudestada<\/em>, n\u00ba 85, diciembre 2009 (21) &#8211; \u00ab<em>Veo veo qu\u00e9 ves<\/em>\u00ab, Asuka Hatano, Buenos Aires, agosto 2009 (23) &#8211; \u00ab<em>No est\u00e1n solos<\/em>\u00ab, Marta Dillon, <em>Suplemento Las 12<\/em>, 21-08-2009 (24) &#8211; \u00ab<em>Esa necesidad de pensar sobre la pr\u00e1ctica y practicar sobre la teor\u00eda<\/em>\u00ab, Entrevista a la Editorial El Colectivo, <em>Agencia de Noticias Red Acci\u00f3n<\/em>, 20-09-2007 (25) &#8211; \u00ab<em>El sue\u00f1o de una cosa (Introducci\u00f3n al poder popular)<\/em>\u00bb de Miguel Mazzeo, Mariano Pacheco, <em>Revista Herramienta<\/em>, n\u00ba 36, octubre 2007 (28) &#8211; \u00ab<em>El mito del Gauchito Gil<\/em>\u00bb en im\u00e1genes, Tom\u00e1s Eliaschev, <em>Diario Perfil<\/em>, 03-08-2007 (31) &#8211; Rese\u00f1a de \u00ab<em>El sue\u00f1o de una cosa<\/em>\u00bb de Miguel Mazzeo, Silvia Biancardi, <em>Agencia de Noticias Red Acci\u00f3n<\/em>, 01-09-2007 (32) &#8211; \u00ab<em>Una pena extraordinaria<\/em>\u00ab, Sebasti\u00e1n Hacher, <em>Radar<\/em>, 26-08-2007 (35)<\/a><\/p>\n<p>&#8211; <a href=\"https:\/\/marina.swarpeca.es\/revista\/IMG\/pdf\/arte_como_pancarta.pdf\">\u00ab<em>El arte como pancarta<\/em>\u00ab, Entrevista a Florencia Vespignani sobre el libro \u00ab<em>Gr\u00e1fica pol\u00edtica<\/em>\u00ab, MU, n\u00ba 25, junio 2009<\/a><\/p>\n<p>&#8211; <a href=\"https:\/\/marina.swarpeca.es\/revista\/IMG\/pdf\/los_elegidos_de_la_tela.pdf\">Los elegidos de la tela: \u00ab<em>Jos\u00e9 Carlos Mari\u00e1tegui y el socialismo de Nuestra Am\u00e9rica<\/em>\u00bb de Miguel Mazzeo, <em>La tela de la ara\u00f1a<\/em>, Revista cultural de la UTN, n\u00ba 7, mayo 2009<\/a><\/p>\n<p>&#8211; <a href=\"https:\/\/marina.swarpeca.es\/revista\/IMG\/pdf\/mundo_editorial.pdf\">Mundo Editorial:\u00bb<em>Editorial El Colectivo<\/em>\u00ab, Pablo Solana, <em>La tela de la ara\u00f1a<\/em>, Revista cultural de la UTN, n\u00ba 4, abril 2008<\/a><\/p>\n<p><img loading=\"lazy\" decoding=\"async\" class=\" alignleft size-full wp-image-1206\" src=\"https:\/\/marina.swarpeca.es\/revista\/wp-content\/uploads\/2010\/10\/papa_mujer_aborto_ley.jpg\" alt=\"papa_mujer_aborto_ley.jpg\" align=\"left\" width=\"310\" height=\"198\" srcset=\"https:\/\/marina.swarpeca.es\/revista\/wp-content\/uploads\/2010\/10\/papa_mujer_aborto_ley.jpg 310w, https:\/\/marina.swarpeca.es\/revista\/wp-content\/uploads\/2010\/10\/papa_mujer_aborto_ley-300x192.jpg 300w\" sizes=\"(max-width: 310px) 100vw, 310px\" \/><\/p>\n<p><a href=\"https:\/\/www.lahaine.org\/index.php?p=48453\">Fuente: lahaine.org<\/a><\/p>\n<p><a href=\"www.editorialelcolectivo.org\">Editorial El Colectivo<\/a><\/p>\n<p>(7 de octubre de 2010)<\/p>\n","protected":false},"excerpt":{"rendered":"<p><em>Lesbianas y Feministas por la Descriminalizaci\u00f3n del Aborto (Argentina) somos un grupo de personas que venimos de diferentes espacios pol\u00edticos \u2013feministas, del movimiento LGBT (Lesbianas, Gays, Bisexuales y Trans), de derechos humanos y de izquierda\u2013 que nos unimos para legalizar el aborto. Del feminismo, del movimiento LGBT y de las prostitutas aprendimos la importancia de transmitir informaci\u00f3n entre pares. Usamos palabras directas para buscar y compartir informaci\u00f3n que se nos niega por prejuicio, ignorancia y violencia. Construimos conocimiento en base a nuestra experiencia<\/em>.<\/p>\n","protected":false},"author":1,"featured_media":1205,"comment_status":"closed","ping_status":"open","sticky":false,"template":"","format":"standard","meta":{"footnotes":""},"categories":[12],"tags":[],"_links":{"self":[{"href":"https:\/\/marina.swarpeca.es\/revista\/wp-json\/wp\/v2\/posts\/1207"}],"collection":[{"href":"https:\/\/marina.swarpeca.es\/revista\/wp-json\/wp\/v2\/posts"}],"about":[{"href":"https:\/\/marina.swarpeca.es\/revista\/wp-json\/wp\/v2\/types\/post"}],"author":[{"embeddable":true,"href":"https:\/\/marina.swarpeca.es\/revista\/wp-json\/wp\/v2\/users\/1"}],"replies":[{"embeddable":true,"href":"https:\/\/marina.swarpeca.es\/revista\/wp-json\/wp\/v2\/comments?post=1207"}],"version-history":[{"count":0,"href":"https:\/\/marina.swarpeca.es\/revista\/wp-json\/wp\/v2\/posts\/1207\/revisions"}],"wp:featuredmedia":[{"embeddable":true,"href":"https:\/\/marina.swarpeca.es\/revista\/wp-json\/wp\/v2\/media\/1205"}],"wp:attachment":[{"href":"https:\/\/marina.swarpeca.es\/revista\/wp-json\/wp\/v2\/media?parent=1207"}],"wp:term":[{"taxonomy":"category","embeddable":true,"href":"https:\/\/marina.swarpeca.es\/revista\/wp-json\/wp\/v2\/categories?post=1207"},{"taxonomy":"post_tag","embeddable":true,"href":"https:\/\/marina.swarpeca.es\/revista\/wp-json\/wp\/v2\/tags?post=1207"}],"curies":[{"name":"wp","href":"https:\/\/api.w.org\/{rel}","templated":true}]}}