{"id":1167,"date":"2010-08-29T07:54:09","date_gmt":"2010-08-29T07:54:09","guid":{"rendered":"https:\/\/marina.swarpeca.es\/revista\/2010\/08\/29\/la-recurrencia-del-milagro-una-vision-de-vida-para-el-sida-de-diana-e-villagomez-oviedo\/"},"modified":"2010-08-29T07:54:09","modified_gmt":"2010-08-29T07:54:09","slug":"la-recurrencia-del-milagro-una-vision-de-vida-para-el-sida-de-diana-e-villagomez-oviedo","status":"publish","type":"post","link":"https:\/\/marina.swarpeca.es\/revista\/la-recurrencia-del-milagro-una-vision-de-vida-para-el-sida-de-diana-e-villagomez-oviedo\/","title":{"rendered":"\u00abLa recurrencia del milagro: Una visi\u00f3n de vida para el SIDA\u00bb, de Diana E. Villag\u00f3mez-Oviedo"},"content":{"rendered":"<p>&#8211; <a href=\"https:\/\/herbogeminis.com\/revista\/IMG\/pdf\/la_recurrencia_del_milagro.pdf\"><em>LA RECURRENCIA DEL MILAGRO: UNA VISI\u00d3N DE VIDA PARA EL SIDA<\/em><\/a><\/p>\n<p><strong> <em>\u00cdndice<\/em> <\/strong><\/p>\n<p><strong>Pr\u00f3logo<\/strong> 4<\/p>\n<p><strong>I. A vivir al mar<\/strong> 12<\/p>\n<p><strong>II. A parir a P\u00e1tzcuaro<\/strong> 23<\/p>\n<p><strong>III. C\u00f3mo surgi\u00f3 Monarcas<\/strong> 37<\/p>\n<p><strong>IV. No hay mal que por bien no venga<\/strong> 52<\/p>\n<p><strong>V. Qui\u00e9n recibe nuestra ayuda diaria<\/strong> 65<\/p>\n<p><strong>VI. Mud\u00e1ndonos por siempre<\/strong> 73<\/p>\n<p><strong>VII. Mata m\u00e1s la espera<\/strong> 84<\/p>\n<p><strong>Referencias<\/strong> 94<\/p>\n<p><strong>Sitios de Consulta en Internet<\/strong> 94<\/p>\n<p><strong>Bibliograf\u00eda<\/strong> 94<\/p>\n<p><strong>Otros documentos<\/strong> 94<\/p>\n<p>&#8211; <a href=\"https:\/\/herbogeminis.com\/revista\/IMG\/pdf\/indice_del_sida.pdf\"><em>\u00cdNDICE DEL SIDA<\/em> &#8211; <em>BIBLIOTECA DE ART\u00cdCULOS CIENT\u00cdFICOS<\/em><\/a>:<\/p>\n<p><em>\u00cdndice de materias<\/em><\/p>\n<p><strong>\u00bfSe ha demostrado la existencia del VIH? <\/strong> <\/p>\n<p><strong>Historia e intereses econ\u00f3micos del S.I.D.A.<\/strong> <\/p>\n<p><strong>Definiciones oficiales de S.I.D.A. <\/strong> <\/p>\n<p><strong>\u00bfMata a los pacientes la medicaci\u00f3n del S.I.D.A.? <\/strong> <\/p>\n<p><strong>\u00bfQu\u00e9 validez tienen los tests del S.I.D.A.?<\/strong> <\/p>\n<p><strong>Las estad\u00edsticas del SIDA<\/strong>. <\/p>\n<p><strong>\u00bfCu\u00e1l es la causa real del S.I.D.A.?<\/strong> <\/p>\n<p><strong>\u00bfY en \u00c1frica qu\u00e9?<\/strong> <\/p>\n<p><strong>Pacto de silencio<\/strong> <\/p>\n<p><strong>Publicaciones<\/strong>. <\/p>\n<p><embed id=VideoPlayback src=https:\/\/video.google.es\/googleplayer.swf?docid=-9198659283133622555&#038;hl=es&#038;fs=true style=width:400px;height:326px allowFullScreen=true allowScriptAccess=always type=application\/x-shockwave-flash> <\/embed><\/p>\n<p>(51:01) <strong>Entrevista a Roberto Giraldo, m\u00e9dico, especialista en medicina interna con \u00e9nfasis en enfermedades infecciosas de la Universidad de Antioquia, Colombia. Graduado con distinci\u00f3n de la Escuela de Higiene y Medicina Tropical de la Universidad de Londres al obtener un Magister de Ciencia en Medicina Cl\u00ednica Tropical. Por cuatro decadas se ha dedicado a actividades cl\u00ednicas, acad\u00e9micas e investigativas en diferentes aspectos de las enfermedades infecciosas, inmunol\u00f3gicas y tropicales en varias regiones de Colombia, los Estados Unidos, Europa y Africa. Investigador independiente del SIDA desde 1981<\/strong>. https:\/\/replantearsida.blogspot.com\/ <\/p>\n<p><embed id=VideoPlayback src=https:\/\/video.google.es\/googleplayer.swf?docid=-782564532666109610&#038;hl=es&#038;fs=true style=width:400px;height:326px allowFullScreen=true allowScriptAccess=always type=application\/x-shockwave-flash> <\/embed><\/p>\n<p><strong> <em>Sida. La Duda<\/em> <\/strong> (50:21) www.paranoseroveja.blogspot.com <strong>No est\u00e1 demostrado cient\u00edficamente que sea un virus contagioso el causante del sida seg\u00fan miles de cient\u00edficos del mundo, y en este documental, muy censurado, que en Espa\u00f1a no lleg\u00f3 a emitirse por presiones de la industria farmac\u00e9utica, colaboran varios de estos cient\u00edficos, incluso Kary Mullis (Nobel de qu\u00edmica en el 93) o Peter Duesberg, etc &#8230; y vale la pena para comprender la que seguramente es la verdadera realidad de todo \u00e9sto llamado sida<\/strong>. Inf\u00f3rmate m\u00e1s en https:\/\/www.plural-21.org\/ PD: <strong>P\u00e1salo!!! Es informaci\u00f3n privilegiada que nos quieren esconder para que no cambien las cosas a mejor<\/strong>. <\/p>\n<p>(29 de agosto de 2010)<\/p>\n","protected":false},"excerpt":{"rendered":"<p>Este libro se ha comenzado a escribir por varias razones. Ante todo, espero que sirva como referencia para aquellos que est\u00e1n cerca de la disidencia del vih-sida por alguna raz\u00f3n y que desean conocer m\u00e1s de las historias que vivimos los que estamos inmersos en ella, por convicci\u00f3n y por elecci\u00f3n propia. Espero adem\u00e1s, que ayude a quienes piensan que \u00e9sta es una enfermedad mortal, a cambiar de opini\u00f3n y a sobrevivirla para que podamos conocernos alguna vez e intercambiar nuestras \u2018<em>historias de terror<\/em>\u2019. Y finalmente, para dar cuenta de c\u00f3mo han sido para m\u00ed las cosas en esta vor\u00e1gine cotidiana desde que vivo con Carlos, mi pareja seropositiva. A este momento, por lo dem\u00e1s, es prudente hablar de mis antecedentes con el sida para comprender algunas de las historias que vendr\u00e1n despu\u00e9s.<\/p>\n","protected":false},"author":1,"featured_media":1166,"comment_status":"closed","ping_status":"open","sticky":false,"template":"","format":"standard","meta":{"footnotes":""},"categories":[11],"tags":[],"_links":{"self":[{"href":"https:\/\/marina.swarpeca.es\/revista\/wp-json\/wp\/v2\/posts\/1167"}],"collection":[{"href":"https:\/\/marina.swarpeca.es\/revista\/wp-json\/wp\/v2\/posts"}],"about":[{"href":"https:\/\/marina.swarpeca.es\/revista\/wp-json\/wp\/v2\/types\/post"}],"author":[{"embeddable":true,"href":"https:\/\/marina.swarpeca.es\/revista\/wp-json\/wp\/v2\/users\/1"}],"replies":[{"embeddable":true,"href":"https:\/\/marina.swarpeca.es\/revista\/wp-json\/wp\/v2\/comments?post=1167"}],"version-history":[{"count":0,"href":"https:\/\/marina.swarpeca.es\/revista\/wp-json\/wp\/v2\/posts\/1167\/revisions"}],"wp:featuredmedia":[{"embeddable":true,"href":"https:\/\/marina.swarpeca.es\/revista\/wp-json\/wp\/v2\/media\/1166"}],"wp:attachment":[{"href":"https:\/\/marina.swarpeca.es\/revista\/wp-json\/wp\/v2\/media?parent=1167"}],"wp:term":[{"taxonomy":"category","embeddable":true,"href":"https:\/\/marina.swarpeca.es\/revista\/wp-json\/wp\/v2\/categories?post=1167"},{"taxonomy":"post_tag","embeddable":true,"href":"https:\/\/marina.swarpeca.es\/revista\/wp-json\/wp\/v2\/tags?post=1167"}],"curies":[{"name":"wp","href":"https:\/\/api.w.org\/{rel}","templated":true}]}}