{"id":1146,"date":"2010-08-25T03:54:38","date_gmt":"2010-08-25T03:54:38","guid":{"rendered":"https:\/\/marina.swarpeca.es\/revista\/2010\/08\/25\/maximo-sandin-virus-y-locura-cientifica-la-suicida-guerra-farmaco-comercial-contra-los-virus\/"},"modified":"2021-03-01T22:39:06","modified_gmt":"2021-03-01T22:39:06","slug":"maximo-sandin-virus-y-locura-cientifica-la-suicida-guerra-farmaco-comercial-contra-los-virus","status":"publish","type":"post","link":"https:\/\/marina.swarpeca.es\/revista\/maximo-sandin-virus-y-locura-cientifica-la-suicida-guerra-farmaco-comercial-contra-los-virus\/","title":{"rendered":"M\u00e1ximo Sand\u00edn: Virus y locura cient\u00edfica. La suicida guerra f\u00e1rmaco-comercial contra los virus"},"content":{"rendered":"<p>Como continuaci\u00f3n de la desastrosa e indiscriminada lucha contra las bacterias, que ha conducido a una imparable expansi\u00f3n de la resistencia bacteriana a los antibi\u00f3ticos, se ha desatado la lucha contra los virus. Parece que el f\u00e1rmaco estrella de los laboratorios farmac\u00e9uticos para el Siglo XXI ser\u00e1n los antivirales. Y tienen un enorme campo de aplicaci\u00f3n. Como todos sabemos, cualquier enfermedad de confuso diagn\u00f3stico ha sido producida por \u201c<em>un virus<\/em>\u201d. Por tanto, \u201c<em>hay que combatirlos<\/em>\u201d. Por ejemplo, el famoso antirretroviral <em>Tamiflu<\/em> es un <em>inhibidor de la enzima neuramidasa<\/em>, uno de los dos \u201c<em>ant\u00edgenos de superficie<\/em>\u201d (el otro es la <em>hemaglutinina<\/em>) que porta el virus de la gripe en su c\u00e1psida. En ni\u00f1os tratados con <em>Tamiflu<\/em> se han producido problemas neurol\u00f3gicos, a veces muy graves (en Jap\u00f3n se han producido suicidios relacionados con este problema) <strong>(2)<\/strong>. La neuramidasa es una enzima <strong>implicada en el desarrollo y mantenimiento de la vaina de mielina<\/strong> de las neuronas en mam\u00edferos <strong>(3)<\/strong> por lo que el efecto inhibidor es inmediato en ni\u00f1os (en adultos, habr\u00e1 que esperar \u2026).<\/p>\n<p>En el genoma humano se han identificado entre 90.0000 y 300.0000 secuencias derivadas de virus, fundamentalmente de <em>retrovirus<\/em> <strong>(4)<\/strong>, pero tambi\u00e9n existen <em>virus ADN<\/em>. Concretamente, el genoma del <strong> <em>Herpesvirus 6A<\/em> <\/strong> est\u00e1 integrado en los tel\u00f3meros de los cromosomas humanos <strong>(5)<\/strong>. La variabilidad de las cifras es debida a que depende de que se tengan en consideraci\u00f3n virus completos o secuencias parciales derivadas de virus. Estas secuencias son \u201c<em>componentes permanentes del transcriptoma humano<\/em>\u201d<strong>(6)<\/strong>, es decir, son partes constituyentes de nuestro genoma y se expresan en todos los tejidos <strong>(6)<\/strong>. Incluso las secuencias virales que codifican para la c\u00e1psida se han mostrado activas en procesos biol\u00f3gicos fundamentales <strong>(3, 7, 8)<\/strong>. Especialmente abundante y relevante es la actividad de las secuencias de origen retroviral en el proceso de desarrollo embrionario <strong>(9)<\/strong>, es decir en la formaci\u00f3n de nuestros tejidos y \u00f3rganos. La inferencia coherente de estos fen\u00f3menos ser\u00eda la siguiente: Si los tumores s\u00f3lidos son un desencadenamiento de un proceso embrionario <strong>(10, 11)<\/strong> producido por alg\u00fan tipo de \u201c<em>agresi\u00f3n ambiental<\/em>\u201d, la asociaci\u00f3n de virus con el c\u00e1ncer no ser\u00eda de causa, sino de consecuencia. Los tumores emiten part\u00edculas virales <strong>(12)<\/strong>. Y la asociaci\u00f3n de virus con tejidos da\u00f1ados o enfermos tendr\u00eda la misma causa. Se han \u201c<em>diagnosticado<\/em>\u201d asociaciones verdaderamente absurdas de virus con enfermedades de un evidente origen ambiental, degenerativo o autoinmune, como el <em>s\u00edndrome de fatiga cr\u00f3nica<\/em>, <em>artritis<\/em>, <em>Alzheimer<\/em>, tumor de pr\u00f3stata \u2026 Incluso, se ha descrito, sin comprenderla, la activaci\u00f3n de un virus end\u00f3geno como consecuencia de un tratamiento con un f\u00e1rmaco, el <em>Natalizumab<\/em> contra la esclerosis m\u00faltiple, que \u201c<em>despertaba un virus dormido en los ri\u00f1ones<\/em>\u201d cuya \u201c<em>malignizaci\u00f3n<\/em>\u201d desencadenaba una <em>Leucoencefalopat\u00eda Multifocal Progresiva<\/em>.<\/p>\n<p>La guerra contra los virus desatada, fundamentalmente, por las empresas que financian de un modo creciente la investigaci\u00f3n biol\u00f3gica \u201c<em>aplicada<\/em>\u201d (es decir, con fines comerciales) se ha convertido en un sinsentido totalmente a espaldas de los conocimientos derivados  de la investigaci\u00f3n \u201c<em>b\u00e1sica<\/em>\u201d, es decir, la verdadera investigaci\u00f3n cient\u00edfica. La elaboraci\u00f3n de vacunas (otro gran negocio para estas empresas) cultivando virus en embriones de pollo <strong>(13)<\/strong> o, las m\u00e1s \u201c<em>modernas<\/em>\u201d, que utilizan l\u00edneas celulares para el cultivo <strong>(13)<\/strong>, son verdaderas f\u00e1bricas de <em>virus h\u00edbridos<\/em> (por no hablar de las vacunas \u201c<em>transg\u00e9nicas<\/em>\u201d) cuyos potenciales peligros pueden ser de una extremada gravedad <strong>(14, 15, 16)<\/strong>. Y la tendencia demencial del uso de \u201c<em>antivirales<\/em>\u201d para todo tipo de enfermedades a las que se diagnostica de una forma espuria un origen viral es un nuevo ataque a componentes fundamentales del organismo, de la vida. Cada d\u00eda son m\u00e1s abundantes los datos cient\u00edficos que nos muestran que vivimos literalmente inmersos en una inconcebible cantidad de bacterias y virus <strong>(17, 18)<\/strong> que cumplen funciones esenciales en todos los ecosistemas <strong>(19, 20)<\/strong> y que han cumplido papeles fundamentales en los procesos de la evoluci\u00f3n de la vida <strong>(21, 22)<\/strong>, y que su aspecto \u201c<em>pat\u00f3geno<\/em>\u201d es el resultado de alguna desestabilizaci\u00f3n de sus funciones naturales.  Es una guerra suicida contra la Naturaleza. Una guerra contra nosotros mismos.  <\/p>\n<p>La verdadera \u201c<em>patolog\u00eda mental<\/em>\u201d es la del pensamiento que domina en la concepci\u00f3n de la Naturaleza. Una concepci\u00f3n que han incrustado en el cerebro de los cient\u00edficos y que ve a la Naturaleza como un campo de batalla en el que todos sus componentes son \u201c<em>competidores<\/em>\u201d. Pero no nos preocupemos, las grandes multinacionales farmac\u00e9uticas nos van a defender de \u201c<em>nuestros peores competidores<\/em>\u201d. Tras la derrota en la lucha contra las bacterias ha comenzado la lucha contra los virus. La madre de todas las batallas. \u00bfTal vez la lucha final?<\/p>\n<p>&#8211; <a href=\"https:\/\/marina.swarpeca.es\/revista\/IMG\/pdf\/virus_y_locura_cientifica_maximo_sandin.pdf\">\u00ab<em>VIRUS Y LOCURA (CIENT\u00cdFICA)<\/em>\u00ab, M\u00c1XIMO SAND\u00cdN<\/a><\/p>\n<p>&#8211; <a href=\"https:\/\/marina.swarpeca.es\/revista\/IMG\/pdf\/virus_y_locura_cientifica.pdf\">\u00ab<em>VIRUS Y LOCURA (CIENT\u00cdFICA))<\/em>\u00ab, M\u00c1XIMO SAND\u00cdN\/EL PROYECTO MATRIZ<\/a><\/p>\n<p><strong>M\u00e1ximo Sand\u00edn en <em>G\u00e9minis Papeles de Salud<\/em> <\/strong><\/p>\n<p>&#8211; <a href=\"https:\/\/marina.swarpeca.es\/revista\/la-funcion-de-los-virus-en-la-evolucion-29-08-09\/\"><em>La funci\u00f3n de los virus en la evoluci\u00f3n<\/em><\/a><\/p>\n<p>&#8211; <a href=\"https:\/\/marina.swarpeca.es\/revista\/entrevista-a-maximo-sandin-con-motivo-del-bicentenario-de-charles-darwin-25-09-09\/\"><em>Entrevista a M\u00e1ximo Sand\u00edn con motivo del bicentenario de Charles Darwin<\/em><\/a> <\/p>\n<p>&#8211; <a href=\"https:\/\/marina.swarpeca.es\/revista\/la-guerra-contra-bacterias-y-virus-una-lucha-autodestructiva-02-12-09\/\"><em>La guerra contra bacterias y virus: una lucha autodestructiva<\/em><\/a><\/p>\n<p>&#8211; <a href=\"https:\/\/marina.swarpeca.es\/revista\/IMG\/pdf\/maximo_sandinbis.pdf\">M\u00c1XIMO SAND\u00cdN &#8211; ESCRITOS<\/a><\/p>\n<p>Inicio <strong>2<\/strong><\/p>\n<p><em>Pensando la evoluci\u00f3n, pensando la vida<\/em> <strong>4<\/strong><\/p>\n<p><em>Virus y locura (cient\u00edfica)<\/em> <strong>12<\/strong><\/p>\n<p><em>En busca de la Biolog\u00eda<\/em> <strong>16<\/strong><\/p>\n<p><em>La transformaci\u00f3n de la evoluci\u00f3n<\/em> <strong>54<\/strong><\/p>\n<p><em>\u00bfPensamiento \u00fanico o ausencia de pensamiento?<\/em> <strong>80<\/strong><\/p>\n<p><em>Sobre el origen del hombre<\/em> <strong>85<\/strong><\/p>\n<p><em>Hacia una nueva Biolog\u00eda<\/em> <strong>111<\/strong><\/p>\n<p><em>Teor\u00eda sint\u00e9tica: crisis y revoluci\u00f3n<\/em> <strong>151<\/strong><\/p>\n<p><em>Synthetic theory: crisis and revolution<\/em> <strong>175<\/strong><\/p>\n<p><em>El darwinismo social<\/em> <strong>198<\/strong><\/p>\n<p><em>Los ciegos y el elefante<\/em> <strong>215<\/strong><\/p>\n<p><em>La funci\u00f3n de los virus en la evoluci\u00f3n<\/em> <strong>219<\/strong><\/p>\n<p><em>Las \u00absorpresas\u00bb del genoma<\/em> <strong>225<\/strong><\/p>\n<p><em>Biology: an old perspective<\/em> <strong>236<\/strong><\/p>\n<p><em>Nueva Biolog\u00eda para una nueva sociedad<\/em> <strong>249<\/strong><\/p>\n<p><em>ADN, la mol\u00e9cula milagrosa<\/em> <strong>291<\/strong><\/p>\n<p><em>Sucesos excepcionales en la evoluci\u00f3n<\/em> <strong>295<\/strong><\/p>\n<p><em>Dos libros: dos universos<\/em> <strong>322<\/strong><\/p>\n<p><em>La lucha contra bacterias virus<\/em> <strong>327<\/strong><\/p>\n<p>&#8211; <em>The fight against bacteria and virus<\/em> (<a href=\"https:\/\/marina.swarpeca.es\/revista\/IMG\/pdf\/the_20fight.pdf\">PDF<\/a>) <strong>334<\/strong><\/p>\n<p>&#8211; <em>Lamarck y la venganza del Imperio<\/em> (<a href=\"https:\/\/marina.swarpeca.es\/revista\/IMG\/pdf\/lamarck_20y_20la_20venganza_20del_20imperio.pdf\">PDF<\/a>) <strong>340<\/strong><\/p>\n<p><em>De Ayllukuna a la teor\u00eda de sistemas<\/em> <strong>350<\/strong><\/p>\n<p><em>Carta a Nereida<\/em> <strong>355<\/strong><\/p>\n<p><strong>Ap\u00e9ndice I: G\u00e9minis Papeles de Salud &#8211; Hemeroteca<\/strong><\/p>\n<p><em>La funci\u00f3n de los virus en la evoluci\u00f3n<\/em> <strong>360<\/strong><\/p>\n<p><em>La guerra contra bacterias y virus: una lucha autodestructiva<\/em> <strong>367<\/strong><\/p>\n<p>(Andrea Barreira, Zeteticismo) <em>Entrevista a M\u00e1ximo Sand\u00edn con motivo del bicentenario de Charles Darwin<\/em> <strong>374<\/strong>                                                                                                                                                                              <\/p>\n<p><strong>Ap\u00e9ndice II: V\u00eddeos Liga para la Libertad de Vacunaci\u00f3n<\/strong> <strong>380<\/strong><\/p>\n<p><em>Desmontando a Darwin &#8211; Entrevista M\u00e1ximo Sand\u00edn<\/em> (Barcelona, marzo 2010)                                                                                                       <\/p>\n<p><em>La lucha contra bacterias y virus: una lucha autodestructiva<\/em> (Conferencia Biocultura, Madrid, noviembre 2009)  <\/p>\n<p><em>Darwinismo, Ciencia y Poder<\/em> (Conferencia de M\u00e1ximo Sand\u00edn en Barcelona, marzo 2010)  <\/p>\n<p><strong>Ap\u00e9ndice III: Entrevistas internet<\/strong><\/p>\n<p><em>M\u00e1ximo Sand\u00edn aboga por una nueva biolog\u00eda cient\u00edfica que supere el debate neo-darwinismo vs. dise\u00f1o inteligente<\/em>, Zeteticismo, 05-10-2008 <strong>381<\/strong><\/p>\n<p><em>M\u00e1ximo Sand\u00edn: \u00abLa naturaleza no es un campo de batalla en el que todos los seres vivos compiten permanentemente\u00bb<\/em>, Jos\u00e9 F. G\u00f3mez S\u00e1nchez, Agenda Viva Revista Digital, oto\u00f1o 2009 <strong>390<\/strong><\/p>\n<p><em>M\u00e1ximo Sand\u00edn, cient\u00edfico y luchador activista por la vida<\/em>, Pedro Pozas, 02-09-2009 <strong>397<\/strong><\/p>\n<p><img loading=\"lazy\" decoding=\"async\" class=\" aligncenter size-full wp-image-1144\" src=\"https:\/\/marina.swarpeca.es\/revista\/wp-content\/uploads\/2010\/08\/skizo.jpg\" alt=\"skizo.jpg\" align=\"center\" width=\"326\" height=\"326\" srcset=\"https:\/\/marina.swarpeca.es\/revista\/wp-content\/uploads\/2010\/08\/skizo.jpg 326w, https:\/\/marina.swarpeca.es\/revista\/wp-content\/uploads\/2010\/08\/skizo-300x300.jpg 300w, https:\/\/marina.swarpeca.es\/revista\/wp-content\/uploads\/2010\/08\/skizo-150x150.jpg 150w\" sizes=\"(max-width: 326px) 100vw, 326px\" \/><\/p>\n<p><strong>Referencias<\/strong><\/p>\n<p>1.- David J. Schretlen, Tracy D. Vannorsdall, Jessica M. Winicki, Yaser Mushtaq, Takatoshi Hikida, Akira Sawa, Robert H. Yolken, Faith B. Dickerson  and Nicola G. Cascella. (2010) <em>Neuroanatomic and cognitive abnormalities related to herpes simplex virus type 1 in schizophrenia<\/em>. <a href=\"https:\/\/www.sciencedirect.com\/science\/journal\/09209964\"><em>Schizophrenia Research<\/em><\/a>: <a href=\"https:\/\/www.sciencedirect.com\/science?_ob=PublicationURL&#038;_tockey=%23TOC%235158%232010%23998819998%231890715%23FLA%23&#038;_cdi=5158&#038;_pubType=J&#038;view=c&#038;_auth=y&#038;_acct=C000047353&#038;_version=1&#038;_urlVersion=0&#038;_userid=885410&#038;md5=bbf5911f8d8fec68d3ddc51b03ff54e9\">Volume <strong>118<\/strong>, Issues 1-3<\/a>, May 2010, Pages 224-231.<\/p>\n<p>2.- Agencia <em>Efe<\/em> (30\/7\/2009).  <em>Alta tasa de efectos secundarios en ni\u00f1os que recibieron Tamiflu contra la gripe A<\/em>.<\/p>\n<p>3.- Megumi Saito, <a href=\"https:\/\/onlinelibrary.wiley.com\/doi\/10.1111\/j.1471-4159.1992.tb09279.x\/abstract#c1#c1\">Carmen Sato-Bigbee<\/a> and <a href=\"https:\/\/onlinelibrary.wiley.com\/doi\/10.1111\/j.1471-4159.1992.tb09279.x\/abstract#c1#c1\">Robert K. Yu. (2008)<\/a>. <em>Neuraminidase Activities in Oligodendroglial Cells of the Rat Brain<\/em>. <a href=\"https:\/\/onlinelibrary.wiley.com\/journal\/10.1111\/%28ISSN%291471-4159\"><em> <strong>Journal of Neurochemistry<\/strong> <\/em><\/a>: <a href=\"https:\/\/onlinelibrary.wiley.com\/doi\/10.1111\/jnc.1992.58.issue-1\/issuetoc\">Volume <strong>58<\/strong> Issue 1<\/a>, Pages 78 \u2013 82.<\/p>\n<p>4.- Lower, R., J. Lower, and R. Kurth. (1996). <em>The viruses in all of us: characteristics and biological significance of human endogenous retrovirus sequences<\/em>. <strong> <em>Proc. Natl. Acad. Sci.<\/em> <\/strong> U. S. A. <strong>93<\/strong>:5177-5184.<\/p>\n<p>5.- Arbucklea, J. H. Et al., (2010). <em>The latent human herpesvirus-6A genome specifically integrates in telomeres of human chromosomes invivo and in vitro<\/em>. <a href=\"https:\/\/www.pnas.org\/cgi\/doi\/10.1073\/pnas.0913586107\"><strong> <em>Proc. Natl. Acad. Sci.<\/em> <\/strong> U. S. A.<\/a>.<\/p>\n<p>6.- Seifarth, W. et al., (2005). <em>Comprehensive Analysis of Human Endogenous Retrovirus Transcriptional Activity in Human Tissues with a Retrovirus-Specific Microarray<\/em>. <strong> <em>J Virol.<\/em> <\/strong> 2005; <strong>79<\/strong>(1): 341\u2013352.<\/p>\n<p>7.- Bouton, O., et al. (2004). <em>The endogenous retroviral locus ERVWE1 is a bona fide gene involved in hominoid placental physiology<\/em>. <strong> <em>PNAS<\/em> <\/strong> | vol. <strong>101<\/strong> | no. 6 | 1731-1736.<\/p>\n<p>8.- <a href=\"https:\/\/ssl.prisacom.com\/episa\/venta_unitaria\/login.html?xref=20061019elpepisoc_5.Tes\">Gabus C<\/a>. et al., (2001). <em>The prion protein has DNA strand transfer properties similar to retroviral nucleocapsid protein<\/em>. <strong> <em>J Mol Biol<\/em> <\/strong>. 6;<strong>307<\/strong>(4):1011-1021.<\/p>\n<p>9.- Andersson, A.- C., et al. (2002). <em>Developmental Expression of HERV-R (ERV3) and HERV-K in Human Tissue<\/em>. <a href=\"https:\/\/www.sciencedirect.com\/science\/journal\/00426822\"><strong> <em>Virology<\/em> <\/strong><\/a>: <a href=\"https:\/\/www.sciencedirect.com\/science?_ob=PublicationURL&#038;_tockey=%23TOC%237165%232002%23997029997%23322518%23FLP%23&#038;_cdi=7165&#038;_pubType=J&#038;view=c&#038;_auth=y&#038;_acct=C000050221&#038;_version=1&#038;_urlVersion=0&#038;_userid=10&#038;md5=83f27e4ca30746f8353450fe09d73961\">Volume <strong>297<\/strong>, Issue 2<\/a>, Pages 220-225<\/p>\n<p> 10.- Kho, A. T. et al., (2004). <em>Conserved mechanisms across development and tumorigenesis revealed by a mouse development perspective of human cancers<\/em>. <strong> <em>Genes Dev<\/em> <\/strong>.; <strong>18<\/strong>(6): 629\u2013640.<\/p>\n<p>11.- Schuller U., Kho A. Zhao Q., Qiufu Ma., Rowitch DH. (2006) <em>Cerebellar \u2018transcriptome\u2019 reveals cell-type and stage-specific expression during postnatal development and tumorigenesis<\/em>. <strong> <em>Molecular and Cellular Neuroscience<\/em> <\/strong>. <a href=\"https:\/\/www.sciencedirect.com\/science?_ob=PublicationURL&#038;_tockey=%23TOC%236958%232006%23999669996%23636684%23FLA%23&#038;_cdi=6958&#038;_pubType=J&#038;view=c&#038;_auth=y&#038;_acct=C000050221&#038;_version=1&#038;_urlVersion=0&#038;_userid=10&#038;md5=57b37ff8d8f4a44cc4e682920a06b9ba\">Volume <strong>33<\/strong>, Issue 3<\/a>, 6, Pages 247-259<\/p>\n<p>12.- Seifarth, W. et al., (1995). <em>Retrovirus-like particles released from the human breast cancer cell line T47-D display type B- and C-related endogenous retroviral sequences<\/em>. <strong> <em>J. Virol.<\/em> <\/strong>,  Vol <strong>69<\/strong>, No. 10, 6408-6416.<\/p>\n<p>13.-  <a href=\"https:\/\/www.ifpma.org\/influenza\/index.aspx?47\">International Federation of Pharmaceutical and Manufacturers &#038; Associations<\/a><\/p>\n<p>14.- <a href=\"https:\/\/www.ncbi.nlm.nih.gov\/sites\/entrez?Db=pubmed&#038;Cmd=Search&#038;Term=%22Khan%20AS%22(Author)&#038;itool=EntrezSystem2.PEntrez.Pubmed.Pubmed_ResultsPanel.Pubmed_DiscoveryPanel.Pubmed_RVAbstractPlus\">Khan A. S.<\/a> et al., (2009). <em>Proposed algorithm to investigate latent and occult viruses in vaccine cell substrates by chemical induction<\/em>.  <strong> <em>Biologicals<\/em> <\/strong>. 2009 Mar 17. (Epub ahead of print).<\/p>\n<p>15.-  <em>ISIS Report<\/em> 07\/10\/09  <a href=\"https:\/\/www.i-sis.org.uk\/fluVaccinesCancerRisks.php\"><em>Flu Vaccines and the Risk of Cancer<\/em><\/a><\/p>\n<p>16.- Hussain, A. I. (2003).  <em>Identification and Characterization of Avian Retroviruses in Chicken Embryo-Derived Yellow Fever Vaccines: Investigation of Transmission to Vaccine Recipients<\/em>. <strong> <em>J Virol<\/em> <\/strong>. 2003, <strong>77<\/strong>(2): 1105\u20131111.<\/p>\n<p>17.- Grice, E. A. et al., (2009). <em>Topographical and Temporal Diversity of the Human Skin Microbiome<\/em>. <strong> <em>Science<\/em> <\/strong> 29, Vol. 324. no. <strong>5931<\/strong>, pp. 1190 &#8211; 1192<\/p>\n<p> 18.- Williamson, K.E., et al., (2003). <em>Sampling Natural Viral Communities from Soil for Culture-Independent Analyses<\/em>. <strong> <em>Applied and Environmental Microbiology<\/em> <\/strong>, Vol. <strong>69<\/strong>, No. 11, p. 6628-6633<\/p>\n<p>19.- Gewin, V. 2006. <em>Genomics: Discovery in the dirt<\/em>. <strong> <em>Nature<\/em> <\/strong>. Published online: 25 January 2006; | doi:10.1038\/439384a<\/p>\n<p>20.- Suttle, C. A. (2005). <em>Viruses in the sea<\/em>. <strong> <em>Nature 437<\/em> <\/strong>, 356-361.<\/p>\n<p>21.- Gupta, R. S. 2000. <em>The natural evolutionary relationships among prokaryotes<\/em>. <strong> <em>Crit. Rev. Microbiol<\/em>. <\/strong> <strong>26<\/strong>: 111-131.  <\/p>\n<p>22.- Villarreal, L. P. (2004). <em>Viruses and the Evolution of Life<\/em>. <em>ASM Press<\/em>, Washington.<\/p>\n<p><img loading=\"lazy\" decoding=\"async\" class=\" aligncenter size-full wp-image-1145\" src=\"https:\/\/marina.swarpeca.es\/revista\/wp-content\/uploads\/2010\/08\/skizo2.jpg\" alt=\"skizo2.jpg\" align=\"center\" width=\"416\" height=\"276\" srcset=\"https:\/\/marina.swarpeca.es\/revista\/wp-content\/uploads\/2010\/08\/skizo2.jpg 416w, https:\/\/marina.swarpeca.es\/revista\/wp-content\/uploads\/2010\/08\/skizo2-300x199.jpg 300w\" sizes=\"(max-width: 416px) 100vw, 416px\" \/><\/p>\n<p><em>El Proyecto Matriz #129<\/em>. <strong>Virus y locura (cient\u00edfica)<\/strong> <\/p>\n<p><object width=\"340\" height=\"285\"><param name=\"movie\" value=\"https:\/\/www.youtube.com\/v\/QLNcFAW4gWQ?fs=1&#038;hl=es_ES\"><\/param><param name=\"allowFullScreen\" value=\"true\"><\/param><param name=\"allowscriptaccess\" value=\"always\"><\/param><embed src=\"https:\/\/www.youtube.com\/v\/QLNcFAW4gWQ?fs=1&#038;hl=es_ES\" type=\"application\/x-shockwave-flash\" allowscriptaccess=\"always\" allowfullscreen=\"true\" width=\"340\" height=\"285\"><\/embed><\/object><\/p>\n<p> <a href=\"https:\/\/elproyectomatriz.wordpress.com\/2010\/06\/19\/virus-y-locura-cientifica\/\">elproyectomatriz<\/a>|19 de junio de 2010 (5:33): <strong>\u00ab<em>La tendencia demencial del uso de \u00abantivirales\u00bb para todo tipo de enfermedades a las que se diagnostica de una forma espuria un origen viral es un nuevo ataque a componentes fundamentales del organismo, de la vida<\/em>\u00ab<\/strong> <strong>Profesor<\/strong> <a href=\"https:\/\/web.uam.es\/personal_pdi\/ciencias\/msandin\/viruslocura.htm\">M\u00e1ximo Sand\u00edn (2010)<\/a><\/p>\n<p><strong>V\u00eddeos<\/strong> <a href=\"https:\/\/www.vimeo.com\/album\/91968\/page:2\"><em>Liga para la Libertad de Vacunaci\u00f3n<\/em><\/a><\/p>\n<p><object><iframe loading=\"lazy\" src=\"https:\/\/player.vimeo.com\/video\/7590963\" width=\"400\" height=\"265\" frameborder=\"0\"><\/iframe><\/p>\n<p><a href=\"https:\/\/vimeo.com\/7590963\">Dr. M\u00e1ximo Sand\u00edn &#8211; La Lucha contra bacterias y virus: una lucha autodestructiva<\/a> from <a href=\"https:\/\/vimeo.com\/mizar\">MIZAR-PETRUS<\/a> on <a href=\"https:\/\/vimeo.com\">Vimeo<\/a>.<\/p><\/object><\/p>\n<p><object><iframe loading=\"lazy\" src=\"https:\/\/player.vimeo.com\/video\/10330767\" width=\"400\" height=\"265\" frameborder=\"0\"><\/iframe><\/p>\n<p><a href=\"https:\/\/vimeo.com\/10330767\">DESMONTANDO A DARWIN &#8211; ENTREVISTA MAXIMO SANDIN<\/a> from <a href=\"https:\/\/vimeo.com\/alish\">ALISH<\/a> on <a href=\"https:\/\/vimeo.com\">Vimeo<\/a>.<\/p>\n<p><object>(25 de agosto de 2010)<\/p>\n","protected":false},"excerpt":{"rendered":"<p>Un nuevo \u201c<em>avance cient\u00edfico<\/em>\u201d ha sido anunciado por los medios de comunicaci\u00f3n; un nuevo uso para los f\u00e1rmacos antivirales: El tratamiento \u201c<em>contra la esquizofrenia<\/em>\u201d. Seg\u00fan la revista <strong>Schizophrenia Research<\/strong> <strong>(1)<\/strong>: \u201c<em>la exposici\u00f3n al virus com\u00fan que causa el herpes labial puede ser parcialmente responsable de la disminuci\u00f3n de las regiones del cerebro y la p\u00e9rdida de capacidad de concentraci\u00f3n, memoria, coordinaci\u00f3n de movimientos y destreza ampliamente observado en los pacientes con esquizofrenia<\/em>\u00ab. La oportuna aparici\u00f3n de un virus en un \u00f3rgano, al parecer, deteriorado, abre un nuevo camino para la industria farmac\u00e9utica: Estos hallazgos podr\u00edan derivar en nuevas formas de tratamiento o de prevenci\u00f3n del deterioro cognitivo \u00ab<em>que normalmente acompa\u00f1a a la enfermedad, incluida la terapia con f\u00e1rmacos antivirales<\/em>\u00ab, explican los autores.<\/p>\n","protected":false},"author":1,"featured_media":1143,"comment_status":"closed","ping_status":"open","sticky":false,"template":"","format":"standard","meta":{"footnotes":""},"categories":[32],"tags":[],"_links":{"self":[{"href":"https:\/\/marina.swarpeca.es\/revista\/wp-json\/wp\/v2\/posts\/1146"}],"collection":[{"href":"https:\/\/marina.swarpeca.es\/revista\/wp-json\/wp\/v2\/posts"}],"about":[{"href":"https:\/\/marina.swarpeca.es\/revista\/wp-json\/wp\/v2\/types\/post"}],"author":[{"embeddable":true,"href":"https:\/\/marina.swarpeca.es\/revista\/wp-json\/wp\/v2\/users\/1"}],"replies":[{"embeddable":true,"href":"https:\/\/marina.swarpeca.es\/revista\/wp-json\/wp\/v2\/comments?post=1146"}],"version-history":[{"count":3,"href":"https:\/\/marina.swarpeca.es\/revista\/wp-json\/wp\/v2\/posts\/1146\/revisions"}],"predecessor-version":[{"id":3218,"href":"https:\/\/marina.swarpeca.es\/revista\/wp-json\/wp\/v2\/posts\/1146\/revisions\/3218"}],"wp:featuredmedia":[{"embeddable":true,"href":"https:\/\/marina.swarpeca.es\/revista\/wp-json\/wp\/v2\/media\/1143"}],"wp:attachment":[{"href":"https:\/\/marina.swarpeca.es\/revista\/wp-json\/wp\/v2\/media?parent=1146"}],"wp:term":[{"taxonomy":"category","embeddable":true,"href":"https:\/\/marina.swarpeca.es\/revista\/wp-json\/wp\/v2\/categories?post=1146"},{"taxonomy":"post_tag","embeddable":true,"href":"https:\/\/marina.swarpeca.es\/revista\/wp-json\/wp\/v2\/tags?post=1146"}],"curies":[{"name":"wp","href":"https:\/\/api.w.org\/{rel}","templated":true}]}}