{"id":1142,"date":"2010-08-21T15:04:27","date_gmt":"2010-08-21T15:04:27","guid":{"rendered":"https:\/\/marina.swarpeca.es\/revista\/2010\/08\/21\/entre-el-etnocidio-y-la-extincion-pueblos-indigenas-aislados-en-contacto-inicial-e-intermitente-en-las-tierras-bajas-de-bolivia\/"},"modified":"2010-08-21T15:04:27","modified_gmt":"2010-08-21T15:04:27","slug":"entre-el-etnocidio-y-la-extincion-pueblos-indigenas-aislados-en-contacto-inicial-e-intermitente-en-las-tierras-bajas-de-bolivia","status":"publish","type":"post","link":"https:\/\/marina.swarpeca.es\/revista\/entre-el-etnocidio-y-la-extincion-pueblos-indigenas-aislados-en-contacto-inicial-e-intermitente-en-las-tierras-bajas-de-bolivia\/","title":{"rendered":"\u201cEntre el etnocidio y la extinci\u00f3n: Pueblos ind\u00edgenas aislados, en contacto inicial e intermitente en las tierras bajas de Bolivia\u201d"},"content":{"rendered":"<p>Pablo Cingolani se\u00f1ala que se trata de un aporte \u201c<em>muy serio y met\u00f3dico<\/em>\u201d sobre los  grupos ind\u00edgenas m\u00e1s vulnerables de Bolivia, \u201c<em>aquellos que han sobrevivido al genocidio hist\u00f3rico que acarre\u00f3, sobre todo, la explotaci\u00f3n masiva del caucho entre 1880 y 1914<\/em>\u2033.<\/p>\n<p>Adem\u00e1s, contin\u00faa Cingolani, \u201c<em>aparece en el momento justo, donde la urgencia de denunciar<\/em> (\u2026) <em>se tensiona de manera dram\u00e1tica<\/em> (\u2026) <em>con los afanes de penetraci\u00f3n en las selvas de las empresas trasnacionales y las acciones que conllevan las pol\u00edticas neo extractivistas<\/em>\u201d.<\/p>\n<p>\u201c<em>La lectura de este libro puede abrir corazones y conciencias<\/em>\u201d y \u201c<em>su lectura no s\u00f3lo se vuelve necesaria sino urgente, ya que hay que actuar ahora, antes de que sea demasiado tarde y los \u00faltimos pueblos libres desaparezcan irreparablemente de las profundidades de los bosques que han sido su hogar desde siempre<\/em>\u201d<\/p>\n<p>&#8211; <a href=\"https:\/\/www.servindi.org\/actualidad\/30040?utm_source=feedburner&#038;utm_medium=email&#038;utm_campaign=Feed%3A+Servindi+%28Servicio+de+Informaci%C3%B3n+Indigena%29&#038;utm_content=Yahoo!+Mail\">Fuente: Servindi<\/a><\/p>\n<p>(21 de agosto de 2010)<\/p>\n","protected":false},"excerpt":{"rendered":"<p>&#8211; <a href=\"http:\/\/herbogeminis.com\/IMG\/pdf\/etnocidio_bolivia.pdf\">\u201c<em>Entre el etnocidio y la extinci\u00f3n: Pueblos ind\u00edgenas aislados, en contacto inicial e intermitente en las tierras bajas de Bolivia<\/em>\u201d<\/a> es el informe N\u00ba 6 del Grupo Internacional de Trabajo sobre Pueblos Ind\u00edgenas (<em>IWGIA<\/em>). La autor\u00eda del documento corresponde al antrop\u00f3logo Carlos Camacho Nassar y a pesar de su reciente aparici\u00f3n es  considera una publicaci\u00f3n de mucho m\u00e9rito.<\/p>\n","protected":false},"author":1,"featured_media":1141,"comment_status":"closed","ping_status":"open","sticky":false,"template":"","format":"standard","meta":{"footnotes":""},"categories":[35],"tags":[],"_links":{"self":[{"href":"https:\/\/marina.swarpeca.es\/revista\/wp-json\/wp\/v2\/posts\/1142"}],"collection":[{"href":"https:\/\/marina.swarpeca.es\/revista\/wp-json\/wp\/v2\/posts"}],"about":[{"href":"https:\/\/marina.swarpeca.es\/revista\/wp-json\/wp\/v2\/types\/post"}],"author":[{"embeddable":true,"href":"https:\/\/marina.swarpeca.es\/revista\/wp-json\/wp\/v2\/users\/1"}],"replies":[{"embeddable":true,"href":"https:\/\/marina.swarpeca.es\/revista\/wp-json\/wp\/v2\/comments?post=1142"}],"version-history":[{"count":0,"href":"https:\/\/marina.swarpeca.es\/revista\/wp-json\/wp\/v2\/posts\/1142\/revisions"}],"wp:featuredmedia":[{"embeddable":true,"href":"https:\/\/marina.swarpeca.es\/revista\/wp-json\/wp\/v2\/media\/1141"}],"wp:attachment":[{"href":"https:\/\/marina.swarpeca.es\/revista\/wp-json\/wp\/v2\/media?parent=1142"}],"wp:term":[{"taxonomy":"category","embeddable":true,"href":"https:\/\/marina.swarpeca.es\/revista\/wp-json\/wp\/v2\/categories?post=1142"},{"taxonomy":"post_tag","embeddable":true,"href":"https:\/\/marina.swarpeca.es\/revista\/wp-json\/wp\/v2\/tags?post=1142"}],"curies":[{"name":"wp","href":"https:\/\/api.w.org\/{rel}","templated":true}]}}