{"id":1126,"date":"2010-07-31T05:59:29","date_gmt":"2010-07-31T05:59:29","guid":{"rendered":"https:\/\/marina.swarpeca.es\/revista\/2010\/07\/31\/massacre-silencioso-lesoes-por-esforcos-repetitivos-doenca-invisivel-na-nestle-de-araras-masacre-silenciosa-lesiones-por-esfuerzos-repetitivos-enfermedad-invisible-en-la-nestle-de-araras\/"},"modified":"2010-07-31T05:59:29","modified_gmt":"2010-07-31T05:59:29","slug":"massacre-silencioso-lesoes-por-esforcos-repetitivos-doenca-invisivel-na-nestle-de-araras-masacre-silenciosa-lesiones-por-esfuerzos-repetitivos-enfermedad-invisible-en-la-nestle-de-araras","status":"publish","type":"post","link":"https:\/\/marina.swarpeca.es\/revista\/massacre-silencioso-lesoes-por-esforcos-repetitivos-doenca-invisivel-na-nestle-de-araras-masacre-silenciosa-lesiones-por-esfuerzos-repetitivos-enfermedad-invisible-en-la-nestle-de-araras\/","title":{"rendered":"&#8216;Massacre Silencioso. Les\u00f5es por esfor\u00e7os repetitivos. Doen\u00e7a invis\u00edvel na Nestl\u00e9 de Araras&#8217; \/ &#8216;Masacre silenciosa. Lesiones por esfuerzos repetitivos. Enfermedad invisible en la Nestl\u00e9 de Araras&#8217; \/ &#8216;Silent Massacre. Repetitive strain injuries. The invisible illness at Nestl\u00e9 Araras&#8217;"},"content":{"rendered":"<p><strong>\u00cdndice<\/strong><\/p>\n<p>&#8211; Presenta\u00e7\u0103o 9<\/p>\n<p>&#8211; Caras e m\u00e1scaras da Nestl\u00e9 19<\/p>\n<p>* <strong>Depoimentos<\/strong> 25<\/p>\n<p>&#8211; A ma\u00e7\u0103 podre <strong>F\u00e1tima de Moraes<\/strong> 27<\/p>\n<p>&#8211; Fui considerada menos que uma m\u00e1quina <strong>Tania Moreira<\/strong> 33<\/p>\n<p>&#8211; A Nestl\u00e9 massacra seus trabalhadores <strong>Geraldo Freitas<\/strong> 37<\/p>\n<p>&#8211; Ningu\u00e9m sabe o que fazer conosco <strong>Marly Magri<\/strong> 41<\/p>\n<p>&#8211; Isso \u00e9 uma epidemia <strong>Cristiane Gomes de Melo<\/strong> 45<\/p>\n<p>&#8211; Botar carga at\u00e9 que o burro n\u0103o ag\u00fcente <strong>Claudio Pintos de Oliveira<\/strong> 49<\/p>\n<p>&#8211; Isso tem mudado completamente a vida <strong>Sergio da Silva<\/strong> 53<\/p>\n<p>&#8211; Fiquei t\u0103o traumatizada que evito passar perto da f\u00e1brica <strong>Neide Lombi.<\/strong> 59<\/p>\n<p><a href=\"https:\/\/herbogeminis.com\/revista\/IMG\/pdf\/massacre_silencioso.pdf\">\u00ab<em>Massacre Silencioso. Les\u00f5es por esfor\u00e7os repetitivos. Doen\u00e7a invis\u00edvel na Nestl\u00e9 de Araras<\/em>\u00ab, Carlos Amor\u00edn, Ediciones Rel-UITA<\/a><\/p>\n<p><strong>\u00cdndice<\/strong><\/p>\n<p>&#8211; Presentaci\u00f3n 9<\/p>\n<p>&#8211; Caras y m\u00e1scaras de la Nestl\u00e9 19<\/p>\n<p>* <strong>Testimonios<\/strong> 25<\/p>\n<p>&#8211; La manzana podrida, Testimonio de <strong>F\u00e1tima de Moraes<\/strong> 27<\/p>\n<p>&#8211; Fui considerada menos que una m\u00e1quina, Testimonio de <strong>Tania Moreira<\/strong> 33<\/p>\n<p>&#8211; La Nestl\u00e9 masacra a sus trabajadores, Testimonio de <strong>Geraldo Freitas<\/strong> 37<\/p>\n<p>&#8211; Nadie sabe qu\u00e9 hacer con nosotros, Testimonio de <strong>Marly Magri<\/strong> 41<\/p>\n<p>&#8211; Esto es una epidemia, Testimonio de <strong>Cristiane Gomes de Melo<\/strong> 45<\/p>\n<p>&#8211; Agregar carga hasta que el burro no aguante, Testimonio de <strong>Claudio Pintos de Oliveira<\/strong> 49<\/p>\n<p>&#8211; Esto nos ha cambiado completamente la vida, Testimonio de <strong>Sergio da Silva<\/strong> 53<\/p>\n<p>Qued\u00e9 tan traumatizada que evito pasar cerca de la f\u00e1brica, Testimonio de <strong>Neide Lombi<\/strong> 59<\/p>\n<p><a href=\"https:\/\/herbogeminis.com\/revista\/IMG\/pdf\/masacre_silenciosa.pdf\">\u00ab<em>Masacre silenciosa. Lesiones por esfuerzos repetitivos. Enfermedad invisible en la Nestl\u00e9 de Araras<\/em>\u00ab, Carlos Amor\u00edn, Ediciones Rel-UITA<\/a><\/p>\n<p><strong>Table of contents<\/strong><\/p>\n<p>&#8211; Presentation 9<\/p>\n<p>&#8211; Faces and masks of Nestl\u00e9 19<\/p>\n<p>* <strong>Testimonials<\/strong> 25<\/p>\n<p>&#8211; The rotten apple, Testimonial &#8211; <strong>F\u00e1tima de Moraes<\/strong> 27<\/p>\n<p>&#8211; I was considered less than a machine, Testimonial &#8211; <strong>Tania Moreira<\/strong> 33<\/p>\n<p>&#8211; Nestl\u00e9 massacres its workers, Testimonial &#8211; <strong>Geraldo Freitas<\/strong> 37<\/p>\n<p>&#8211; No one knows what to do with us, Testimonial &#8211; <strong>Marly Magri<\/strong> 41<\/p>\n<p>&#8211; This is an epidemic, Testimonial &#8211; <strong>Cristiane Gomes de Melo<\/strong> 45<\/p>\n<p>&#8211; The straw that breaks the camel&#8217;s back, Testimonial &#8211; <strong>Claudio Pintos de Oliveira<\/strong> 49<\/p>\n<p>&#8211; This has completely changed our lives, Testimonial &#8211; <strong>Sergio da Silva<\/strong> 53<\/p>\n<p>&#8211; I was so traumatised that I avoid going near the factory, Testimonial &#8211; <strong>Neide Lombi<\/strong> 59<\/p>\n<p><a href=\"https:\/\/herbogeminis.com\/revista\/IMG\/pdf\/silent_massacre.pdf\">\u00ab<em>Silent Massacre. Repetitive strain injuries. The invisible illness at Nestl\u00e9 Araras<\/em>\u00ab, Carlos Amor\u00edn, Ediciones Rel-UITA<\/a><\/p>\n<p>(31 de julio de 2010)<\/p>\n","protected":false},"excerpt":{"rendered":"<p>As <a href=\"http:\/\/herbogeminis.com\/IMG\/pdf\/lesiones_por_esfuerzos_repetitivos.pdf\">Les\u00f5es por Esfor\u00e7os Repetitivos (LER)<\/a> [[- <a href=\"http:\/\/herbogeminis.com\/IMG\/pdf\/lesiones_musculo_esqueleticas.pdf\">Dossier \u00ab<em>Lesiones m\u00fasculo-esquel\u00e9ticas<\/em>\u00ab: Dimensi\u00f3n del problema, Un problema sobre todo de mujeres, \u00bfQu\u00e9 son las lesiones m\u00fasculo-esquel\u00e9ticas?, Factores de riesgo, Estrategias preventivas, Pistas para la acci\u00f3n sindical; Revista Por Experiencia n\u00ba 0, abril 1998. Material cedido por el Instituto Sindical de Trabajo, Ambiente y Salud a UITA<\/a>.]], e o contexto socioecon\u00f4mico no qual ocorrem, s\u00e3o uma completa demonstra\u00e7\u00e3o do choque entre dois grupos de interesses opostos: por um lado, as empresas -neste caso a f\u00e1brica da Nestl\u00e9 da cidade de Araras, no Estado de S\u00e3o Paulo- que n\u00e3o vacilam em impor condi\u00e7\u00f5es de trabalho moralmente escravizantes e fisicamente arrasadoras, e por outro lado as\/os trabalhadoras\/es, v\u00edtimas da confian\u00e7a na ordem social, na imagem que \u00ab<em>o lobo<\/em>\u00bb difunde de si mesmo para \u00ab<em>melhor nos comer<\/em>\u00ab, tra\u00eddos, prejudicados, mas finalmente organizados para fazer respeitar seus direitos e ajudar a evitar que outros venham a padecer o mesmo que eles. Unir-se ao mundo das LER implica estar dispon\u00edvel para ampliar o campo da sensibilidade, para dominar a indigna\u00e7\u00e3o e transform\u00e1-la junto com outros em movimento positivo.<\/p>\n","protected":false},"author":1,"featured_media":1125,"comment_status":"closed","ping_status":"open","sticky":false,"template":"","format":"standard","meta":{"footnotes":""},"categories":[35],"tags":[],"_links":{"self":[{"href":"https:\/\/marina.swarpeca.es\/revista\/wp-json\/wp\/v2\/posts\/1126"}],"collection":[{"href":"https:\/\/marina.swarpeca.es\/revista\/wp-json\/wp\/v2\/posts"}],"about":[{"href":"https:\/\/marina.swarpeca.es\/revista\/wp-json\/wp\/v2\/types\/post"}],"author":[{"embeddable":true,"href":"https:\/\/marina.swarpeca.es\/revista\/wp-json\/wp\/v2\/users\/1"}],"replies":[{"embeddable":true,"href":"https:\/\/marina.swarpeca.es\/revista\/wp-json\/wp\/v2\/comments?post=1126"}],"version-history":[{"count":0,"href":"https:\/\/marina.swarpeca.es\/revista\/wp-json\/wp\/v2\/posts\/1126\/revisions"}],"wp:featuredmedia":[{"embeddable":true,"href":"https:\/\/marina.swarpeca.es\/revista\/wp-json\/wp\/v2\/media\/1125"}],"wp:attachment":[{"href":"https:\/\/marina.swarpeca.es\/revista\/wp-json\/wp\/v2\/media?parent=1126"}],"wp:term":[{"taxonomy":"category","embeddable":true,"href":"https:\/\/marina.swarpeca.es\/revista\/wp-json\/wp\/v2\/categories?post=1126"},{"taxonomy":"post_tag","embeddable":true,"href":"https:\/\/marina.swarpeca.es\/revista\/wp-json\/wp\/v2\/tags?post=1126"}],"curies":[{"name":"wp","href":"https:\/\/api.w.org\/{rel}","templated":true}]}}