{"id":1117,"date":"2010-07-27T01:38:41","date_gmt":"2010-07-27T01:38:41","guid":{"rendered":"https:\/\/marina.swarpeca.es\/revista\/2010\/07\/27\/dengue-una-epidemia-social\/"},"modified":"2021-03-01T22:39:06","modified_gmt":"2021-03-01T22:39:06","slug":"dengue-una-epidemia-social","status":"publish","type":"post","link":"https:\/\/marina.swarpeca.es\/revista\/dengue-una-epidemia-social\/","title":{"rendered":"Dengue, una epidemia social"},"content":{"rendered":"<p>Ibarra es culpable por haber desarmado la inspecci\u00f3n de los locales p\u00fablicos y cohabitado con  la trama siniestra de funcionarios coimeros. Romero de la devastaci\u00f3n \u201c<em>sojera<\/em>\u201d de los montes salte\u00f1os y la depredaci\u00f3n de los pulpos petroleros, causas fundamentales de las inundaciones. Y los K y su ministra Oca\u00f1a son absolutamente culpables de la epidemia de Dengue. Y esto no s\u00f3lo por sus pol\u00edticas econ\u00f3mico\u2013sociales de subsidio al gran capital, de empobrecimiento y desocupaci\u00f3n  sistem\u00e1tico de las grandes masas del pa\u00eds, que es el caldo de cultivo de toda cat\u00e1strofe en salud p\u00fablica. No s\u00f3lo por el encubrimiento de la acci\u00f3n depredadora del medio ambiente por parte de los capitales \u201c<em>amigos<\/em>\u201d mineros, sojeros, petroleros, papeleros. No s\u00f3lo por todo ello, sino tambi\u00e9n por haber ocultado el desarrollo de una epidemia que fue anunciada por lo menos, desde 2007 y seguir ocult\u00e1ndola en la actualidad bajo los eufemismos criminales de que no existe tal epidemia, de que son casos locales, de  que se trata de casos \u201c<em>importados<\/em>\u201d.<\/p>\n<p>Imposturas todas dirigidas a \u201c<em>zafar<\/em>\u201d de la responsabilidad de esta epidemia que se va a agravar con el paso de los d\u00edas. Mentiras de criminales sociales, que al negar la realidad y desinformar a la poblaci\u00f3n, act\u00faan como una de las principales causas de la propagaci\u00f3n de la enfermedad, y de bloqueo de las medidas b\u00e1sicas de lucha contra la epidemia.<\/p>\n<p>Al desarrollar en este texto el an\u00e1lisis de esta epidemia, sus causas y las medidas de salud p\u00fablica que corresponde tomar urgentemente, quedar\u00e1 desnudado lo que el gobierno nacional y los gobiernos provinciales no hacen y por lo tanto su responsabilidad  en esta cat\u00e1strofe.<\/p>\n<p><em>Con este n\u00famero exraordinario <em>Tribuna de Salud<\/em> pretende realizar una contribuci\u00f3n al esclarecimiento de la naturaleza y el alcance de la actual epidemia del Dengue y la caracterizaci\u00f3n de las responsabilidades pol\u00edticas de los gobiernos y autoridades que debieran combatirla. Esto a fines de que la poblaci\u00f3n trabajadora de nuestro pa\u00eds tenga las herramientas para luchar mejor y m\u00e1s concientemente contra la enfermedad, sus causas y sus causantes<\/em><\/p>\n<p><a href=\"https:\/\/marina.swarpeca.es\/revista\/IMG\/pdf\/dengue.pdf\"><strong> <em>Tribuna de Salud, Dengue, una epidemia social, Abril 2009, Volumen 8, No. 15<\/em> <\/strong><\/a><\/p>\n<p>Salud P\u00fablica<\/p>\n<p>Dengue, una epidemia social, Tribuna de Salud, p\u00e1g. 2<\/p>\n<p>\u00bfQu\u00e9 es el Dengue?, Hermann G Schatzmayer y Rita Maria Tibeiro Nogueira, p\u00e1g. 3<\/p>\n<p>Dengue y situaci\u00f3n sanitaria. Enfermedades de la pobreza, Luis Trombeta, p\u00e1g. 7<\/p>\n<p>El plan de acci\u00f3n, p\u00e1g. 10<\/p>\n<p>El dengue vino para quedarse, www.inversorsalud.com.ar, p\u00e1g. 12<\/p>\n<p>La epidemia en la ciudad de Buenos Aires, p\u00e1g. 14<\/p>\n<p>Dengue en Salta, p\u00e1g. 15<\/p>\n<p>El dengue se expande. Oca\u00f1a, Capitanich, Urtubey, Brizuela: fuera!, Freddy Gima, p\u00e1g. 16<\/p>\n<p><strong>Relacionados en G\u00e9minis Papeles de Salud<\/strong><\/p>\n<p>    * <a href=\"https:\/\/marina.swarpeca.es\/revista\/argentina-otra-enfermedad-de-la-pobreza-dengue-04-06-09\/\">Argentina. Otra enfermedad de la pobreza: Dengue<\/a><\/p>\n<p>    * <a href=\"https:\/\/marina.swarpeca.es\/revista\/argentina-misiones-decretan-alerta-amarilla-tras-confirmacion-de-casos-de-dengue-en-paraguay-16-12-09\/\">Argentina, Misiones: Decretan alerta amarilla tras confirmaci\u00f3n de casos de dengue en Paraguay<\/a><\/p>\n<p>    * <a href=\"https:\/\/marina.swarpeca.es\/revista\/epidemia-de-dengue-por-los-cultivos-de-soja-de-monsanto\/\">Epidemia de dengue por los cultivos de soja de Monsanto<\/a><\/p>\n<p>    * <a href=\"https:\/\/marina.swarpeca.es\/revista\/argentina-emergencia-sanitaria-en-verano-el-dengue-sera-practicamente-imparable-en-chaco-catamarca-tucuman-salta-y-santiago-del-estero-22-10-09\/\">Argentina: Emergencia sanitaria. En verano el dengue ser\u00e1 \u00abpr\u00e1cticamente imparable\u00bb en Chaco, Catamarca, Tucum\u00e1n, Salta y Santiago del Estero<\/a><\/p>\n<p>    * <a href=\"https:\/\/marina.swarpeca.es\/revista\/verano-del-96-el-escandaloso-expediente-de-la-soja-transgenica-en-argentina-27-04-09\/\">Verano del \u201996: El escandaloso expediente de la soja transg\u00e9nica en Argentina<\/a><\/p>\n<p>    * <a href=\"https:\/\/marina.swarpeca.es\/revista\/donde-no-hay-doctor-una-guia-para-los-campesinos-que-viven-lejos-de-los-centros-medicos-de-david-werner\/\">\u2019Donde no hay doctor. Una gu\u00eda para los campesinos que viven lejos de los centros m\u00e9dicos\u2019 de David Werner<\/a><\/p>\n<p>    * <a href=\"https:\/\/marina.swarpeca.es\/revista\/los-crimenes-de-las-grandes-companias-farmaceuticas\/\">Los cr\u00edmenes de las grandes compa\u00f1\u00edas farmac\u00e9uticas<\/a><\/p>\n<p>    * <a href=\"https:\/\/marina.swarpeca.es\/revista\/argentina-ensayos-clinicos-y-ciencia-neoliberal-20-11-09\/\">Argentina: Ensayos cl\u00ednicos y ciencia neoliberal<\/a><\/p>\n<p><img loading=\"lazy\" decoding=\"async\" class=\" aligncenter size-full wp-image-1115\" src=\"https:\/\/marina.swarpeca.es\/revista\/wp-content\/uploads\/2010\/07\/17-tribuna_de_salud.jpg\" alt=\"17-tribuna_de_salud.jpg\" align=\"center\" width=\"175\" height=\"225\" \/><\/p>\n<p><a href=\"https:\/\/marina.swarpeca.es\/revista\/IMG\/pdf\/tribunasalud.pdf\"><strong> <em>Tribuna de Salud, Noviembre 2009, Volumen 9, No. 17<\/em> <\/strong> (&#038; \u00cdndices, Dossier, Art\u00edculos recomendados)<\/a><\/p>\n<p>\u00cdndice, p\u00e1g. 1<\/p>\n<p><strong>Editorial<\/strong> <\/p>\n<p>Frente a la crisis capitalista: Una tendencia hacia su independencia se abre camino entre los trabajadores, Jorge Pacham\u00e9, p\u00e1g. 3<\/p>\n<p><strong>Provincia de Buenos Aires<\/strong> <\/p>\n<p>Impidamos el vaciamiento del Larcade, Hugo Migueles, p\u00e1g. 5<\/p>\n<p><strong>Ciudad de Buenos Aires<\/strong> <\/p>\n<p>Un paso serio hacia la privatizaci\u00f3n hospitalaria, p\u00e1g. 6<\/p>\n<p>Embestida macrista contra la salud p\u00fablica hospitalaria, p\u00e1g. 7<\/p>\n<p>\u00c1reas cr\u00edticas: Un reclamo salarial o negocio de abogados, Dr Jorge Pacham\u00e9, p\u00e1g. 8<\/p>\n<p>Peligro: Macri te esp\u00eda, p\u00e1g. 9<\/p>\n<p><strong>Sindicales<\/strong><\/p>\n<p>Una iniciativa que hay que concretar, p\u00e1g. 10<\/p>\n<p><strong>Salud P\u00fablica<\/strong><\/p>\n<p>Un caso de poliomielitis enciende el alerta, Luis Trombetta, p\u00e1g. 11<\/p>\n<p>Tocan a uno tocan a todos, Tribuna de Salud\/Tucum\u00e1n, p\u00e1g. 12<\/p>\n<p>Pueblada en Tucum\u00e1n, Daniel Blanco (Tribuna de Salud\/Tucum\u00e1n), p\u00e1g. 13<\/p>\n<p>Despu\u00e9s de la Gripe A H1N1, Luis Trombetta, p\u00e1g.15<\/p>\n<p><strong>Salud Mental<\/strong><\/p>\n<p>Salud Mental, Elena Flor\u00edn, p\u00e1g. 17<\/p>\n<p><strong>Hospitales<\/strong><\/p>\n<p>El colapso de hospitales porte\u00f1os, Luis Trombetta, p\u00e1g. 19<\/p>\n<p>La lucha en los hospitales de R\u00edo Negro, p\u00e1g. 21<\/p>\n<p>Neuqu\u00e9n: La salud en terapia intensiva, Gabriela Suspicich (delegada del Hospital de Plottler), p\u00e1g. 22<\/p>\n<p>* \u00cdndices de Tribuna de Salud, Dossier, Art\u00edculos recomendados, \u00cdndices Tem\u00e1ticos: p\u00e1g. 23<\/p>\n<p>&#8211; Tribuna de Salud, mayo 2008, volumen 7, n\u00ba 14: p\u00e1g. 24<\/p>\n<p>&#8211; Tribuna de Salud, diciembre 2007, volumen 6, n\u00ba 13: p\u00e1g. 25<\/p>\n<p>&#8211; Tribuna de Salud, octubre 2006, volumen 5, n\u00ba 12: p\u00e1g. 26<\/p>\n<p>&#8211; Tribuna de Salud, mayo 2006, volumen 5, n\u00ba 11: p\u00e1g. 28<\/p>\n<p>&#8211; Tribuna de Salud, noviembre 2005, volumen 4, n\u00ba 10: p\u00e1g. 29<\/p>\n<p><img loading=\"lazy\" decoding=\"async\" class=\" aligncenter size-full wp-image-1116\" src=\"https:\/\/marina.swarpeca.es\/revista\/wp-content\/uploads\/2010\/07\/ts_140-2.png\" alt=\"ts_140-2.png\" align=\"center\" width=\"140\" height=\"41\" \/><\/p>\n<p><a href=\"https:\/\/marina.swarpeca.es\/revista\/IMG\/pdf\/tribuna_de_salud-2.pdf\">Tribuna de Salud<\/a><\/p>\n<p>*Acerca de una medicina no capitalista: Luis Trombetta. p\u00e1g. 1<\/p>\n<p>*Otra salud \u00bfes posible?: Marcelo Ramal. p\u00e1g. 4<\/p>\n<p>*Pol\u00edtica nacional de medicamentos: Dr Luis Trombetta. p\u00e1g. 7 <\/p>\n<p>*Antibi\u00f3ticos \u2019esenciales\u2019: \u00bfutilidad o costos?: Luis Trombetta. p\u00e1g. 10<\/p>\n<p>*Un negocio familiar. p\u00e1g. 13<\/p>\n<p>*Producci\u00f3n P\u00fablica de Medicamentos y Vacunas: Un debate necesario: Comit\u00e9 redactor de \u2019Tribuna de Salud\u2019. p\u00e1g. 14<\/p>\n<p>*Gripe aviaria y los laboratorios: Pablo Rieznik. p\u00e1g. 16<\/p>\n<p>*Producci\u00f3n p\u00fablica de medicamentos: Luis Trombetta. p\u00e1g. 18 <\/p>\n<p>&#8211; <a href=\"https:\/\/www.tribunadesalud.com.ar\/\">Fuente: Tribuna de Salud<\/a><\/p>\n<p>(27 de julio de 2010)<\/p>\n","protected":false},"excerpt":{"rendered":"<p>Es una caracter\u00edstica com\u00fan a los gobiernos patronales eludir la responsabilidad de sus actos. As\u00ed, Ibarra no habr\u00eda sido responsable de Croma\u00f1on, Romero de Salta nada habr\u00eda tenido que ver con el desborde catastr\u00f3fico de los r\u00edos en Tartagal. Y ahora ni el gobierno K ni la ministra Oca\u00f1a tienen culpa alguna en la epidemia de Dengue que se propaga por el pa\u00eds. \u00a1Falso!<\/p>\n","protected":false},"author":1,"featured_media":1114,"comment_status":"closed","ping_status":"open","sticky":false,"template":"","format":"standard","meta":{"footnotes":""},"categories":[32],"tags":[],"_links":{"self":[{"href":"https:\/\/marina.swarpeca.es\/revista\/wp-json\/wp\/v2\/posts\/1117"}],"collection":[{"href":"https:\/\/marina.swarpeca.es\/revista\/wp-json\/wp\/v2\/posts"}],"about":[{"href":"https:\/\/marina.swarpeca.es\/revista\/wp-json\/wp\/v2\/types\/post"}],"author":[{"embeddable":true,"href":"https:\/\/marina.swarpeca.es\/revista\/wp-json\/wp\/v2\/users\/1"}],"replies":[{"embeddable":true,"href":"https:\/\/marina.swarpeca.es\/revista\/wp-json\/wp\/v2\/comments?post=1117"}],"version-history":[{"count":8,"href":"https:\/\/marina.swarpeca.es\/revista\/wp-json\/wp\/v2\/posts\/1117\/revisions"}],"predecessor-version":[{"id":3215,"href":"https:\/\/marina.swarpeca.es\/revista\/wp-json\/wp\/v2\/posts\/1117\/revisions\/3215"}],"wp:featuredmedia":[{"embeddable":true,"href":"https:\/\/marina.swarpeca.es\/revista\/wp-json\/wp\/v2\/media\/1114"}],"wp:attachment":[{"href":"https:\/\/marina.swarpeca.es\/revista\/wp-json\/wp\/v2\/media?parent=1117"}],"wp:term":[{"taxonomy":"category","embeddable":true,"href":"https:\/\/marina.swarpeca.es\/revista\/wp-json\/wp\/v2\/categories?post=1117"},{"taxonomy":"post_tag","embeddable":true,"href":"https:\/\/marina.swarpeca.es\/revista\/wp-json\/wp\/v2\/tags?post=1117"}],"curies":[{"name":"wp","href":"https:\/\/api.w.org\/{rel}","templated":true}]}}