{"id":1106,"date":"2010-07-09T11:58:49","date_gmt":"2010-07-09T11:58:49","guid":{"rendered":"https:\/\/marina.swarpeca.es\/revista\/2010\/07\/09\/atlas-de-la-energia-en-america-latina-y-caribe-las-inversiones-de-las-multinacionales-espanolas-y-sus-impactos-economicos-sociales-y-ambientales\/"},"modified":"2010-07-09T11:58:49","modified_gmt":"2010-07-09T11:58:49","slug":"atlas-de-la-energia-en-america-latina-y-caribe-las-inversiones-de-las-multinacionales-espanolas-y-sus-impactos-economicos-sociales-y-ambientales","status":"publish","type":"post","link":"https:\/\/marina.swarpeca.es\/revista\/atlas-de-la-energia-en-america-latina-y-caribe-las-inversiones-de-las-multinacionales-espanolas-y-sus-impactos-economicos-sociales-y-ambientales\/","title":{"rendered":"&#8216;Atlas de la Energia en America Latina y Caribe. Las inversiones de las multinacionales espa\u00f1olas y sus impactos economicos, sociales y ambientales&#8217;"},"content":{"rendered":"<p>\u201c<em>Atlas de la energ\u00eda en Am\u00e9rica Latina y Caribe<\/em>\u201d, Cuadernos OMAL &#8211; N\u00ba 3 (2008), 4 de diciembre de 2008: <\/p>\n<p>Las preocupaciones derivadas del actual modelo energ\u00e9tico han pasado a ser una prioridad en las agendas de los gobernantes y en los temas de conversaci\u00f3n de la poblaci\u00f3n. La agudizaci\u00f3n de los efectos del cambio clim\u00e1tico, la perspectiva del agotamiento del petr\u00f3leo, las tensiones pol\u00edticas, sociales y militares por el control de los hidrocarburos y la privatizaci\u00f3n del servicio el\u00e9ctrico ponen en duda la viabilidad de los patrones de producci\u00f3n y consumo de energ\u00eda que sostiene nuestro modelo econ\u00f3mico.<\/p>\n<p>En este contexto el Observatorio de Multinacionales en Am\u00e9rica Latina &#8211; Paz con Dignidad ha considerado de gran utilidad la edici\u00f3n de este atlas, en el que se intenta expresar de forma gr\u00e1fica y directa cu\u00e1l es la situaci\u00f3n de Am\u00e9rica Latina en el panorama energ\u00e9tico mundial y qu\u00e9 papel cumplen las multinacionales espa\u00f1olas de la energ\u00eda en la regi\u00f3n, as\u00ed como sus impactos.<\/p>\n<p>La informaci\u00f3n que se recoge en esta publicaci\u00f3n, tanto los datos estad\u00edsticos e institucionales como las denuncias realizadas por las personas afectadas por las actividades de estas compa\u00f1\u00edas, es fruto del trabajo en red y la colaboraci\u00f3n de multitud de organizaciones y colectivos sociales de Am\u00e9rica Latina y Europa.<\/p>\n<p><a href=\"https:\/\/herbogeminis.com\/revista\/IMG\/pdf\/atlas_de_la_energia_-_final_1_web_.pdf\"><em>Atlas de la Energia<\/em><\/a><\/p>\n<p><a href=\"https:\/\/herbogeminis.com\/revista\/IMG\/pdf\/atlas_de_la_energia_-_final_2_web_.pdf\"><em>Atlas de la Energia<\/em> parte 2<\/a><\/p>\n<p>(9 de julio de 2010)<\/p>\n","protected":false},"excerpt":{"rendered":"<p>El Observatorio de Multinacionales en Am\u00e9rica Latina &#8211; Paz con Dignidad presenta el \u00ab<em>Atlas de la energ\u00eda en Am\u00e9rica Latina y Caribe<\/em>\u00ab, en el que se analiza la situaci\u00f3n de nuestros pa\u00edses en el panorama energ\u00e9tico mundial y qu\u00e9 papel cumplen las multinacionales espa\u00f1olas de la energ\u00eda en la regi\u00f3n, as\u00ed como sus impactos. <\/p>\n","protected":false},"author":1,"featured_media":1105,"comment_status":"closed","ping_status":"open","sticky":false,"template":"","format":"standard","meta":{"footnotes":""},"categories":[35],"tags":[],"_links":{"self":[{"href":"https:\/\/marina.swarpeca.es\/revista\/wp-json\/wp\/v2\/posts\/1106"}],"collection":[{"href":"https:\/\/marina.swarpeca.es\/revista\/wp-json\/wp\/v2\/posts"}],"about":[{"href":"https:\/\/marina.swarpeca.es\/revista\/wp-json\/wp\/v2\/types\/post"}],"author":[{"embeddable":true,"href":"https:\/\/marina.swarpeca.es\/revista\/wp-json\/wp\/v2\/users\/1"}],"replies":[{"embeddable":true,"href":"https:\/\/marina.swarpeca.es\/revista\/wp-json\/wp\/v2\/comments?post=1106"}],"version-history":[{"count":0,"href":"https:\/\/marina.swarpeca.es\/revista\/wp-json\/wp\/v2\/posts\/1106\/revisions"}],"wp:featuredmedia":[{"embeddable":true,"href":"https:\/\/marina.swarpeca.es\/revista\/wp-json\/wp\/v2\/media\/1105"}],"wp:attachment":[{"href":"https:\/\/marina.swarpeca.es\/revista\/wp-json\/wp\/v2\/media?parent=1106"}],"wp:term":[{"taxonomy":"category","embeddable":true,"href":"https:\/\/marina.swarpeca.es\/revista\/wp-json\/wp\/v2\/categories?post=1106"},{"taxonomy":"post_tag","embeddable":true,"href":"https:\/\/marina.swarpeca.es\/revista\/wp-json\/wp\/v2\/tags?post=1106"}],"curies":[{"name":"wp","href":"https:\/\/api.w.org\/{rel}","templated":true}]}}