{"id":1104,"date":"2010-07-05T03:43:20","date_gmt":"2010-07-05T03:43:20","guid":{"rendered":"https:\/\/marina.swarpeca.es\/revista\/2010\/07\/05\/mineria-contaminante-sabes-lo-que-es-por-actores-famosos\/"},"modified":"2010-07-05T03:43:20","modified_gmt":"2010-07-05T03:43:20","slug":"mineria-contaminante-sabes-lo-que-es-por-actores-famosos","status":"publish","type":"post","link":"https:\/\/marina.swarpeca.es\/revista\/mineria-contaminante-sabes-lo-que-es-por-actores-famosos\/","title":{"rendered":"Miner\u00eda contaminante \u00bfsabes lo que es? por actores famosos"},"content":{"rendered":"<p><object width=\"340\" height=\"285\"><param name=\"movie\" value=\"https:\/\/www.youtube.com\/v\/MHuLPLWCGoc&#038;hl=es_ES&#038;fs=1?border=1\"><\/param><param name=\"allowFullScreen\" value=\"true\"><\/param><param name=\"allowscriptaccess\" value=\"always\"><\/param><embed src=\"https:\/\/www.youtube.com\/v\/MHuLPLWCGoc&#038;hl=es_ES&#038;fs=1?border=1\" type=\"application\/x-shockwave-flash\" allowscriptaccess=\"always\" allowfullscreen=\"true\" width=\"340\" height=\"285\"><\/embed><\/object><\/p>\n<p>concienciasolidaria@gmail.com | 08-06-2009: <strong>Sobre la actual modalidad de miner\u00eda, en la Argentina y en el mundo<\/strong> [[- Con la participaci\u00f3n voluntaria de los siguientes actores: Julieta Diaz, Ra\u00fal Taibo, Georgina Barbarossa, Silvia P\u00e9rez, Mirta Wons, Gast\u00f3n Pauls, Nicol\u00e1s Pauls, Laura Azcurra, Carlos Portaluppi, Juan Palomino, Leonor Manso, Celina Font, Cristina Martin (Conciencia Solidaria) y realizado por el director Pablo D&#8217;Alo Abba. <em>Nuestra Gratitud! para todos los que participaron y realizaron este audiovisual!<\/em>. Permitida su utilizaci\u00f3n. <a href=\"https:\/\/www.sendspace.com\/file\/f4lm0h\">Para descargar en buena calidad<\/a><\/p>\n<p>&#8211; <a href=\"https:\/\/www.concienciasolidaria.com.ar\/noalamineria.html\">Firma contra la Megamineria Contaminante<\/a>:<\/p>\n<p><strong>Campa\u00f1a de Firmas por el NO a la Miner\u00eda Qu\u00edmica a Cielo Abierto y la Miner\u00eda Nuclear en todas sus formas<\/strong><\/p>\n<p>Los ciudadanos del territorio argentino decimos NO a la miner\u00eda qu\u00edmica con la modalidad a \u00ab<em>cielo abierto<\/em>\u00bb y a la miner\u00eda radiactiva en todas sus modalidades (cielo abierto o por galer\u00edas).<\/p>\n<p>* Pedimos la nulidad y derogaci\u00f3n de la Ley de Inversiones Mineras (Ley Nacional 24.196) y normas complementarias.<\/p>\n<p>* Exigimos la derogaci\u00f3n y anulaci\u00f3n por parte de la Rep\u00fablica Argentina del \u00ab<em>Tratado de Integraci\u00f3n Minero Argentino-Chileno<\/em>\u00ab.<\/p>\n<p>* Reclamamos el cierre definitivo y la recomposici\u00f3n del ambiente, seg\u00fan el art. 41 de la Constituci\u00f3n Nacional, de todas las minas abandonadas y aquellas que est\u00e1n funcionando y no respetan la ley general del ambiente (ley n\u00ba 25675).<\/p>\n<p>* Pedimos previa autorizaci\u00f3n expresa para la utilizaci\u00f3n de recursos h\u00eddricos compartidos de las poblaciones de las provincias potencialmente afectadas por un emprendimiento minero que se expresar\u00e1n por refer\u00e9ndum y demandamos la participaci\u00f3n de la autoridad ambiental nacional en caso de efectos \u00ednter-jurisdiccionales.<\/p>\n<p>* Pedimos se respeten estrictamente los principios ambientales preventivo, precautorio y de sustentabilidad contenidos en la ley general del ambiente y la sanci\u00f3n de caducidad de las concesiones mineras en caso de incumplimiento.<\/p>\n<p>* Reclamamos la detenci\u00f3n y prisi\u00f3n de los empresarios mineros que contaminan el medio ambiente con sus delitos y la misma condena para los funcionarios p\u00fablicos c\u00f3mplices.<\/p>\n<p>* Denunciamos los planes nucleares que se fomentan desde el gobierno y enriquecen a los empresarios mineros que desarrollan emprendimientos mineros radiactivos.<\/p>\n<p>* Reclamamos expresa \u00ab<em>Licencia Social<\/em>\u00bb y participaci\u00f3n ciudadana real y efectiva previas a los procesos de autorizaci\u00f3n de actividades mineras.<\/p>\n<p><strong>\u00a1S\u00ed a la vida y a la dignidad! \u00a1No al saqueo, destrucci\u00f3n y contaminaci\u00f3n! <\/strong> <\/p>\n<p>&#8211; <a href=\"https:\/\/www.glaciaresnosetocan.com.ar\/about\/\">Firma por la defensa de nuestros Glaciares<\/a>:<\/p>\n<p><strong>Firm\u00e1 para que la Ley N\u00b0 26.418 de Glaciares Originaria sea ratificada<\/strong><\/p>\n<p>Honorable Senado de la Naci\u00f3n Argentina<\/p>\n<p>Honorable C\u00e1mara de Diputados de la Naci\u00f3n Argentina<\/p>\n<p>Sres. \/as Senadores y Diputados,<\/p>\n<p>Les escribo por un veto presidencial que me ha dejado muy preocupado como ciudadano de la Naci\u00f3n Argentina y es el concerniente a la Ley N\u00b0 26.418, de \u201c<em>Presupuestos m\u00ednimos para la protecci\u00f3n de los glaciares y del ambiente periglacial<\/em>\u201d sancionada el 22 de octubre de 2008.<\/p>\n<p>La Ley N\u00b0 26.418 fue sancionada por mayor\u00eda absoluta en ambas C\u00e1maras, sin modificaciones, atendiendo a la voluntad popular.<\/p>\n<p>Como representantes de cada ciudadano\/a, les exigimos la reconsideraci\u00f3n del veto del Poder Ejecutivo Nacional.<br \/>\nTeniendo en cuenta que el ambiente glaciar es fr\u00e1gil (los glaciares est\u00e1n en franca retracci\u00f3n mundial debido a la alteraci\u00f3n del clima generada por el comportamiento humano).<\/p>\n<p>&#8211; Que el 70% del agua potable que consume nuestro pa\u00eds para el sost\u00e9n de la vida, est\u00e1 en estos dep\u00f3sitos naturales del ambiente glaciar y periglacial.<\/p>\n<p>&#8211; Que los glaciares son el mejor atemperamiento ante el cambio clim\u00e1tico mundial.<\/p>\n<p>&#8211; Que tocar un glaciar es destruir el recurso h\u00eddrico, ya que el glaciar regula el caudal de nuestros r\u00edos cordilleranos.<\/p>\n<p>&#8211; Que los r\u00edos del norte de la Patagonia son responsables de la generaci\u00f3n del 25 % de la energ\u00eda hidroel\u00e9ctrica del pa\u00eds.<\/p>\n<p>&#8211; Que los glaciares ya est\u00e1n siendo fuertemente afectados por actividades extractivas, reclamamos la inmediata restituci\u00f3n de la Ley de presupuestos m\u00ednimos de protecci\u00f3n de glaciares.<\/p>\n<p>No podemos hablar de soberan\u00eda, ni mucho menos de derechos humanos si un bien como el agua, no queda protegido. El agua es un derecho humano fundamental para la vida, crecimiento y desarrollo de las poblaciones y es un deber de quienes nos representan ofrecer garant\u00edas como el expresado en la ley 26.418.<\/p>\n<p>Ustedes, quienes fueron electos para velar por el bien com\u00fan, sobre cualquier otro inter\u00e9s, tienen la obligaci\u00f3n \u00e9tica y moral de tratar este tema de forma urgente, ya que si existe la misma voluntad pol\u00edtica y moral con que se promulg\u00f3 esta ley, pueden ratificarla nuevamente con los dos tercios de ambas C\u00e1maras.<\/p>\n<p>No escuchar lo que uno est\u00e1 pidiendo, es un duro golpe a la democracia.<\/p>\n<p>Un decreto no puede ir m\u00e1s all\u00e1 de la voluntad de los representantes. Y mucho m\u00e1s grave a\u00fan, que nuestros representantes luego se retracten del voto emitido para sancionar la ley. Es vergonzoso no haber brindado qu\u00f3rum para su ratificaci\u00f3n en forma inmediata, trat\u00e1ndola con la misma firmeza y mayor\u00eda con que fue promulgada en octubre del a\u00f1o pasado.<\/p>\n<p>Esta Ley tiene un esp\u00edritu de protecci\u00f3n hacia nuestros glaciares, no existiendo proyecto de ley actual que la supere en cuanto a preservaci\u00f3n del ambiente glaciar, colocando el l\u00edmite preciso y sumamente necesario a actividades extractivas y devastadoras (exceptuando proyectos que toman la ley original, como el presentado por el Diputado Miguel Luis Bonasso). No aceptar\u00e9 como ciudadano, que se quiera imponer una ley modificada que legalice la destrucci\u00f3n del ambiente glaciar a manos de cualquier tipo de actividad extractiva.<\/p>\n<p><strong>Por eso como ciudadano de esta Naci\u00f3n pido y exijo firmemente que se reconsidere esta situaci\u00f3n y se ratifique la ley N\u00b0 26.418 haciendo justicia a la soberan\u00eda popular delegada en ustedes, nuestros representantes.<\/strong>]].<\/p>\n<p>(5 de julio de 2010)<\/p>\n","protected":false},"excerpt":{"rendered":"<p>concienciasolidaria@gmail.com | 08-06-2009: Sobre la actual modalidad de miner\u00eda, en la Argentina y en el mundo [[- Con la participaci\u00f3n voluntaria de los siguientes actores: Julieta Diaz, Ra\u00fal Taibo, Georgina Barbarossa, Silvia P\u00e9rez, Mirta Wons, Gast\u00f3n Pauls, Nicol\u00e1s Pauls, Laura Azcurra, Carlos Portaluppi, Juan Palomino, Leonor Manso, Celina Font, Cristina Martin (Conciencia Solidaria) y realizado&hellip; <a class=\"more-link\" href=\"https:\/\/marina.swarpeca.es\/revista\/mineria-contaminante-sabes-lo-que-es-por-actores-famosos\/\">Continuar leyendo <span class=\"screen-reader-text\">Miner\u00eda contaminante \u00bfsabes lo que es? por actores famosos<\/span><\/a><\/p>\n","protected":false},"author":1,"featured_media":0,"comment_status":"closed","ping_status":"open","sticky":false,"template":"","format":"standard","meta":{"footnotes":""},"categories":[31],"tags":[],"_links":{"self":[{"href":"https:\/\/marina.swarpeca.es\/revista\/wp-json\/wp\/v2\/posts\/1104"}],"collection":[{"href":"https:\/\/marina.swarpeca.es\/revista\/wp-json\/wp\/v2\/posts"}],"about":[{"href":"https:\/\/marina.swarpeca.es\/revista\/wp-json\/wp\/v2\/types\/post"}],"author":[{"embeddable":true,"href":"https:\/\/marina.swarpeca.es\/revista\/wp-json\/wp\/v2\/users\/1"}],"replies":[{"embeddable":true,"href":"https:\/\/marina.swarpeca.es\/revista\/wp-json\/wp\/v2\/comments?post=1104"}],"version-history":[{"count":0,"href":"https:\/\/marina.swarpeca.es\/revista\/wp-json\/wp\/v2\/posts\/1104\/revisions"}],"wp:attachment":[{"href":"https:\/\/marina.swarpeca.es\/revista\/wp-json\/wp\/v2\/media?parent=1104"}],"wp:term":[{"taxonomy":"category","embeddable":true,"href":"https:\/\/marina.swarpeca.es\/revista\/wp-json\/wp\/v2\/categories?post=1104"},{"taxonomy":"post_tag","embeddable":true,"href":"https:\/\/marina.swarpeca.es\/revista\/wp-json\/wp\/v2\/tags?post=1104"}],"curies":[{"name":"wp","href":"https:\/\/api.w.org\/{rel}","templated":true}]}}