{"id":1090,"date":"2010-06-20T02:40:02","date_gmt":"2010-06-20T02:40:02","guid":{"rendered":"https:\/\/marina.swarpeca.es\/revista\/2010\/06\/20\/el-crepusculo-de-la-era-tragica-del-petroleo-pico-del-oro-negro-y-colapso-financiero-y-ecologico-mundial-de-ramon-fernandez-duran\/"},"modified":"2010-06-20T02:40:02","modified_gmt":"2010-06-20T02:40:02","slug":"el-crepusculo-de-la-era-tragica-del-petroleo-pico-del-oro-negro-y-colapso-financiero-y-ecologico-mundial-de-ramon-fernandez-duran","status":"publish","type":"post","link":"https:\/\/marina.swarpeca.es\/revista\/el-crepusculo-de-la-era-tragica-del-petroleo-pico-del-oro-negro-y-colapso-financiero-y-ecologico-mundial-de-ramon-fernandez-duran\/","title":{"rendered":"&#8216;El crep\u00fasculo de la era tr\u00e1gica del petr\u00f3leo. Pico del oro negro y colapso financiero (y ecol\u00f3gico) mundial&#8217; de Ram\u00f3n Fern\u00e1ndez Dur\u00e1n"},"content":{"rendered":"<p><strong> <em>\u00cdndice del texto<\/em> <\/strong><\/p>\n<p>\u00b7 El final del siglo XIX: Los albores del petr\u00f3leo (p\u00e1g. 3)<\/p>\n<p>\u00b7 El siglo XX, el petr\u00f3leo desplaza al carb\u00f3n como energ\u00eda dominante (p\u00e1g. 4 )<\/p>\n<p>\u00b7 Del petr\u00f3leo yanqui al petr\u00f3leo \u00e1rabe, y el dominio occidental del crudo (p\u00e1g. 5)<\/p>\n<p>\u00b7 Conflictos en Oriente Pr\u00f3ximo, creaci\u00f3n de la OPEP y estatalizaci\u00f3n del petr\u00f3leo (p\u00e1g. 7)<\/p>\n<p>\u00b7 Crisis energ\u00e9ticas\u00a0: poder \u00e1rabe, ascenso de Jomeini, guerra Irak-Ir\u00e1n y Doctrina Carter (p\u00e1g. 8)<\/p>\n<p>\u00b7 Las v\u00edctimas y los ganadores de las crisis energ\u00e9ticas (p\u00e1g. 10)<\/p>\n<p>\u00b7 Vuelve el crudo barato, durante veinte a\u00f1os (p\u00e1g. 11)<\/p>\n<p>\u00b7 \u201cPrimera\u201d (Segunda) Guerra del Golfo y el mundo unipolar de EEUU (p\u00e1g. 12)<\/p>\n<p>\u00b7 Privatizaciones y apropiaci\u00f3n de recursos versus poder de empresas estatales (p\u00e1g. 13)<\/p>\n<p>\u00b7 Vuelve el poder de la OPEP, debido a factores pol\u00edticos y a problemas de oferta (p\u00e1g. 14)<\/p>\n<p>\u00b7 El petr\u00f3leo al finalizar el siglo XX, la energ\u00eda dominante a escala mundial (p\u00e1g. 15)<\/p>\n<p>\u00b7 Petr\u00f3leo, trabajo humano, giro neoliberal y adicci\u00f3n global al crudo (p\u00e1g. 17)<\/p>\n<p>\u00b7 El tributo ecol\u00f3gico global de la sed insaciable de oro negro (p\u00e1g. 18)<\/p>\n<p>\u00b7 11-S, y Globalizaci\u00f3n Armada en la lucha por el petr\u00f3leo\u00a0: Afganist\u00e1n e Irak (p\u00e1g.20)<\/p>\n<p>\u00b7 La lucha por el crudo se acent\u00faa en torno a la \u201cElipse\u201d y se desborda a escala mundial (p\u00e1g. 21)<\/p>\n<p>\u00b7 El petr\u00f3leo mexicano, en el punto de mira de EEUU y sus petroleras (p\u00e1g. 23)<\/p>\n<p>\u00b7 Proliferaci\u00f3n de las resistencias \u201cantipetroleras\u201d a escala global y fin del crudo barato (p\u00e1g. 25)<\/p>\n<p>\u00b7 Acerc\u00e1ndonos a toda m\u00e1quina al pico del petr\u00f3leo mundial (p\u00e1g. 26)<\/p>\n<p>\u00b7 Manteniendo como sea (por ahora) el crecimiento del flujo energ\u00e9tico mundial (p\u00e1g. 30)<\/p>\n<p>\u00b7 Escenarios inviables y pavorosos versus decrecimiento obligado (p\u00e1g. 33)<\/p>\n<p>\u00b7 La depresi\u00f3n-deflaci\u00f3n global est\u00e1 ya en marcha, activada por el petr\u00f3leo (p\u00e1g. 35)<\/p>\n<p>\u00b7 \u00bfGanando tiempo, o precipit\u00e1ndonos hacia el desastre final y la guerra? (p\u00e1g. 37)<\/p>\n<p>\u00b7 Decrecimiento: oportunidad para la transici\u00f3n postfosilista y la lucha contra el cambio clim\u00e1tico (p\u00e1g. 39)<\/p>\n<p>\u00b7 <strong>Bibliograf\u00eda<\/strong> (p\u00e1g. 42)<\/p>\n<p>&#8211; <a href=\"https:\/\/marina.swarpeca.es\/revista\/IMG\/pdf\/presentacion_crepusculo_petroleo.pdf\">Presentaci\u00f3n \u00ab<em>El crep\u00fasculo de la era tr\u00e1gica del petr\u00f3leo. Pico del oro negro y colapso financiero (y ecol\u00f3gico) mundial<\/em>\u00bb Ram\u00f3n Fern\u00e1ndez Dur\u00e1n, Virus-Ecologistas en Acci\u00f3n, junio 2008<\/a><\/p>\n<p>&#8211; <a href=\"https:\/\/marina.swarpeca.es\/revista\/IMG\/pdf\/crepusculo_petroleo.pdf\">\u00ab<em>El crep\u00fasculo de la era tr\u00e1gica del petr\u00f3leo. Pico del oro negro y colapso financiero (y ecol\u00f3gico) mundial<\/em>\u00bb Ram\u00f3n Fern\u00e1ndez Dur\u00e1n (Ecologistas en Acci\u00f3n) &#8211; Versi\u00f3n electr\u00f3nica del libro de Virus Editorial con Ecologistas en Acci\u00f3n, junio 2008<\/a><\/p>\n<p>(20 de junio de 2010)<\/p>\n","protected":false},"excerpt":{"rendered":"<p>El fin de la era de los combustibles f\u00f3siles muy probablemente implique el colapso del modelo civilizatorio que conocemos, que est\u00e1 chocando ya con los l\u00edmites ecol\u00f3gicos del planeta. El presente libro apunta las claves para comprender la enorme trascendencia de los nuevos escenarios<br \/>\nque se abren, y examina c\u00f3mo las actuales estructuras de poder se preparan para abordarlos recurriendo a medidas cada vez m\u00e1s autoritarias y belicistas. Pero tambi\u00e9n se se\u00f1alan las oportunidades que se nos abren con todo este marasmo para poder caminar hacia otros mundos posibles.<\/p>\n","protected":false},"author":1,"featured_media":1089,"comment_status":"closed","ping_status":"open","sticky":false,"template":"","format":"standard","meta":{"footnotes":""},"categories":[35],"tags":[],"_links":{"self":[{"href":"https:\/\/marina.swarpeca.es\/revista\/wp-json\/wp\/v2\/posts\/1090"}],"collection":[{"href":"https:\/\/marina.swarpeca.es\/revista\/wp-json\/wp\/v2\/posts"}],"about":[{"href":"https:\/\/marina.swarpeca.es\/revista\/wp-json\/wp\/v2\/types\/post"}],"author":[{"embeddable":true,"href":"https:\/\/marina.swarpeca.es\/revista\/wp-json\/wp\/v2\/users\/1"}],"replies":[{"embeddable":true,"href":"https:\/\/marina.swarpeca.es\/revista\/wp-json\/wp\/v2\/comments?post=1090"}],"version-history":[{"count":0,"href":"https:\/\/marina.swarpeca.es\/revista\/wp-json\/wp\/v2\/posts\/1090\/revisions"}],"wp:featuredmedia":[{"embeddable":true,"href":"https:\/\/marina.swarpeca.es\/revista\/wp-json\/wp\/v2\/media\/1089"}],"wp:attachment":[{"href":"https:\/\/marina.swarpeca.es\/revista\/wp-json\/wp\/v2\/media?parent=1090"}],"wp:term":[{"taxonomy":"category","embeddable":true,"href":"https:\/\/marina.swarpeca.es\/revista\/wp-json\/wp\/v2\/categories?post=1090"},{"taxonomy":"post_tag","embeddable":true,"href":"https:\/\/marina.swarpeca.es\/revista\/wp-json\/wp\/v2\/tags?post=1090"}],"curies":[{"name":"wp","href":"https:\/\/api.w.org\/{rel}","templated":true}]}}