{"id":106,"date":"2008-12-03T14:03:24","date_gmt":"2008-12-03T14:03:24","guid":{"rendered":"https:\/\/marina.swarpeca.es\/revista\/2008\/12\/03\/ser-o-no-ser-un-medicamento\/"},"modified":"2008-12-03T14:03:24","modified_gmt":"2008-12-03T14:03:24","slug":"ser-o-no-ser-un-medicamento","status":"publish","type":"post","link":"https:\/\/marina.swarpeca.es\/revista\/ser-o-no-ser-un-medicamento\/","title":{"rendered":"Ser, o no ser (un medicamento)"},"content":{"rendered":"<p><IMG src=\"ser,_o_no_ser\/IMAG0001.GIF\" WIDTH=485 HEIGHT=978 BORDER=0><\/p>\n<p>La intenci\u00f3n del Ministerio de Sanidad de publicar durante el mes de septiembre una orden<br \/>\nministerial por la que se establece una lista de plantas cuyo uso queda restringido y su venta al<br \/>\np\u00fablico prohibida por raz\u00f3n de su toxicidad, no va a solucionar nuestra situaci\u00f3n. Trece a\u00f1os de<br \/>\nretraso. Huelgan m\u00e1s comentarios.<\/p>\n<p>Mientras tanto, la aplicaci\u00f3n de un criterio totalmente arbitrario y sin fundamentaci\u00f3n  jur\u00eddica,<br \/>\npor parte de la Agencia Espa\u00f1ola del Medicamento, mediante el que \u00abenlazan\u00bb la derogada<br \/>\nOrden Ministerial de 3 de octubre de 1973 con las \u00abplantas tradicionalmente consideradas como<br \/>\nmedicinales\u00bb (las que pueden venderse libremente), deja fuera de juego a un gran n\u00famero de<br \/>\nproductos que por ser considerados gen\u00e9ricamente como medicamentos deber\u00edan (siempre<br \/>\nseg\u00fan el criterio de la administraci\u00f3n, que no el nuestro) retirarse del mercado.<\/p>\n<p>Fruto de este vac\u00edo legal tantas veces denunciado y por acci\u00f3n u omisi\u00f3n de las distintas<br \/>\nadministraciones, nuestro sector se est\u00e1 viendo afectado por una r\u00e1faga -otra m\u00e1s- de<br \/>\ninmovilizaciones de productos tanto en los puntos de venta como en las propias empresas,<br \/>\nen ocasiones por mandato de la Agencia del Medicamento, en ocasiones de motu propio de<br \/>\nalgunas comunidades aut\u00f3nomas.<\/p>\n<p>Otra cosa es que todas las administraciones actuantes incumplen reiteradamente la legislaci\u00f3n<br \/>\nque regula sus propios actos -abreviando, Ley de Procedimiento Administrativo- y, yendo<br \/>\na\u00fan m\u00e1s all\u00e1, act\u00faen impunemente vulnerando algunos, por no decir bastantes, principios<br \/>\nfundamentales de nuestra Constituci\u00f3n y del Tratado de la Uni\u00f3n Europea.<\/p>\n<p>\u00bfAlguien se imagina que le puedan condenar directamente, sin un juicio previo, por alg\u00fan delito<br \/>\nque no ha cometido? Pues algo as\u00ed es lo que est\u00e1 sucediendo. Se inmovilizan productos que<br \/>\nllevan muchos a\u00f1os en el mercado espa\u00f1ol y europeo, sin la m\u00e1s m\u00ednima justificaci\u00f3n cient\u00edfica<br \/>\nsobre su supuesta peligrosidad o sobre la fundamentaci\u00f3n jur\u00eddica de la medida adoptada,<br \/>\nsin ponerlo en conocimiento del afectado (la empresa) para que pueda presentar las<br \/>\ncorrespondientes alegaciones, sin la apertura del preceptivo expediente administrativo y, casi<br \/>\nsiempre, ejecutado por organismos que no tienen competencias en estos asuntos. Kafkiano,<br \/>\npero real.<\/p>\n<p>Pero el nudo de la cuesti\u00f3n estriba en saber si los productos a los que nos estamos refiriendo<br \/>\nson o no son estrictamente medicamentos. Teniendo en cuenta nuestro particular agujero negro<br \/>\nlegal, juzgue usted mismo: \u00bfEs un medicamento un producto que est\u00e1 comercializado bajo la<br \/>\nlegislaci\u00f3n alimentaria  en otros estados europeos? \u00bfEs un medicamento un producto que est\u00e1<br \/>\ninscrito en el Registro General Sanitario de Alimentos? \u00bfEs un medicamento un producto de<br \/>\ncomposici\u00f3n id\u00e9ntica a los anteriores aunque no est\u00e9 inscrito en ning\u00fan registro? (Para quien<br \/>\nno lo sepa, desde 1991 la Administraci\u00f3n no los admite para su inclusi\u00f3n en el Registro ni<br \/>\ntampoco ofrece otras alternativas para su \u00ablegal\u00bb comercializaci\u00f3n, pese a haberlas reclamado<br \/>\ninsistentemente).<\/p>\n<p>Por poner algunos ejemplos, \u00bfson per se medicamentos el ginseng, el harpagofito, la echin\u00e1cea<br \/>\no el mu\u00e9rdago? Si cruza los Pirineos y pregunta, le dir\u00e1n que NO. \u00bfD\u00f3nde comienza Europa?.<\/p>\n<p>Evidentemente, existe una controversia entre nuestras administraciones y nuestro sector junto<br \/>\ncon el resto de Europa en cuanto a los criterios a aplicar, controversia que alguna instancia<br \/>\nsuperior dirimir\u00e1. Est\u00e9 Ud. seguro.<\/p>\n<p>\u00bfSon medicamentos o no son medicamentos?<\/p>\n<p>Esta es la cuesti\u00f3n.<\/p>\n<p><a href=\"https:\/\/www.afepadi.org\"><strong>www.afepadi.org<\/strong><\/a><\/p>\n<p>afepadi@afepadi.org<\/p>\n<p><IMG src=\"ser,_o_no_ser\/IMAG0002.JPG\" WIDTH=30 HEIGHT=34 BORDER=0><br \/>\n<a href=\"https:\/\/marina.swarpeca.es\/revista\/opinion\"><br \/>\n<IMG src=\"ser,_o_no_ser\/IMAG0003.GIF\" WIDTH=20 HEIGHT=20 BORDER=0><br \/>\n<\/a><br \/>\n<IMG src=\"ser,_o_no_ser\/IMAG0004.GIF\" WIDTH=485 HEIGHT=10 BORDER=0><\/p>\n<p><IMG src=\"ser,_o_no_ser\/IMAG0005.GIF\" WIDTH=202 HEIGHT=201 BORDER=0><\/p>\n<p>(Octubre 2003)<\/p>\n","protected":false},"excerpt":{"rendered":"<p>Decir que la administraci\u00f3n espa\u00f1ola ha incumplido sobradamente su mandato legal de<br \/>\ndesarrollo reglamentario del art\u00edculo 42 de la Ley del Medicamento no es ninguna novedad.<br \/>\nParece ser que, en nuestro pa\u00eds, los productos a base de plantas medicinales continuar\u00e1n<br \/>\nhu\u00e9rfanos hasta que, desde Bruselas, nos llegue la esperada Directiva sobre la materia. Quiz\u00e1s<br \/>\nen el 2004.<\/p>\n<p>Puede verse: <a href=\"article460\">Varapalo del Tribunal de Justicia europeo al estado espa\u00f1ol<\/a>, <a href=\"article453\">Sentencia de 5 de marzo de 2009<\/a> y <a href=\"article464\">Espa\u00f1a condenada por clasificar plantas medicinales como medicamentos<\/a><\/p>\n","protected":false},"author":1,"featured_media":0,"comment_status":"closed","ping_status":"open","sticky":false,"template":"","format":"standard","meta":{"footnotes":""},"categories":[32],"tags":[],"_links":{"self":[{"href":"https:\/\/marina.swarpeca.es\/revista\/wp-json\/wp\/v2\/posts\/106"}],"collection":[{"href":"https:\/\/marina.swarpeca.es\/revista\/wp-json\/wp\/v2\/posts"}],"about":[{"href":"https:\/\/marina.swarpeca.es\/revista\/wp-json\/wp\/v2\/types\/post"}],"author":[{"embeddable":true,"href":"https:\/\/marina.swarpeca.es\/revista\/wp-json\/wp\/v2\/users\/1"}],"replies":[{"embeddable":true,"href":"https:\/\/marina.swarpeca.es\/revista\/wp-json\/wp\/v2\/comments?post=106"}],"version-history":[{"count":0,"href":"https:\/\/marina.swarpeca.es\/revista\/wp-json\/wp\/v2\/posts\/106\/revisions"}],"wp:attachment":[{"href":"https:\/\/marina.swarpeca.es\/revista\/wp-json\/wp\/v2\/media?parent=106"}],"wp:term":[{"taxonomy":"category","embeddable":true,"href":"https:\/\/marina.swarpeca.es\/revista\/wp-json\/wp\/v2\/categories?post=106"},{"taxonomy":"post_tag","embeddable":true,"href":"https:\/\/marina.swarpeca.es\/revista\/wp-json\/wp\/v2\/tags?post=106"}],"curies":[{"name":"wp","href":"https:\/\/api.w.org\/{rel}","templated":true}]}}