{"id":1051,"date":"2010-05-15T21:50:29","date_gmt":"2010-05-15T21:50:29","guid":{"rendered":"https:\/\/marina.swarpeca.es\/revista\/2010\/05\/15\/cuidate-compa-manual-para-la-autogestion-de-la-salud-y-escritos-sumendi-en-revistas-nabarreria-aldapa-diario-gara-entrevistas\/"},"modified":"2010-05-15T21:50:29","modified_gmt":"2010-05-15T21:50:29","slug":"cuidate-compa-manual-para-la-autogestion-de-la-salud-y-escritos-sumendi-en-revistas-nabarreria-aldapa-diario-gara-entrevistas","status":"publish","type":"post","link":"https:\/\/marina.swarpeca.es\/revista\/cuidate-compa-manual-para-la-autogestion-de-la-salud-y-escritos-sumendi-en-revistas-nabarreria-aldapa-diario-gara-entrevistas\/","title":{"rendered":"&#8216;\u00a1Cu\u00eddate compa! Manual para la autogesti\u00f3n de la salud&#8217;; y escritos (Sumendi) en revistas (Nabarreria, Aldapa) diario Gara; entrevistas &#8230;"},"content":{"rendered":"<p>\u201cDesde diciembre de 2006 impulsa en Alem (Misiones, Argentina) la <a href=\"https:\/\/www.germinandovida.com\/eventos\/sanmarcos\/eneko-landaburu-pitarque.html\"><em>Escuela Popular de Salud OPaybo<\/em>, un lugar para Estudiar, Investigar, Experimentar, Aprender y Ense\u00f1ar conocimientos de vital importancia para el bienestar humano<\/em>\u201d: Germinando Vida<\/a>.<\/p>\n<p>&#8211; Contenido de <a href=\"https:\/\/herbogeminis.com\/revista\/IMG\/pdf\/cuidate-compa-manual-para-la-autogestion-de-la-salud.pdf\">\u201c<em>Cu\u00eddate Compa. Manual para la autogesti\u00f3n de la salud<\/em>\u201d Dr. Eneko Landaburu Pitarque<\/a><\/p>\n<p><strong>\u00cdndice<\/strong><\/p>\n<p>Agradecimientos<\/p>\n<p>Dos avisos<\/p>\n<p>Introducci\u00f3n<\/p>\n<p><strong>A. Sobre el bienestar f\u00edsico<\/strong><\/p>\n<p><strong>B. Sobre el bienestar mental<\/strong><\/p>\n<p><strong>C. Sobre el bienestar social<\/strong><\/p>\n<p><strong>D. Las etapas de la vida<\/strong><\/p>\n<p><strong>E. Algunos problemas concretos<\/strong><\/p>\n<p><strong>F. Despedida y cierre<\/strong><\/p>\n<p><img loading=\"lazy\" decoding=\"async\" class=\" aligncenter size-full wp-image-1048\" src=\"https:\/\/marina.swarpeca.es\/revista\/wp-content\/uploads\/2010\/05\/Eneko_Landaburu.jpg\" alt=\"Eneko_Landaburu.jpg\" align=\"center\" width=\"193\" height=\"270\" \/><\/p>\n<p><strong>Otras publicaciones y escritos de Eneko Landaburu<\/strong><\/p>\n<p>&#8211; <a href=\"https:\/\/herbogeminis.com\/revista\/IMG\/pdf\/publicaciones-eneko-landaburu-1997-curarse-uno-mismo-sin-los-peligros-de-los-medicamentos.pdf\">\u201c<em>Curarse uno mismo sin los peligros de los medicamentos<\/em>\u201d<\/a><\/p>\n<p>&#8211; <a href=\"https:\/\/herbogeminis.com\/revista\/IMG\/pdf\/publicaciones-eneko-landaburu-1999-2000-comprimidos-publicados-en-karazka-y-natura.pdf\">\u201c<em>Aportaciones a Gara<\/em>\u201d (1999-2000)<\/a><\/p>\n<p>&#8211; <a href=\"https:\/\/herbogeminis.com\/revista\/IMG\/pdf\/publicaciones-eneko-landaburu-para-la-revista-aldapa.pdf\">\u201c<em>Aportaciones a la Revista Aldapa<\/em>\u201d<\/a><\/p>\n<p>&#8211; <a href=\"https:\/\/herbogeminis.com\/revista\/IMG\/pdf\/publicaciones-eneko-landaburu-2005-revista-nabarra-entrevista-a-eneko.pdf\">Entrevista de la revista Nabarra a Eneko Landaburu<\/a><\/p>\n<p>&#8211; <a href=\"https:\/\/herbogeminis.com\/revista\/IMG\/pdf\/publicaciones-eneko-landaburu-2008-entrevista-de-gara-al-dr-eneko-landaburu.pdf\">Entrevista de Gara al Dr. Eneko Landaburu Pitarque<\/a><\/p>\n<p>&#8211; <a href=\"https:\/\/herbogeminis.com\/revista\/IMG\/pdf\/eneko-landaburu-para-nabarreria-articulos-junio-2006-a-febrero-de-09.pdf\">Art\u00edculos del Dr. Eneko Landaburu Pitarque publicados en la revista Nabarreria (Junio de 2006 &#8211; Febrero de 2009)<\/a><\/p>\n<p>&#8211; <a href=\"https:\/\/herbogeminis.com\/revista\/IMG\/pdf\/peligros_del_microondas.pdf\">\u00abPeligros del microondas\u00bb (email de) Eneko Landaburu 22-03-2002<\/a><\/p>\n<p><img loading=\"lazy\" decoding=\"async\" class=\" aligncenter size-full wp-image-1049\" src=\"https:\/\/marina.swarpeca.es\/revista\/wp-content\/uploads\/2010\/05\/logo_Eneko.jpg\" alt=\"logo_Eneko.jpg\" align=\"center\" width=\"450\" height=\"120\" srcset=\"https:\/\/marina.swarpeca.es\/revista\/wp-content\/uploads\/2010\/05\/logo_Eneko.jpg 450w, https:\/\/marina.swarpeca.es\/revista\/wp-content\/uploads\/2010\/05\/logo_Eneko-300x80.jpg 300w\" sizes=\"(max-width: 450px) 100vw, 450px\" \/><\/p>\n<p><img loading=\"lazy\" decoding=\"async\" class=\" alignleft size-full wp-image-1050\" src=\"https:\/\/marina.swarpeca.es\/revista\/wp-content\/uploads\/2010\/05\/EL_TODO_LO_VE.jpg\" alt=\"EL_TODO_LO_VE.jpg\" align=\"left\" width=\"90\" height=\"120\" \/><\/p>\n<p>&#8211; <a href=\"https:\/\/herbogeminis.com\/revista\/IMG\/pdf\/O_Paybo.pdf\">\u00ab<em>Entrevista a Mamen Maeztu y Eneko Landaburu por su Proyecto Solidario Benigno Maestu<\/em>\u00bb Luciana Aramburu, revista <em>Mundo Vasco en Argentina<\/em>, junio 2007 &#038; \u00ab<em>\u00bfQu\u00e9 es O\u2019P\u00e1ybo?<\/em>\u00ab<\/a><\/p>\n<p>&#8211; <a href=\"https:\/\/www.opaybo.org\/\">Sitio web de Eneko Landaburu y Mamen Maeztu: O\u00b4P\u00e1ybo &#8211; Proyecto Solidario Benigno Maestu<\/a><\/p>\n<p>(15 de mayo de 2010)<\/p>\n<p>&#8211; <a href=\"https:\/\/marina.swarpeca.es\/revista\/IMG\/pdf\/eneko_landaburu_revista_instinto_abc_de_la_destruccion.pdf\">\u00ab<em>Entrevista a Eneko Landaburu<\/em>\u00ab, Catherine Ariana, Revista Instinto &#038; \u00ab<em>En torno a la auto-curaci\u00f3n y la autogesti\u00f3n de la salud: Entrevista a Eneko Landaburu<\/em>\u00ab, (Publicado en El Surco, n\u00ba 40, Noviembre 2012), abc de la destrucci\u00f3n, enero 2013<\/a><\/p>\n<p>(27 de mayo de 2013)<\/p>\n","protected":false},"excerpt":{"rendered":"<p>Eneko Landaburu Pitarque (Bilbao, 15-09-1953), higienista, estren\u00f3 su t\u00edtulo de Medicina con los campesinos de la Nicaragua sandinista en 1979. Posteriormente colabor\u00f3 con la revista <em>Integral (salud y vida natural)<\/em>, el diario <em>egin<\/em> y la radio <em>egin irratia<\/em> y la revista <em>Punto y Hora de Euskal Herria<\/em>, con la que public\u00f3 tres monogr\u00e1ficos sobre Salud: \u201c<em>Alternativa a la Medicina: Aprender a vivir<\/em>\u201d (1982), \u201c<em>Cu\u00eddate Compa!<\/em>\u201d (1984) y \u201c<em>\u00danete Compa!<\/em>\u201d (1987). Trajo a tierras vascas las <em>Casas de Reposo &#8211; Escuelas de Salud<\/em>, as\u00ed como el movimiento internacional de la <em>Co-escucha<\/em> (ayuda mutua por la escucha). Promotor de la asociaci\u00f3n <em>Sumendi<\/em> (por la autogesti\u00f3n de la salud y la ayuda mutua. Profesor en los Cursos de Postgraduado de Medicina Natural, de la Universidad de Barcelona y de Zaragoza. Colaboraciones mensuales en las revistas <em>Aldapa<\/em> (Iruina Zaharra), <em>Ostoki<\/em> (de Ansoain), <em>Ibaialde<\/em> (de Burlada, Huarte y Villava) y <em>Auzolan<\/em> (de la Txantrea). Colaborador asimismo en el dominical \u201c<em>Natura<\/em>\u201d del diario <a href=\"http:\/\/www.gara.net\/\">\u201c<em>gara<\/em>\u201d<\/a>, en <a href=\"article569\">agosto de 2009 expuso su punto de vista sobre la gripe de los cerdos -A (H1N1)<\/a> en entrevista concedida desde Argentina.<\/p>\n","protected":false},"author":1,"featured_media":1047,"comment_status":"closed","ping_status":"open","sticky":false,"template":"","format":"standard","meta":{"footnotes":""},"categories":[10],"tags":[],"_links":{"self":[{"href":"https:\/\/marina.swarpeca.es\/revista\/wp-json\/wp\/v2\/posts\/1051"}],"collection":[{"href":"https:\/\/marina.swarpeca.es\/revista\/wp-json\/wp\/v2\/posts"}],"about":[{"href":"https:\/\/marina.swarpeca.es\/revista\/wp-json\/wp\/v2\/types\/post"}],"author":[{"embeddable":true,"href":"https:\/\/marina.swarpeca.es\/revista\/wp-json\/wp\/v2\/users\/1"}],"replies":[{"embeddable":true,"href":"https:\/\/marina.swarpeca.es\/revista\/wp-json\/wp\/v2\/comments?post=1051"}],"version-history":[{"count":0,"href":"https:\/\/marina.swarpeca.es\/revista\/wp-json\/wp\/v2\/posts\/1051\/revisions"}],"wp:featuredmedia":[{"embeddable":true,"href":"https:\/\/marina.swarpeca.es\/revista\/wp-json\/wp\/v2\/media\/1047"}],"wp:attachment":[{"href":"https:\/\/marina.swarpeca.es\/revista\/wp-json\/wp\/v2\/media?parent=1051"}],"wp:term":[{"taxonomy":"category","embeddable":true,"href":"https:\/\/marina.swarpeca.es\/revista\/wp-json\/wp\/v2\/categories?post=1051"},{"taxonomy":"post_tag","embeddable":true,"href":"https:\/\/marina.swarpeca.es\/revista\/wp-json\/wp\/v2\/tags?post=1051"}],"curies":[{"name":"wp","href":"https:\/\/api.w.org\/{rel}","templated":true}]}}