{"id":1032,"date":"2010-05-08T22:48:27","date_gmt":"2010-05-08T22:48:27","guid":{"rendered":"https:\/\/marina.swarpeca.es\/revista\/2010\/05\/08\/con-la-comida-no-se-juega-alternativas-autogestionarias-a-la-globalizacion-capitalista-desde-la-agroecologia-y-el-consumo\/"},"modified":"2010-05-08T22:48:27","modified_gmt":"2010-05-08T22:48:27","slug":"con-la-comida-no-se-juega-alternativas-autogestionarias-a-la-globalizacion-capitalista-desde-la-agroecologia-y-el-consumo","status":"publish","type":"post","link":"https:\/\/marina.swarpeca.es\/revista\/con-la-comida-no-se-juega-alternativas-autogestionarias-a-la-globalizacion-capitalista-desde-la-agroecologia-y-el-consumo\/","title":{"rendered":"&#8216;Con la comida no se juega. Alternativas autogestionarias a la globalizaci\u00f3n capitalista desde la agroecolog\u00eda y el consumo&#8217;"},"content":{"rendered":"<p><strong>\u00cdndice<\/strong><\/p>\n<p><strong>Pr\u00f3logo<\/strong>. Destrucci\u00f3n global <em>versus<\/em> regeneraci\u00f3n local: Ram\u00f3n Fern\u00e1ndez Dur\u00e1n<\/p>\n<p><strong>Introducci\u00f3n<\/strong><\/p>\n<p><strong>Glosario<\/strong><\/p>\n<p><strong>1. \u00bfPor qu\u00e9 vivimos en las ciudades?<\/strong><\/p>\n<p>1.1 El totalitarismo de la ciudad<\/p>\n<p>1.2 El medio rural: el patio de atr\u00e1s<\/p>\n<p>1.3 \u00bfProteger el medio ambiente? \u00a1Seamos medio ambiente!<\/p>\n<p>1.4 El espacio periurbano: el conflicto territorial como posibilidad<\/p>\n<p>1.5 Bajo el asfalto est\u00e1 la huerta: una odisea en el espacio<\/p>\n<p><strong>2. \u00bfPara qu\u00e9 sirve la econom\u00eda?<\/strong><\/p>\n<p>2.1 Introducci\u00f3n<\/p>\n<p>2.2 La econom\u00eda monetarizada entra en crisis<\/p>\n<p>2.3 Ideas para un proyecto<\/p>\n<p>2.4 La experiencia econ\u00f3mica del BAH!<\/p>\n<p>2.5 Posibles v\u00edas de desarrollo del proyecto<\/p>\n<p><strong>3. \u00bfQui\u00e9n le est\u00e1 poniendo puertas al campo?<\/strong><\/p>\n<p>3.1 Tenemos un nuevo problema (\u00bfnuevo?)<\/p>\n<p>3.2 O comer agroecol\u00f3gicamente o comer capitalismo<\/p>\n<p>3.3 Agroecolog\u00eda y capitalismo<\/p>\n<p>3.4 Agroecolog\u00eda: razones para una lucha y una esperanza<\/p>\n<p><strong>4. Perdonen \u00bfpodr\u00edamos deci(di)r algo?<\/strong><\/p>\n<p>4.1 Lo colectivo: un veh\u00edculo para movernos, un instrumento musical para tocar juntos<\/p>\n<p>4.2 La comunidad: la carencia  es a la vez posibilidad<\/p>\n<p>4.3 Pol\u00edtica desde el d\u00eda a d\u00eda<\/p>\n<p>4.4 Dando vueltas en torno a la participaci\u00f3n<\/p>\n<p>4.5 Una experiencia organizativa en torno a la autogesti\u00f3n de la alimentaci\u00f3n<\/p>\n<p><strong>5. \u00bfC\u00f3mo es el BAH!?<\/strong><\/p>\n<p>5.1 Introducci\u00f3n<\/p>\n<p>5.2 C\u00f3mo surge y evoluciona el BAH!<\/p>\n<p>5.3 Principios consensuados en los que nos basamos<\/p>\n<p>5.4 Funcionamiento<\/p>\n<p>5.5 La organizaci\u00f3n de la actividad<\/p>\n<p>5.6 Relaci\u00f3n con los movimientos sociales<\/p>\n<p>5.7 Perspectivas<\/p>\n<p><strong>Bibliograf\u00eda<\/strong><\/p>\n<p>&#8211; <a href=\"https:\/\/herbogeminis.com\/revista\/IMG\/pdf\/completo.pdf\">\u00ab<em>Con la comida no se juega. Alternativas autogestionarias a la globalizaci\u00f3n capitalista desde la agroecolog\u00eda y el consumo<\/em>\u00bb Daniel L\u00f3pez Garc\u00eda y Jos\u00e9 \u00c1ngel L\u00f3pez L\u00f3pez (gentes del B.A.H. Bajo el Asfalto est\u00e1 la Huerta), 255 p\u00e1ginas, Traficantes de Sue\u00f1os, Madrid, diciembre 2003 <\/a><\/p>\n<p><object width=\"340\" height=\"285\"><param name=\"movie\" value=\"https:\/\/www.youtube.com\/v\/uYI2MtiUDmw&#038;hl=es_ES&#038;fs=1&#038;\"><\/param><param name=\"allowFullScreen\" value=\"true\"><\/param><param name=\"allowscriptaccess\" value=\"always\"><\/param><embed src=\"https:\/\/www.youtube.com\/v\/uYI2MtiUDmw&#038;hl=es_ES&#038;fs=1&#038;\" type=\"application\/x-shockwave-flash\" allowscriptaccess=\"always\" allowfullscreen=\"true\" width=\"340\" height=\"285\"><\/embed><\/object><\/p>\n<p><a href=\"https:\/\/www.pluralia.tv\">PluraliaTV<\/a> <em>16 de marzo de 2007<\/em>: <strong>Colectivo <em>Bajo el Asfalto est\u00e1 la Huerta (BAH)<\/em> \u00e9s una cooperativa madrilenya autogestion\u00e0ria que lluita per la sobirania aliment\u00e0ria en un projecte d&#8217;agricultura ecol\u00f2gica<\/strong>.<\/p>\n<p><object width=\"400\" height=\"300\"><param name=\"allowfullscreen\" value=\"true\" \/><param name=\"allowscriptaccess\" value=\"always\" \/><param name=\"movie\" value=\"https:\/\/vimeo.com\/moogaloop.swf?clip_id=5279043&#038;server=vimeo.com&#038;show_title=1&#038;show_byline=1&#038;show_portrait=0&#038;color=&#038;fullscreen=1\" \/><embed src=\"https:\/\/vimeo.com\/moogaloop.swf?clip_id=5279043&#038;server=vimeo.com&#038;show_title=1&#038;show_byline=1&#038;show_portrait=0&#038;color=&#038;fullscreen=1\" type=\"application\/x-shockwave-flash\" allowfullscreen=\"true\" allowscriptaccess=\"always\" width=\"400\" height=\"300\"><\/embed><\/object><\/p>\n<p><a href=\"https:\/\/vimeo.com\/5279043\">Charla sobre decrecimiento<\/a> from <a href=\"https:\/\/vimeo.com\/user1939106\">foro social criptana<\/a> on <a href=\"https:\/\/vimeo.com\">Vimeo<\/a>.<\/p>\n<p>(8 de mayo de 2010)<\/p>\n","protected":false},"excerpt":{"rendered":"<p>Escrito por dos integrantes de <a href=\"http:\/\/herbogeminis.com\/IMG\/pdf\/bah_.pdf\">BAH! &#8211; Bajo el Asfalto est\u00e1 la Huerta<\/a> [[- <strong>\u00bfQu\u00e9 es el <em>BAH<\/em>?<\/strong> <em>12 de mayo de 2003<\/em><\/p>\n<p>BAH! &#8211; es un colectivo dedicado a la agroecolog\u00eda que propone un <strong>modelo alternativo de producci\u00f3n, distribuci\u00f3n y consumo agr\u00edcola<\/strong>. Este modelo se basa en la <strong>autogesti\u00f3n<\/strong>, sustentado en una <strong>estructura asamblearia<\/strong> y un f<strong>uncionamiento horizontal que hace posible la relaci\u00f3n directa productor\/a &#8211; consumidor\/a<\/strong>, implicando la participaci\u00f3n tanto del colectivo de trabajadores\/as como de los diferentes grupos de consumo de distintos barrios, localidades y colectivos de Madrid que han ido constituyendo y ampliando el proyecto.<\/p>\n<p>La distribuci\u00f3n se realiza mediante el sistema bolsas, que divide en partes iguales la producci\u00f3n entre los\/as socios\/as, de tal forma que todos\/as reciben lo mismo (verduras y hortalizas, de momento) con frecuencia semanal.<\/p>\n<p><em>Bajo el Asfalto est\u00e1 la Huerta<\/em> cuenta con una fuente principal de ingresos que son las cuotas fijas de los\/las socios\/as, la cual se apoya tambi\u00e9n en diversas acciones, tales como cursos de agroecolog\u00eda, venta de camisetas, aportaciones solidarias, etc.<\/p>\n<p>Adem\u00e1s nuestras t\u00e9cnicas agr\u00edcolas garantizan la seguridad de estar consumiendo productos absolutamente naturales, con el uso de tratamientos de <strong>agricultura ecol\u00f3gica<\/strong> para combatir plagas y enfermedades y de cuyas condiciones, proceso de cultivo y de distribuci\u00f3n tiene perfecto conocimiento y participaci\u00f3n el\/la consumidor\/a.<\/p>\n<p>&#8211; <a href=\"http:\/\/bah.ourproject.org\/article.php3?id_article=63\">Fuente: BAH!<\/a>.<\/p>\n<p>&#8211; <a href=\"http:\/\/herbogeminis.com\/IMG\/pdf\/Extranas_hierbas.pdf\">\u00ab<em>Nuevas y extra\u00f1as hierbas en las campas vascas<\/em>\u00bb Revista <em>Ekolurra<\/em> 33, noviembre 2008<\/a>.]] y con pr\u00f3logo de Ram\u00f3n Fern\u00e1ndez Dur\u00e1n, de <a href=\"http:\/\/www.ecologistasenaccion.org\/\">Ecologistas en Acci\u00f3n<\/a>, el colectivo de Madrid <a href=\"http:\/\/traficantes.net\/\">Traficantes de Sue\u00f1os<\/a> edit\u00f3 en diciembre de 2003 \u201c<em>Con la comida no se juega. Alternativas autogestionarias a la globalizaci\u00f3n capitalista desde la agroecolog\u00eda y el consumo<\/em>\u201d, cuyo \u00edndice es lo suficientemente expresivo sobre su contenido y objetivos como para no necesitar extendernos en esta presentaci\u00f3n. <\/p>\n","protected":false},"author":1,"featured_media":1031,"comment_status":"closed","ping_status":"open","sticky":false,"template":"","format":"standard","meta":{"footnotes":""},"categories":[35],"tags":[],"_links":{"self":[{"href":"https:\/\/marina.swarpeca.es\/revista\/wp-json\/wp\/v2\/posts\/1032"}],"collection":[{"href":"https:\/\/marina.swarpeca.es\/revista\/wp-json\/wp\/v2\/posts"}],"about":[{"href":"https:\/\/marina.swarpeca.es\/revista\/wp-json\/wp\/v2\/types\/post"}],"author":[{"embeddable":true,"href":"https:\/\/marina.swarpeca.es\/revista\/wp-json\/wp\/v2\/users\/1"}],"replies":[{"embeddable":true,"href":"https:\/\/marina.swarpeca.es\/revista\/wp-json\/wp\/v2\/comments?post=1032"}],"version-history":[{"count":0,"href":"https:\/\/marina.swarpeca.es\/revista\/wp-json\/wp\/v2\/posts\/1032\/revisions"}],"wp:featuredmedia":[{"embeddable":true,"href":"https:\/\/marina.swarpeca.es\/revista\/wp-json\/wp\/v2\/media\/1031"}],"wp:attachment":[{"href":"https:\/\/marina.swarpeca.es\/revista\/wp-json\/wp\/v2\/media?parent=1032"}],"wp:term":[{"taxonomy":"category","embeddable":true,"href":"https:\/\/marina.swarpeca.es\/revista\/wp-json\/wp\/v2\/categories?post=1032"},{"taxonomy":"post_tag","embeddable":true,"href":"https:\/\/marina.swarpeca.es\/revista\/wp-json\/wp\/v2\/tags?post=1032"}],"curies":[{"name":"wp","href":"https:\/\/api.w.org\/{rel}","templated":true}]}}