{"id":1020,"date":"2010-04-26T04:04:14","date_gmt":"2010-04-26T04:04:14","guid":{"rendered":"https:\/\/marina.swarpeca.es\/revista\/2010\/04\/26\/entregaran-a-la-onu-y-en-proxima-cumbre-del-clima-el-acuerdo-de-los-pueblos-suscrito-en-conferencia-mundial-de-bolivia\/"},"modified":"2021-03-01T22:39:05","modified_gmt":"2021-03-01T22:39:05","slug":"entregaran-a-la-onu-y-en-proxima-cumbre-del-clima-el-acuerdo-de-los-pueblos-suscrito-en-conferencia-mundial-de-bolivia","status":"publish","type":"post","link":"https:\/\/marina.swarpeca.es\/revista\/entregaran-a-la-onu-y-en-proxima-cumbre-del-clima-el-acuerdo-de-los-pueblos-suscrito-en-conferencia-mundial-de-bolivia\/","title":{"rendered":"Entregar\u00e1n a la ONU y en pr\u00f3xima cumbre del clima el Acuerdo de los Pueblos suscrito en Conferencia Mundial de Bolivia"},"content":{"rendered":"<p><strong>ACUERDO DE LOS PUEBLOS<\/strong><\/p>\n<p><em> <strong>Conferencia Mundial de los Pueblos sobre el Cambio Clim\u00e1tico y los Derechos de la Madre Tierra<\/strong> <\/em><\/p>\n<p>Hoy, nuestra Madre Tierra est\u00e1 herida y el futuro de la humanidad est\u00e1 en peligro.<\/p>\n<p>De incrementarse el calentamiento global en m\u00e1s de 2\u00ba C, a lo que nos conducir\u00eda el llamado \u00abEntendimiento de Copenhague\u00bb [[- <a href=\"https:\/\/herbogeminis.com\/revista\/IMG\/pdf\/GRUPO_2010_PROTOCOLO_20DE_20KIOTO-1.pdf\">\u00ab<em>Protocolo de Kyoto y Entendimiento de Copenhague<\/em>\u00bb Documento de referencia del Grupo de Trabajo n\u00ba 10 &#8211; Protocolo de Kyoto y Compromiso de Reducci\u00f3n de Emisiones &#8211; Grupo de Trabajo de la Conferencia Mundial de los Pueblos sobre Cambio Clim\u00e1tico y los Derechos de la Madre Tierra<\/a>.]], existe el 50% de probabilidades de que los da\u00f1os provocados a nuestra Madre Tierra sean totalmente irreversibles. Entre un 20% y un 30% de las especies estar\u00eda en peligro de desaparecer. Grandes extensiones de bosques ser\u00edan afectadas, las sequ\u00edas e inundaciones afectar\u00edan diferentes regiones del planeta, se extender\u00edan los desiertos y se agravar\u00eda el derretimiento de los polos y los glaciares en los Andes y los Himalayas. Muchos Estados insulares desaparecer\u00edan y el \u00c1frica sufrir\u00eda un incremento de la temperatura de m\u00e1s de 3\u00ba C. Asimismo se reducir\u00eda la producci\u00f3n de alimentos en el mundo con efectos catastr\u00f3ficos para la supervivencia de los habitantes de vastas regiones del planeta, y se incrementar\u00eda de forma dram\u00e1tica el n\u00famero de hambrientos en el mundo, que ya sobrepasa la cifra de 1.020 millones de personas [[- <a href=\"https:\/\/herbogeminis.com\/revista\/IMG\/pdf\/hambre2.pdf\">\u00ab<em>Un mundo de hambre<\/em>\u00bb Katia Monteagudo 28-03-2010. -\u00ab<em>En quiebra principales diarios del mundo<\/em>\u00bb In\u00e9s Hayes 17-05-2009. -\u00ab<em>Alarma por el hambre<\/em>\u00bb Ernesto Montero Acu\u00f1a 13-12-2009. -\u00ab<em>Argentina. antiguo granero del mundo, a pique<\/em>\u00bb Marcela Valente 11-10-2009. -\u00ab\u2019<em>Mundo desarrollado\u2019 castiga \u00c1frica<\/em>\u00bb \u00d3scar Bravo Fong 11-10-2009. -\u00ab<em>Desplazados por el hambre<\/em>\u00bb Z\u00f3simo Camacho 15-01-2008.<\/a><embed id=VideoPlayback src=https:\/\/video.google.com\/googleplayer.swf?docid=3476735691884189074&#038;hl=es&#038;fs=true style=width:340px;height:285px allowFullScreen=true allowScriptAccess=always type=application\/x-shockwave-flash><\/embed><em>Desplazados por el hambre 37:37 hace un a\u00f1o<\/em>: <strong> <em>Me\u00b4phaa<\/em>, <em>nu\u00b4saavi<\/em> y <em>nahuas<\/em> abandonan por decenas de miles La Monta\u00f1a de Guerrero. Andrajosas, familias enteras cargan con su patrimonio -sacos de ma\u00edz, petates y bolsas de harapos- y dejan cientos de pueblos desolados. Es el inicio de un humillante viaje de m\u00e1s de 2 mil kil\u00f3metros que los llevar\u00e1, como peones acasillados, a las plantaciones de empresas trasnacionales. Su destino son campos de concentraci\u00f3n, capataces, guardias blancas y tiendas de raya<\/strong>.]].<\/p>\n<p>Las corporaciones y los gobiernos de los pa\u00edses denominados \u00abm\u00e1s desarrollados\u00bb, en complicidad con un segmento de la comunidad cient\u00edfica, nos ponen a discutir el cambio clim\u00e1tico como un problema reducido a la elevaci\u00f3n de la temperatura sin cuestionar la causa que es el sistema capitalista [[- <a href=\"https:\/\/marina.swarpeca.es\/revista\/palabras-del-presidente-evo-morales-en-la-cumbre-del-cambio-climatico-copenhague-dinamarca-17-diciembre-2009-25-12-09\/\">Palabras del Presidente Evo Morales en la Cumbre del Cambio Clim\u00e1tico, Copenhague (Dinamarca) 17 diciembre 2009<\/a>.]], [[- <a href=\"https:\/\/marina.swarpeca.es\/revista\/presidente-de-bolivia-convoca-conferencia-mundial-de-los-pueblos-sobre-cambio-climatico-y-derechos-de-la-madre-tierra-cochabamba-20-22-abril-07-01-10\/\">Presidente de Bolivia convoca Conferencia Mundial de los Pueblos sobre Cambio Clim\u00e1tico y Derechos de la Madre Tierra: Cochabamba 20-22 abril<\/a>.]].<\/p>\n<p>Confrontamos la crisis terminal del modelo civilizatorio patriarcal basado en el sometimiento y destrucci\u00f3n de seres humanos y naturaleza que se aceler\u00f3 con la revoluci\u00f3n industrial.<\/p>\n<p>El sistema capitalista nos ha impuesto una l\u00f3gica de competencia, progreso y crecimiento ilimitado. Este r\u00e9gimen de producci\u00f3n y consumo busca la ganancia sin l\u00edmites, separando al ser humano de la naturaleza, estableciendo una l\u00f3gica de dominaci\u00f3n sobre \u00e9sta, convirtiendo todo en mercanc\u00eda: el agua, la tierra, el genoma humano, las culturas ancestrales, la biodiversidad, la justicia, la \u00e9tica, los derechos de los pueblos, la muerte y la vida misma.<\/p>\n<p>Bajo el capitalismo, la Madre Tierra se convierte en fuente s\u00f3lo de materias primas y los seres humanos en medios de producci\u00f3n y consumidores, en personas que valen por lo que tienen y no por lo que son.<\/p>\n<p>El capitalismo requiere una potente industria militar para su proceso de acumulaci\u00f3n y el control de territorios y recursos naturales, reprimiendo la resistencia de los pueblos [[- <a href=\"article1091\">Reeditando viejas costumbres nunca abandonadas. Nueva vuelta a la intervenci\u00f3n militar de EEUU en cualquier lugar del planeta<\/a>.]]. Se trata de un sistema imperialista de colonizaci\u00f3n del planeta.<\/p>\n<p><strong>La humanidad est\u00e1 frente a una gran disyuntiva: continuar por el camino del capitalismo, la depredaci\u00f3n y la muerte, o emprender el camino de la armon\u00eda con la naturaleza y el respeto a la vida<\/strong>.<\/p>\n<p>Requerimos forjar un nuevo sistema que restablezca la armon\u00eda con la naturaleza y entre los seres humanos. S\u00f3lo puede haber equilibrio con la naturaleza si hay equidad entre los seres humanos.<\/p>\n<p>Planteamos a los pueblos del mundo la recuperaci\u00f3n, revalorizaci\u00f3n y fortalecimiento de los conocimientos, sabidur\u00edas y pr\u00e1cticas ancestrales de los Pueblos Ind\u00edgenas [[- <a href=\"https:\/\/marina.swarpeca.es\/revista\/bolivia-gobierno-invertira-10-millones-de-dolares-para-crear-farmaceutica-tradicional-indigena-05-01-10\/\">Bolivia: Gobierno invertir\u00e1 10 millones de d\u00f3lares para crear farmace\u00fatica tradicional ind\u00edgena<\/a>.]], [[- <a href=\"https:\/\/marina.swarpeca.es\/revista\/la-expropiacion-de-la-salud-y-de-los-recursos-contra-el-uso-tradicional-de-la-coca-una-tradicion-de-4-500-anos-23-09-09\/\">La expropiaci\u00f3n de la salud y de los recursos contra el uso tradicional de la coca, una tradici\u00f3n de 4.500 a\u00f1os<\/a>.]], [[- <a href=\"https:\/\/marina.swarpeca.es\/revista\/desmitificando-la-hoja-de-coca-y-develando-la-verdad-cientifica\/\">Desmitificando la hoja de coca y develando la verdad cient\u00edfica<\/a>.]], [[- <a href=\"https:\/\/marina.swarpeca.es\/revista\/bolivia-gobierno-apoyara-la-coca-colla-como-nuevo-proyecto-para-industrializar-coca-06-01-10\/\">\u201c<em>Bolivia: Gobierno apoyar\u00e1 la &#8216;Coca Colla&#8217; como nuevo proyecto para industrializar coca<\/em>\u201d<\/a>.]], afirmados en la vivencia y propuesta de <em> <strong>Vivir Bien<\/strong> <\/em> [[- <a href=\"https:\/\/marina.swarpeca.es\/revista\/el-buen-vivir-y-el-bien-vivir-desde-la-vision-con-la-palabra-y-vivencia-de-sus-hacedores-los-pueblos-indigenas-de-los-andes\/\"><em>El Buen Vivir y el Bien Vivir desde la visi\u00f3n, con la palabra y vivencia de sus hacedores los Pueblos Ind\u00edgenas de los Andes<\/em><\/a>.]], [[- <a href=\"https:\/\/marina.swarpeca.es\/revista\/bolivia-conferencia-mundial-de-los-pueblos-sobre-cambio-climatico-y-derechos-de-la-madre-tierra\/\">Bolivia: Conferencia Mundial de los Pueblos sobre Cambio Clim\u00e1tico y Derechos de la Madre Tierra \/ <em>Sumaq Kawsay -ninchik o nuestro vivir bien<\/em><\/a>.]], [[- <a href=\"https:\/\/marina.swarpeca.es\/revista\/IMG\/pdf\/salud_bolivia.pdf\"><em>Salud Intercultural \u00a1Para vivir bien! La implementaci\u00f3n del modelo de salud familiar comunitario intercultural en el sistema de salud p\u00fablica de Bolivia<\/em><\/a>.]], [[- <a href=\"https:\/\/marina.swarpeca.es\/revista\/bolivia-es-reconocida-internacionalmente-como-lider-en-salud-publica-29-08-09\/\"><em>Bolivia es reconocida internacionalmente como l\u00edder en salud p\u00fablica<\/em><\/a>.]] reconociendo a la Madre Tierra como un ser vivo, con el cual tenemos una relaci\u00f3n indivisible, interdependiente, complementaria y espiritual [[- <a href=\"https:\/\/marina.swarpeca.es\/revista\/defensa-de-la-vida-y-de-la-madre-tierra-es-responsabilidad-de-todos-enfatizo-el-presidente-evo-morales\/\">Defensa de la vida y de la Madre Tierra es responsabilidad de todos, enfatiz\u00f3 el Presidente Evo Morales<\/a>.]].<\/p>\n<p>Para enfrentar el cambio clim\u00e1tico debemos reconocer a la Madre Tierra como la fuente de la vida y forjar un nuevo sistema basado en los principios de: *armon\u00eda y equilibrio entre todos y con todo; *complementariedad, solidaridad, y equidad; *bienestar colectivo y satisfacci\u00f3n de las necesidades fundamentales de todos en armon\u00eda con la Madre Tierra; *respeto a los Derechos de la Madre Tierra y a los Derechos Humanos; *reconocimiento del ser humano por lo que es y no por lo que tiene; *eliminaci\u00f3n de toda forma de colonialismo, imperialismo e intervencionismo [[- <a href=\"article733\">Evo Morales, presidente de Bolivia: si Obama se cree merecedor del Nobel debe devolver democracia a Honduras<\/a>.]]; *paz entre los pueblos y con la Madre Tierra.<\/p>\n<p>El modelo que propugnamos no es de desarrollo destructivo ni ilimitado. Los pa\u00edses necesitan producir bienes y servicios para satisfacer las necesidades fundamentales de su poblaci\u00f3n, pero <strong>de ninguna manera pueden continuar por este camino de desarrollo en el cual los pa\u00edses m\u00e1s ricos tienen una huella ecol\u00f3gica 5 veces m\u00e1s grande de lo que el planeta es capaz de soportar<\/strong> [[- <a href=\"https:\/\/herbogeminis.com\/revista\/IMG\/pdf\/la_huella_ecologica.pdf\">-\u00ab<em>La huella ecol\u00f3gica<\/em>\u00bb Raquel Moreno L\u00f3pez 03-03-2005 (edici\u00f3n 01-03-2010). -\u00ab<em>Pa\u00edses seg\u00fan su huella ecol\u00f3gica<\/em>\u00bb Wikipedia 08-02-2010. -\u00ab<em>Huella ecol\u00f3gica corporativa<\/em>\u00bb telecable.es <\/a>.<\/p>\n<p>&#8211; <a href=\"https:\/\/herbogeminis.com\/revista\/IMG\/pdf\/Poder_Ecologico_Naciones.pdf\">\u00ab<em>El poder ecol\u00f3gico de las naciones. La Biocapacidad de la Tierra como un nuevo marco para la cooperaci\u00f3n internacional<\/em>\u00bb huella ecol\u00f3gica por continentes y estados 2005<\/a>.<\/p>\n<p><object width=\"340\" height=\"285\"><param name=\"movie\" value=\"https:\/\/www.youtube.com\/v\/hh0n83Pd80Y&#038;hl=es_ES&#038;fs=1&#038;\"><\/param><param name=\"allowFullScreen\" value=\"true\"><\/param><param name=\"allowscriptaccess\" value=\"always\"><\/param><embed src=\"https:\/\/www.youtube.com\/v\/hh0n83Pd80Y&#038;hl=es_ES&#038;fs=1&#038;\" type=\"application\/x-shockwave-flash\" allowscriptaccess=\"always\" allowfullscreen=\"true\" width=\"340\" height=\"285\"><\/embed><\/object><\/p>\n<p><em>NunoaTV3 05 de mayo de 2009<\/em>: <strong>Entrevista a don Bernardo Reyes sobre Huella Ecol\u00f3gica<\/strong>.<\/p>\n<p><object width=\"340\" height=\"285\"><param name=\"movie\" value=\"https:\/\/www.youtube.com\/v\/eM0m0Tk1gpA&#038;hl=es_ES&#038;fs=1&#038;\"><\/param><param name=\"allowFullScreen\" value=\"true\"><\/param><param name=\"allowscriptaccess\" value=\"always\"><\/param><embed src=\"https:\/\/www.youtube.com\/v\/eM0m0Tk1gpA&#038;hl=es_ES&#038;fs=1&#038;\" type=\"application\/x-shockwave-flash\" allowscriptaccess=\"always\" allowfullscreen=\"true\" width=\"340\" height=\"285\"><\/embed><\/object><\/p>\n<p><em>guarapitofilms 27 de marzo de 2007<\/em>: <strong>Repsol-YPF es una compa\u00f1\u00eda petrolera que saquea petr\u00f3leo en todo el planeta, dejando un rastro de contaminaci\u00f3n y atropellos a los derechos humanos<\/strong>.<\/p>\n<p><object width=\"340\" height=\"285\"><param name=\"movie\" value=\"https:\/\/www.youtube.com\/v\/tQwemp02ZVI&#038;hl=es_ES&#038;fs=1&#038;\"><\/param><param name=\"allowFullScreen\" value=\"true\"><\/param><param name=\"allowscriptaccess\" value=\"always\"><\/param><embed src=\"https:\/\/www.youtube.com\/v\/tQwemp02ZVI&#038;hl=es_ES&#038;fs=1&#038;\" type=\"application\/x-shockwave-flash\" allowscriptaccess=\"always\" allowfullscreen=\"true\" width=\"340\" height=\"285\"><\/embed><\/object><\/p>\n<p><em>yanapuka 29 de abril de 2008<\/em>: <strong>El 30 de junio de 2005 una familia incinerada en una deflagraci\u00f3n de gas del pozo petrolero Surub\u00ed (Repsol-YPF) en la selva del Chapare Bolivia. Estaban pescando cuando ardieron un padre y sus dos hijos. 2 muertos es el resultado de la negligencia de Repsol y la situaci\u00f3n de impunidad petrolera que existe en Bolivia y otros pa\u00edses. \u00bfCuando se juzgar\u00e1n los homicidios petroleros?<\/strong>.]]. En la actualidad ya se ha excedido en m\u00e1s de un 30% la capacidad del planeta para regenerarse. A este ritmo de sobreexplotaci\u00f3n de nuestra Madre Tierra se necesitar\u00edan 2 planetas para el 2030.<\/p>\n<p><strong>En un sistema interdependiente del cual los seres humanos somos uno de sus componentes no es posible reconocer derechos solamente a la parte humana sin provocar un desequilibrio en todo el sistema. Para garantizar los derechos humanos y restablecer la armon\u00eda con la naturaleza es necesario reconocer y aplicar efectivamente los derechos de la Madre Tierra<\/strong> [[- <a href=\"https:\/\/herbogeminis.com\/revista\/IMG\/pdf\/derechos_tierra.pdf\">\u00abDeclaraci\u00f3n Universal de los Derechos de la Madre Tierra\u00bb (proyecto febrero 2010) -\u00abDeclaraci\u00f3n Especial de los Derechos de la Madre Tierra\u00bb VII Cumbre ALBA-TCP 19-10-2009 -\u00abDeclaraci\u00f3n Universal de los Derechos de la Madre Tierra proponen sea aprobada por la ONU\u00bb 22-04-2010<\/a>.]].<\/p>\n<p>Para ello proponemos el <em> <strong>proyecto adjunto de Declaraci\u00f3n Universal de Derechos de la Madre Tierra<\/strong> <\/em> en el cual se consignan:<\/p>\n<p>* Derecho a la vida y a existir;<\/p>\n<p>* Derecho a ser respetada;<\/p>\n<p>* Derecho a la continuaci\u00f3n de sus ciclos y procesos vitales libre de alteraciones humanas;<\/p>\n<p>* Derecho a mantener su identidad e integridad como seres diferenciados, auto-regulados e interrelacionados;<\/p>\n<p>* Derecho al agua como fuente de vida;<\/p>\n<p>* Derecho al aire limpio;<\/p>\n<p>* Derecho a la salud integral;<\/p>\n<p>* Derecho a estar libre de la contaminaci\u00f3n y poluci\u00f3n, de desechos t\u00f3xicos y radioactivos;<\/p>\n<p>* Derecho a no ser alterada gen\u00e9ticamente y modificada en su estructura amenazando su integridad o funcionamiento vital y saludable.<\/p>\n<p>* Derecho a una restauraci\u00f3n plena y pronta por las violaciones a los derechos reconocidos en esta Declaraci\u00f3n causados por las actividades humanas.<\/p>\n<p>La visi\u00f3n compartida es estabilizar las concentraciones de gases de efecto invernadero para hacer efectivo el Art\u00edculo 2 de la <a href=\"https:\/\/marina.swarpeca.es\/revista\/IMG\/pdf\/convencion.pdf\">Convenci\u00f3n Marco de las Naciones Unidas sobre Cambio Clim\u00e1tico<\/a> que determina \u201c<em>la estabilizaci\u00f3n de las concentraciones de gases de efecto invernadero en la atm\u00f3sfera a un nivel que impida interferencias antropog\u00e9nicas peligrosas para el sistema clim\u00e1tico<\/em>\u201d. Nuestra visi\u00f3n es, sobre la base del principio de las responsabilidades hist\u00f3ricas comunes pero diferenciadas, exigir que los pa\u00edses desarrollados se comprometan con metas cuantificadas de reducci\u00f3n de emisiones que permitan retornar las concentraciones de gases de efecto invernadero en la atm\u00f3sfera a 300 ppm y as\u00ed, limitar el incremento de la temperatura media global a un nivel m\u00e1ximo de 1\u00b0C.<\/p>\n<p>Enfatizando la necesidad de acci\u00f3n urgente para lograr esta visi\u00f3n, y con el apoyo de los pueblos, movimientos y pa\u00edses, los pa\u00edses desarrollados deber\u00e1n comprometerse con metas ambiciosas de reducci\u00f3n de emisiones que permitan alcanzar objetivos a corto plazo, manteniendo nuestra visi\u00f3n a favor del equilibrio del sistema clim\u00e1tico de la Tierra, de acuerdo al objetivo \u00faltimo de la Convenci\u00f3n.<\/p>\n<p>La \u201c<em>visi\u00f3n compartida<\/em>\u201d para la \u201c<em>Acci\u00f3n Cooperativa a Largo Plazo<\/em>\u201d no debe reducirse en la negociaci\u00f3n de cambio clim\u00e1tico a definir el l\u00edmite en el incremento de la temperatura y la concentraci\u00f3n de gases de efecto invernadero en la atm\u00f3sfera, sino que debe comprender de manera integral y equilibrada un conjunto de medidas financieras, tecnol\u00f3gicas, de adaptaci\u00f3n, de desarrollo de capacidades, de patrones de producci\u00f3n, consumo y otras esenciales como el reconocimiento de los derechos de la Madre Tierra para restablecer la armon\u00eda con la naturaleza.<\/p>\n<p><em> <strong>Los pa\u00edses desarrollados, principales causantes del cambio clim\u00e1tico, asumiendo su responsabilidad hist\u00f3rica y actual, deben reconocer y honrar su deuda clim\u00e1tica en todas sus dimensiones, como base para una soluci\u00f3n justa, efectiva y cient\u00edfica al cambio clim\u00e1tico. En este marco exigimos a los pa\u00edses desarrollados que<\/strong> <\/em>:<\/p>\n<p>* Restablezcan a los pa\u00edses en desarrollo el espacio atmosf\u00e9rico que est\u00e1 ocupado por sus emisiones de gases de efecto invernadero. Esto implica la descolonizaci\u00f3n de la atm\u00f3sfera mediante la reducci\u00f3n y absorci\u00f3n de sus emisiones.<\/p>\n<p>* Asuman los costos y las necesidades de transferencia de tecnolog\u00eda de los pa\u00edses en desarrollo por la p\u00e9rdida de oportunidades de desarrollo por vivir en un espacio atmosf\u00e9rico restringido.<\/p>\n<p>* Se hagan responsables por los cientos de millones que tendr\u00e1n que migrar por el cambio clim\u00e1tico que han provocado y que eliminen sus pol\u00edticas restrictivas de migraci\u00f3n y ofrezcan a los migrantes una vida digna y con todos los derechos en sus pa\u00edses.<\/p>\n<p>* Asuman la deuda de adaptaci\u00f3n relacionada a los impactos del cambio clim\u00e1tico en los pa\u00edses en desarrollo proveyendo los medios para prevenir, minimizar y atender los da\u00f1os que surgen de sus excesivas emisiones.<\/p>\n<p>* Honren estas deudas como parte de una deuda mayor con la Madre Tierra adoptando y aplicando la <a href=\"https:\/\/marina.swarpeca.es\/revista\/IMG\/pdf\/derechos_tierra.pdf\">Declaraci\u00f3n Universal de los Derechos de la Madre Tierra<\/a> en las Naciones Unidas.<\/p>\n<p>El enfoque debe ser no solamente de compensaci\u00f3n econ\u00f3mica, sino principalmente de \u201c<em>justicia restaurativa<\/em>\u201d, es decir, restituyendo la integridad a las personas y a los miembros que forman una comunidad de vida en la Tierra.<\/p>\n<p>Deploramos el intento de un grupo de pa\u00edses de anular el <a href=\"https:\/\/herbogeminis.com\/revista\/IMG\/pdf\/protocolo_de_Kyoto.pdf\">Protocolo de Kyoto<\/a>, el \u00fanico instrumento legalmente vinculante espec\u00edfico para la reducci\u00f3n de las emisiones de gases de efecto invernadero de los pa\u00edses desarrollados.<\/p>\n<p>Advertimos al mundo que <em> <strong>no obstante estar obligados legalmente las emisiones de los pa\u00edses desarrollados en lugar de reducir, crecieron en un 11,2% entre 1990 y 2007<\/strong> <\/em>.<\/p>\n<p><em> <strong>Estados Unidos a causa del consumo ilimitado aument\u00f3 sus emisiones de GEI en 16,8% durante el periodo 1990 al 2007, emitiendo como promedio entre 20 y 23 toneladas anuales de CO2 por habitante, lo que representa m\u00e1s de 9 veces las emisiones correspondientes a un habitante promedio del Tercer Mundo, y m\u00e1s de 20 veces las emisiones de un habitante de \u00c1frica Subsahariana<\/strong> <\/em>.<\/p>\n<p><em> <strong>Rechazamos de manera absoluta el ilegitimo \u00abEntendimiento de Copenhague\u00bb, que permite a estos pa\u00edses desarrollados ofertar reducciones insuficientes de gases de efecto invernadero, basadas en compromisos voluntarios e individuales, que violan la integridad ambiental de la Madre Tierra conduci\u00e9ndonos a un aumento de alrededor de 4\u00baC<\/strong> <\/em>.<\/p>\n<p><strong>La pr\u00f3xima Conferencia sobre Cambio Clim\u00e1tico a realizarse a fines de a\u00f1o en M\u00e9xico [[- <a href=\"https:\/\/herbogeminis.com\/revista\/IMG\/pdf\/Mexico_Conferencia.pdf\">*Wikipedia: -\u00ab<em>M\u00e9xico 29-11-2010 a 10-12-2010: XVI Conferencia sobre Cambio Clim\u00e1tico<\/em>\u00bb 18-01-2010. -\u00abConvenci\u00f3n Marco de las Naciones Unidas sobre el Cambio Clim\u00e1tico\u00bb 19-01-2010. &#038; *UNFCCC: \u00abVersi\u00f3n espa\u00f1ola del sitio web de la secretar\u00eda de la Convenci\u00f3n sobre el Cambio Clim\u00e1tico\u00bb. -\u00ab<em>2010 Calendar<\/em>\u00ab<\/a>.]] debe aprobar la enmienda al Protocolo de Kyoto [[- <a href=\"https:\/\/herbogeminis.com\/revista\/IMG\/pdf\/enmiendas_al_protocolo_de_Kyoto.pdf\"><em>Protocolo de Kyoto y compromisos de reducci\u00f3n de emisiones cmpcc Cochabamba Bolivia Grupo de Trabajo 10 objetivos del grupo; diferentes propuestas: Alianza Peque\u00f1os Estados de las Islas, Bolivia y bloque de pa\u00edses<\/em> 03-02-2010. &#038; &#8211;<em>Actualidad de la UE: Comisi\u00f3n propone una enmienda al Protocolo de Kyoto<\/em> 26-05-2009. &#038; &#8211;<em>Europa S\u00edntesis de la legislaci\u00f3n de la UE. Protocolo de Kyoto sobre el cambio clim\u00e1tico: decisiones, comunicaciones<\/em><\/a>. <\/p>\n<p>&#8211; <a href=\"https:\/\/herbogeminis.com\/revista\/IMG\/pdf\/propuestas_de_enmiendas_a_Kyoto.pdf\">&#8211; \u00ab<em>Otras propuestas de enmiendas al Protocolo de Kyoto<\/em>\u00bb Grupo de trabajo especial sobre los nuevos compromisos de las Partes del anexo I con arreglo al Protocolo de Kyoto 9\u00ba periodo de sesiones (Bangkok 28-09 a 09-10-2009, Barcelona 02 a 06-11-2009) Documentaci\u00f3n para facilitar las negociaciones de las Partes Nota de la Presidencia Adici\u00f3n &#8211; Naciones Unidas Convenci\u00f3n Marco sobre el Cambio Clim\u00e1tico 01-07-2009<\/a>.]], para el segundo per\u00edodo de compromisos a iniciarse en 2013 a 2017 en el cual los pa\u00edses desarrollados deben comprometer reducciones dom\u00e9sticas significativas de al menos el 50% respecto al a\u00f1o base de 1990 sin incluir mercados de carbono u otros sistemas de desviaci\u00f3n que enmascaran el incumplimiento de las reducciones reales de emisiones de gases de efecto invernadero<\/strong>.<\/p>\n<p><strong>Requerimos establecer primero una meta para el conjunto de los pa\u00edses desarrollados para luego realizar la asignaci\u00f3n individual para cada pa\u00eds desarrollado en el marco de una comparaci\u00f3n de esfuerzos entre cada uno de ellos, manteniendo as\u00ed el sistema del Protocolo de Kyoto para las reducciones de las emisiones<\/strong>.<\/p>\n<p><strong>Los Estados Unidos de Am\u00e9rica, en su car\u00e1cter de \u00fanico pa\u00eds de la Tierra del Anexo 1 que no ratific\u00f3 el Protocolo de Kyoto [[- <a href=\"https:\/\/herbogeminis.com\/revista\/IMG\/pdf\/kyoto.pdf\">\u00ab<em>Negociaci\u00f3n del Protocolo de Kyoto y sus normas<\/em>\u00bb United Nations Framework Convention on Climate Change UN FCCC<\/a>.]], tiene una responsabilidad significativa ante todos los pueblos del mundo por cuanto debe ratificar el Protocolo de Kyoto y comprometerse a respetar y dar cumplimiento a los objetivos de reducci\u00f3n de emisiones a escala de toda su econom\u00eda<\/strong>.<\/p>\n<p><strong>Los pueblos tenemos los mismos derechos de protecci\u00f3n ante los impactos del cambio clim\u00e1tico y rechazamos la noci\u00f3n de adaptaci\u00f3n al cambio clim\u00e1tico entendida como la resignaci\u00f3n a los impactos provocados por las emisiones hist\u00f3ricas de los pa\u00edses desarrollados, quienes deben adaptar sus estilos de vida y de consumo ante esta emergencia planetaria. Nos vemos forzados a enfrentar los impactos del cambio clim\u00e1tico, considerando la adaptaci\u00f3n como un proceso y no como una imposici\u00f3n, y adem\u00e1s como herramienta que sirva para contrarrestarlos, demostrando que es posible vivir en armon\u00eda bajo un modelo de vida distinto<\/strong>.<\/p>\n<p><strong>Es necesario construir un <em>Fondo de Adaptaci\u00f3n<\/em>, como un fondo exclusivo para enfrentar el cambio clim\u00e1tico como parte de un mecanismo financiero manejado y conducido de manera soberana, transparente y equitativa por nuestros Estados. Bajo este Fondo se debe valorar: los impactos y sus costos en pa\u00edses en desarrollo y las necesidades que estos impactos deriven, y registrar y monitorear el apoyo por parte de pa\u00edses desarrollados. \u00c9ste debe manejar adem\u00e1s un mecanismo para el resarcimiento por da\u00f1os por impactos ocurridos y futuros, por p\u00e9rdida de oportunidades y la reposici\u00f3n por eventos clim\u00e1ticos extremos y graduales, y costos adicionales que podr\u00edan presentarse si nuestro planeta sobrepasa los umbrales ecol\u00f3gicos as\u00ed como aquellos impactos que est\u00e1n frenando el <em>derecho a Vivir Bien<\/em> <\/strong>.<\/p>\n<p><strong>El \u00abEntendimiento de Copenhague\u00bb [[- <a href=\"https:\/\/herbogeminis.com\/revista\/IMG\/pdf\/entendimiento_de_copenhague.pdf\">\u00ab<em>Copenhaguen Accord<\/em>\u00bb &#8211;<em>Entendimiento de Copenhague<\/em>&#8211; United Nations Framework Convention on Climate Change FCCC\/CP\/2009\/L.7 18-12-2009<\/a>.]] impuesto sobre los pa\u00edses en desarrollo por algunos Estados, m\u00e1s all\u00e1 de ofertar recursos insuficientes, pretende en s\u00ed mismo dividir y enfrentar a los pueblos y pretende extorsionar a los pa\u00edses en desarrollo condicionando el acceso a recursos de adaptaci\u00f3n a cambio de medidas de mitigaci\u00f3n. Adicionalmente se establece como inaceptable que en los procesos de negociaci\u00f3n internacional se intente categorizar a los pa\u00edses en desarrollo por su vulnerabilidad al cambio clim\u00e1tico, generando disputas, desigualdades y segregaciones entre ellos<\/strong>.<\/p>\n<p>El inmenso desaf\u00edo que enfrentamos como humanidad para detener el calentamiento global y enfriar el planeta s\u00f3lo se lograr\u00e1 llevando adelante una <strong>profunda transformaci\u00f3n en la agricultura hacia un modelo sustentable de producci\u00f3n agr\u00edcola campesino e ind\u00edgena\/originario, y otros modelos y pr\u00e1cticas ancestrales ecol\u00f3gicas que contribuyan a solucionar el problema del cambio clim\u00e1tico y aseguren la Soberan\u00eda Alimentaria<\/strong> [[- <a href=\"https:\/\/marina.swarpeca.es\/revista\/la-via-campesina-presente-en-la-inauguracion-de-la-conferencia-mundial-de-los-pueblos-sobre-el-cambio-climatico-y-por-los-derechos-de-la-madre-tierra\/\">La V\u00eda Campesina presente en la inauguraci\u00f3n de la Conferencia Mundial de los Pueblos sobre el Cambio Clim\u00e1tico y por los Derechos de la Madre Tierra<\/a>.]], entendida como el derecho de los pueblos a controlar sus propias semillas, tierras, agua y la producci\u00f3n de alimentos, garantizando, a trav\u00e9s de una producci\u00f3n en armon\u00eda con la Madre Tierra, local y culturalmente apropiada, el acceso de los pueblos a alimentos suficientes, variados y nutritivos en complementaci\u00f3n con la Madre Tierra y profundizando la producci\u00f3n aut\u00f3noma (participativa, comunitaria y compartida) de cada naci\u00f3n y pueblo [[- <a href=\"https:\/\/herbogeminis.com\/revista\/IMG\/pdf\/Sob_Aliment.pdf\">\u00ab<em>Qu\u00e9 es la soberan\u00eda alimentaria<\/em>\u00bb V\u00eda Campesina 13-02-2004. -\u00ab<em>Soberan\u00eda Alimentaria. alimentos, ruralidad y sustentabilidad en Am\u00e9rica Latina<\/em>\u00bb soberaniaalimentaria.com -\u00ab<em>Agricultura y Soberan\u00eda Alimentaria<\/em>\u00bb choike.org -\u00ab<em>Soberan\u00eda Alimentaria<\/em>\u00bb soberaniaalimentaria.org -\u00ab<em>Soberan\u00eda Alimentaria<\/em>\u00bb Agencia Period\u00edstica del Mercosur apm -\u00ab<em>Soberan\u00eda Alimentaria: un derecho para todos<\/em>\u00bb Declaraci\u00f3n pol\u00edtica del Foro de las ONG\/OSC para la Soberan\u00eda Alimentaria 2002 Rome NGO\/CSO Forum for Food Sovereignty 08\/13-06-2002<\/a>.<\/p>\n<p>&#8211; <a href=\"https:\/\/herbogeminis.com\/revista\/IMG\/pdf\/ahumada.pdf\">\u00ab<em>La Soberan\u00eda Alimentaria y los Movimientos Sociales<\/em>\u00ab. Mario Ahumada Coordinador Regional Comit\u00e9 para la Soberan\u00eda Alimentaria Am\u00e9rica Latina y El Caribe. Conferencia Interparlamentaria sobre Derecho a la Seguridad Alimentaria, Panam\u00e1 03\/04-09-2009<\/a>.<\/p>\n<p>&#8211; <a href=\"https:\/\/herbogeminis.com\/revista\/IMG\/pdf\/DECLARACION_20NYELENI_285_29.pdf\">\u00ab<em>Declaraci\u00f3n de Ny\u00e9l\u00e9ni<\/em>\u00bb 23\/27-02-2007 Ny\u00e9l\u00e9ni, Selingue, Mal\u00ed 27-02-2007<\/a>.<\/p>\n<p><object width=\"340\" height=\"285\"><param name=\"movie\" value=\"https:\/\/www.youtube.com\/v\/2AZ3LdWMCUA&#038;hl=es_ES&#038;fs=1&#038;\"><\/param><param name=\"allowFullScreen\" value=\"true\"><\/param><param name=\"allowscriptaccess\" value=\"always\"><\/param><embed src=\"https:\/\/www.youtube.com\/v\/2AZ3LdWMCUA&#038;hl=es_ES&#038;fs=1&#038;\" type=\"application\/x-shockwave-flash\" allowscriptaccess=\"always\" allowfullscreen=\"true\" width=\"340\" height=\"285\"><\/embed><\/object><\/p>\n<p><em>elkartasunbideak 09 de agosto de 2007<\/em>: <strong>La soberan\u00eda alimentaria, lucha campesina contra el modelo neoliberal por un mundo m\u00e1s justo. En el programa de<\/strong> <a href=\"https:\/\/www.eitb.com\">Euskal Telebista<\/a> <strong> <em>Rutas de Solidaridad<\/em> <\/strong>.<\/p>\n<p><object width=\"340\" height=\"285\"><param name=\"movie\" value=\"https:\/\/www.youtube.com\/v\/Ri3O45dh2Rw&#038;hl=es_ES&#038;fs=1&#038;\"><\/param><param name=\"allowFullScreen\" value=\"true\"><\/param><param name=\"allowscriptaccess\" value=\"always\"><\/param><embed src=\"https:\/\/www.youtube.com\/v\/Ri3O45dh2Rw&#038;hl=es_ES&#038;fs=1&#038;\" type=\"application\/x-shockwave-flash\" allowscriptaccess=\"always\" allowfullscreen=\"true\" width=\"340\" height=\"285\"><\/embed><\/object><\/p>\n<p><em>Lagalponeratv 06 de noviembre de 2008<\/em>: <strong>marcha por la soberania alimentaria realizada el 16 de octubre de 2008 en el microcentro porte\u00f1o y en 50 ciudades m\u00e1s del mundo. Entrevista a campesino del mocase realizada por El bondi informativo para<\/strong> <a href=\"https:\/\/www.canal4.org.ar\">canal4 Dario y Maxi<\/a>.<\/p>\n<p><object width=\"340\" height=\"285\"><param name=\"movie\" value=\"https:\/\/www.youtube.com\/v\/4UPFCNsy3MM&#038;hl=es_ES&#038;fs=1&#038;\"><\/param><param name=\"allowFullScreen\" value=\"true\"><\/param><param name=\"allowscriptaccess\" value=\"always\"><\/param><embed src=\"https:\/\/www.youtube.com\/v\/4UPFCNsy3MM&#038;hl=es_ES&#038;fs=1&#038;\" type=\"application\/x-shockwave-flash\" allowscriptaccess=\"always\" allowfullscreen=\"true\" width=\"340\" height=\"285\"><\/embed><\/object><\/p>\n<p><em>carlosmirandalevy 05 de julio de 2007<\/em>: <strong>Familias bailan chacarera doble los domingos en el Patio de Froil\u00e1n, en Santiago del Estero, Santiago del Estero, Argentina<\/strong>.]].<\/p>\n<p>El Cambio Clim\u00e1tico ya est\u00e1 produciendo profundos impactos sobre la agricultura y los modos de vida de los pueblos ind\u00edgenas\/originarios y campesinos del mundo y estos impactos se ir\u00e1n agravando en el futuro.<\/p>\n<p><em> <strong>El \u00abagronegocio\u00bb a trav\u00e9s de su modelo social, econ\u00f3mico y cultural de producci\u00f3n capitalista globalizada y su l\u00f3gica de producci\u00f3n de alimentos para el mercado y no para cumplir con el derecho a la alimentaci\u00f3n, es una de las causas principales del cambio clim\u00e1tico<\/strong> <\/em>. Sus herramientas tecnol\u00f3gicas, comerciales y pol\u00edticas no hacen m\u00e1s que profundizar la crisis clim\u00e1tica e incrementar el hambre en el planeta. Por esta raz\u00f3n <strong>rechazamos los \u00abTratados de Libre Comercio y Acuerdos de Asociaci\u00f3n\u00bb y toda forma de aplicaci\u00f3n de los \u00abDerechos de Propiedad Intelectual\u00bb sobre la vida, los paquetes tecnol\u00f3gicos actuales (agroqu\u00edmicos, transg\u00e9nicos) y aquellos que se ofrecen como falsas soluciones (agrocombustibles, geoingenier\u00eda, nanotecnolog\u00eda, tecnolog\u00eda Terminator y similares) que \u00fanicamente agudizar\u00e1n la crisis actual<\/strong>.<\/p>\n<p>Al mismo tiempo <em> <strong>denunciamos c\u00f3mo este modelo capitalista impone megaproyectos de infraestructura, invade territorios con proyectos extractivistas, privatiza y mercantiliza el agua y militariza los territorios expulsando a los pueblos ind\u00edgenas y campesinos de sus territorios, impidiendo la Soberan\u00eda Alimentaria y profundizando la crisis socioambiental<\/strong> <\/em>.<\/p>\n<p><strong>Exigimos reconocer el derecho de todos los pueblos, los seres vivos y la Madre Tierra a acceder y gozar del agua y apoyamos la propuesta del Gobierno de Bolivia para reconocer al <em>agua como un Derecho Humano Fundamental<\/em> <\/strong> [[- <a href=\"https:\/\/herbogeminis.com\/revista\/IMG\/pdf\/agua.pdf\">-\u00ab<em>Bolivia: Evo Morales propondr\u00e1 a la ONU declarar el agua como derecho humano<\/em>\u00bb Servindi 23-03-2010. -\u00ab<em>Bolivia: \u00bfes posible cuidar el agua en el marco del capitalismo?<\/em>\u00bb Bolpress 16-10-2007<\/a>.]].<\/p>\n<p>La definici\u00f3n de <strong>bosque<\/strong> utilizada en las negociaciones de la Convenci\u00f3n Marco de las Naciones Unidas sobre Cambio Clim\u00e1tico, la cual incluye plantaciones, es inaceptable. Los monocultivos no son bosques. Por lo tanto, <strong>exigimos una definici\u00f3n para fines de negociaci\u00f3n que reconozca los bosques nativos y la selva y la diversidad de los ecosistemas de la tierra<\/strong>.<\/p>\n<p>La Declaraci\u00f3n de la ONU sobre los Derechos de los Pueblos Ind\u00edgenas [[- <a href=\"https:\/\/herbogeminis.com\/revista\/IMG\/pdf\/derechos_indigenas.pdf\">\u00ab<em>Declaraci\u00f3n de las Naciones Unidas sobre los Derechos de los Pueblos Ind\u00edgenas<\/em>\u00bb Resoluci\u00f3n A\/RES\/61\/295 aprobada por la Asamblea General de las Naciones Unidas 13-09-2007<\/a>.<\/p>\n<p>&#8211; <a href=\"https:\/\/herbogeminis.com\/revista\/IMG\/pdf\/comisionado_y_relator.pdf\">\u00ab<em>Declaraci\u00f3n sobre los Derechos de los Pueblos Ind\u00edgenas<\/em>\u00ab: Oficina del Alto Comisionado de las Naciones Unidas para los Derechos Humanos &#038; Mensaje del Relator Especial sobre la situaci\u00f3n de los Derechos Humanos y las Libertades Fundamentales de los Ind\u00edgenas ACNUDH<\/a>.<\/p>\n<p>&#8211; <a href=\"https:\/\/herbogeminis.com\/revista\/IMG\/pdf\/ONU_pueblos_indigenas.pdf\">\u00ab<em>Declaraci\u00f3n de las Naciones Unidas sobre los Derechos de los Pueblos Ind\u00edgenas<\/em>\u00bb aprobada por el Consejo de Derechos Humanos 29-06-2006, pendiente de aprobaci\u00f3n por Asamblea General de la ONU<\/a>.]], [[- <strong>Mecanismo de Expertos sobre los Derechos de los Pueblos Ind\u00edgenas<\/strong> <em>Documental<\/em> HDV 29:10 min. Ginebra, Suiza, 2009. Cargado: <strong>30\/01\/10<\/strong><\/p>\n<p><object width=\"340\" height=\"285\"><param name=\"movie\" value=\"https:\/\/www.dailymotion.com\/swf\/video\/xc1kgg\"><\/param><param name=\"allowFullScreen\" value=\"true\"><\/param><param name=\"allowScriptAccess\" value=\"always\"><\/param><embed type=\"application\/x-shockwave-flash\" src=\"https:\/\/www.dailymotion.com\/swf\/video\/xc1kgg\" width=\"340\" height=\"285\" allowfullscreen=\"true\" allowscriptaccess=\"always\"><\/embed><\/object><br \/><b><a href=\"https:\/\/www.dailymotion.com\/video\/xc1kgg_mecanismo-de-expertos_creation\">MECANISMO DE EXPERTOS<\/a><\/b><br \/><i>Cargado por <a href=\"https:\/\/www.dailymotion.com\/Canejo_producciones\">Canejo_producciones<\/a>. &#8211; <a href=\"https:\/\/www.dailymotion.com\/es\/channel\/creation\">Descubre m\u00e1s videos creativos.<\/a><\/i><\/p>\n<p><object width=\"340\" height=\"285\"><param name=\"movie\" value=\"https:\/\/www.dailymotion.com\/swf\/video\/x9lu54\"><\/param><param name=\"allowFullScreen\" value=\"true\"><\/param><param name=\"allowScriptAccess\" value=\"always\"><\/param><embed type=\"application\/x-shockwave-flash\" src=\"https:\/\/www.dailymotion.com\/swf\/video\/x9lu54\" width=\"340\" height=\"285\" allowfullscreen=\"true\" allowscriptaccess=\"always\"><\/embed><\/object><br \/><b><a href=\"https:\/\/www.dailymotion.com\/video\/x9lu54_huellas-en-la-tierra_creation\">HUELLAS EN LA TIERRA<\/a><\/b><br \/><i>Cargado por <a href=\"https:\/\/www.dailymotion.com\/Canejo_producciones\">Canejo_producciones<\/a>. &#8211; <a href=\"https:\/\/www.dailymotion.com\/es\/channel\/creation\">Mira videos web originales.<\/a><\/i><\/p>\n<p><strong>Huellas en la tierra: La visita a Bolivia del Relator Especial de las Naciones Unidas<\/strong>. <em>Documental<\/em> DV 26:47 min. Cargado: <strong>17\/06\/09<\/strong>.]] debe ser plenamente reconocida, implementada e integrada en las negociaciones de cambio clim\u00e1tico. La mejor estrategia y acci\u00f3n para evitar la deforestaci\u00f3n y degradaci\u00f3n y proteger los bosques nativos y la selva es reconocer y garantizar los derechos colectivos de las tierras y territorios considerando especialmente que la mayor\u00eda de los bosques y selvas est\u00e1n en los territorios de pueblos y naciones ind\u00edgenas, comunidades campesinas y tradicionales.<\/p>\n<p><strong>Condenamos los mecanismos de mercado<\/strong>, como el mecanismo de REDD [[- <a href=\"https:\/\/herbogeminis.com\/revista\/IMG\/pdf\/REDD_5.pdf\">\u00ab<em>12 preguntas y respuestas sobre REDD<\/em>\u00bb salvarlaselva.org -\u00ab<em>REDD: \u00bfpuede el comercio de carbono salvar nuestros ecosistemas?<\/em>\u00bb WRM Movimiento Mundial por los Bosques Tropicales &#038; \u00ab<em>Bolet\u00edn 120 del WRM<\/em>\u00bb julio 2007 &#038; -\u00ab<em>Conservaci\u00f3n de bosques: potencial respuesta boliviana al cambio clim\u00e1tico<\/em>\u00bb 08-04-2010 &#038; \u00abREDD\u00bb Michael Valqui WWF &#038; \u00ab<em>REDD<\/em>\u00bb mongabay.com &#038; AAT Alianza Andes Tropicales: cursos de capacitaci\u00f3n en REDD enero-febrero 2010<\/a>.<\/p>\n<p>&#8211; <a href=\"https:\/\/herbogeminis.com\/revista\/IMG\/pdf\/REDD_1.pdf\">\u00ab<em>Reducci\u00f3n de emisiones de la deforestaci\u00f3n y la degradaci\u00f3n de bosques REDD: Reporte de Evaluaci\u00f3n de opciones preparado para el Gobierno de Noruega<\/em>\u00bb Meridian Institute marzo 2009<\/a>.<\/p>\n<p>&#8211; <a href=\"https:\/\/herbogeminis.com\/revista\/IMG\/pdf\/REDD_3.pdf\">REDD: Metodolog\u00edas, Opciones y Perspectivas Buenos Aires 14\/15-04-2009 Dr Nazareno Castillo Mar\u00edn e Ing Fernanda Alcobe<\/a>.<\/p>\n<p>&#8211; <a href=\"https:\/\/herbogeminis.com\/revista\/IMG\/pdf\/REDD_2.pdf\">REDD en los pa\u00edses en desarrollo: documento de posici\u00f3n de la UICN para la COP15 de la CMNUCC Copenhague diicembre 2009<\/a>.<\/p>\n<p>&#8211; <a href=\"https:\/\/herbogeminis.com\/revista\/IMG\/pdf\/Resumen_Final_REDD.pdf\"><em>REDD: \u00bfqu\u00e9 pasos ha dado Am\u00e9rica del Sur? Resumen y conclusiones UICN<\/em> Carolina Zambrano y Doris Cordero<\/a>.]] (Reducci\u00f3n de emisiones por la deforestaci\u00f3n y degradaci\u00f3n de bosques) y sus versiones, que est\u00e1 violando la soberan\u00eda de los Pueblos y su derecho al consentimiento libre, previo e informado, as\u00ed como a la soberan\u00eda de Estados nacionales, y viola los derechos, usos y costumbres de los Pueblos y los Derechos de la Naturaleza.<\/p>\n<p><strong>Los pa\u00edses contaminadores est\u00e1n obligados a transferir de manera directa los recursos econ\u00f3micos y tecnol\u00f3gicos para pagar la restauraci\u00f3n y mantenimiento de los bosques y selvas, en favor de los pueblos y estructuras org\u00e1nicas ancestrales ind\u00edgenas, originarias, campesinas<\/strong> [[- <a href=\"https:\/\/marina.swarpeca.es\/revista\/entrevista-a-veronica-azpiroz-clenan-ya-pasamos-ese-estadio-del-indigena-lloron-que-pide-migajas\/\">Entrevista a Ver\u00f3nica Azpiroz Cle\u00f1\u00e1n: \u201c<em>Ya pasamos ese estadio del ind\u00edgena llor\u00f3n que pide migajas<\/em>\u201d<\/a>.]]. Esto deber\u00e1 ser una compensaci\u00f3n directa y adicional a las fuentes de financiamiento comprometidas por los pa\u00edses desarrollados, fuera del mercado de carbono y nunca sirviendo como las compensaciones de carbono (offsets). Demandamos a los pa\u00edses a detener las iniciativas locales en bosques y selvas basados en mecanismos de mercado y que proponen resultados inexistentes y condicionados. <strong>Exigimos a los gobiernos un programa mundial de restauraci\u00f3n de bosques nativos y selvas, dirigido y administrado por los pueblos, implementando semillas forestales, frutales y de flora aut\u00f3ctona<\/strong>. Los gobiernos deben eliminar las concesiones forestales y apoyar la conservaci\u00f3n del petr\u00f3leo bajo la tierra y que se detenga urgentemente la explotaci\u00f3n de hidrocarburos en las selvas.<\/p>\n<p>Exigimos a los Estados que reconozcan, respeten y garanticen la efectiva aplicaci\u00f3n de los est\u00e1ndares internacionales de derechos humanos y los derechos de los Pueblos Ind\u00edgenas, en particular la Declaraci\u00f3n de las Naciones Unidas sobre los Derechos de los Pueblos Ind\u00edgenas, el <a href=\"https:\/\/herbogeminis.com\/revista\/IMG\/pdf\/169_OIT.pdf\">Convenio 169 de la OIT<\/a>, entre otros instrumentos pertinentes, en el marco de las negociaciones, pol\u00edticas y medidas para resolver los desaf\u00edos planteados por el cambio clim\u00e1tico. En especial, <strong>demandamos a los Estados a que reconozcan jur\u00eddicamente la preexistencia del derecho sobre nuestros territorios, tierras y recursos naturales para posibilitar y fortalecer nuestras formas tradicionales de vida y contribuir efectivamente a la soluci\u00f3n del cambio clim\u00e1tico<\/strong>.<\/p>\n<p><strong>Demandamos la plena y efectiva aplicaci\u00f3n del derecho a la consulta, la participaci\u00f3n y el consentimiento previo, libre e informado de los Pueblos Ind\u00edgenas en todos los procesos de negociaci\u00f3n as\u00ed como en el dise\u00f1o e implementaci\u00f3n de las medidas relativas al cambio clim\u00e1tico<\/strong>.<\/p>\n<p>En la actualidad la degradaci\u00f3n medioambiental y el cambio clim\u00e1tico alcanzar\u00e1n niveles cr\u00edticos, siendo una de las principales consecuencias la migraci\u00f3n interna as\u00ed como internacional. Seg\u00fan algunas proyecciones en 1995 exist\u00edan alrededor de 25 millones de migrantes clim\u00e1ticos, al presente se estima en 50 millones y las proyecciones para el a\u00f1o 2050 son de 200 a 1000 millones de personas que ser\u00e1n desplazadas por situaciones derivadas del cambio clim\u00e1tico. <strong>Los pa\u00edses desarrollados deben asumir la responsabilidad sobre los migrantes clim\u00e1ticos, acogi\u00e9ndolos en sus territorios y reconociendo sus derechos fundamentales, a trav\u00e9s de la firma de convenios internacionales que contemplen la definici\u00f3n de migrante clim\u00e1tico para que todos los Estados acaten sus determinaciones<\/strong>.<\/p>\n<p><strong>Constituir un Tribunal Internacional de Conciencia<\/strong> para denunciar, hacer visible, documentar, juzgar y sancionar las violaciones de los derechos de los(as) migrantes, refugiados(as) y desplazados en los pa\u00edses de origen, tr\u00e1nsito y destino, identificando claramente las responsabilidades de los Estados, compa\u00f1\u00edas y otros actores.<\/p>\n<p>El financiamiento actual destinado a los pa\u00edses en desarrollo para cambio clim\u00e1tico y la propuesta del Entendimiento de Copenhague son \u00ednfimos. <strong>Los pa\u00edses desarrollados deben comprometer un financiamiento anual nuevo, adicional a la Ayuda Oficial al Desarrollo y de fuente p\u00fablica, de al menos 6% de su PIB para enfrentar el cambio clim\u00e1tico en los pa\u00edses en desarrollo<\/strong>. Esto es viable tomando en cuenta que <strong>gastan un monto similar en defensa nacional [[- <a href=\"https:\/\/herbogeminis.com\/revista\/IMG\/pdf\/Gasto_mundial_armas.pdf\">\u00ab<em>El gasto mundial en armas supera en 190 veces al de la lucha contra el hambre<\/em>\u00bb Manuel Quero Garc\u00eda 28-03-2010 -\u00ab<em>Aumenta gasto mundial en armamento militar<\/em>\u00bb Granma 08-06-2009 -\u00ab<em>El comercio mundial de armas ha aumentado el 21% en 5 a\u00f1os<\/em>\u00bb Hern\u00e1n Zin 11-05-2009 -\u00ab<em>Gasto militar mundial sube 4% pese a crisis<\/em>\u00bb El Mercurio de Valpara\u00edso 09-06-2009 -\u00ab<em>La venta mundial de armas rebas\u00f3 en 2005 el bill\u00f3n de d\u00f3lares<\/em>\u00bb Kyra N\u00fa\u00f1ez 13-06-2006 -\u00ab<em>Gasto mundial en armamento militar creci\u00f3 3,5% en 2006<\/em>\u00bb cooperativa.cl 11-06-2007 -\u00ab<em>El gasto mundial en armamento militar creci\u00f3 un 6% en 2007<\/em>\u00bb farodevigo.es 09-06-2008 -\u00ab<em>M\u00e1s de un bill\u00f3n de d\u00f3lares el gasto mundial de armas en 2006<\/em>\u00bb La Jornada 12-06-2007 -\u00ab<em>Crece gasto mundial en armas<\/em>\u00bb La Jornada 09-06-2009 -\u00ab<em>Desarme Labor de la ONU<\/em>\u00bb Naciones Unidas Centro de Informaci\u00f3n M\u00e9xico, Cuba y Rep\u00fablica Dominicana<\/a>.]] y destinaron 5 veces m\u00e1s para rescatar bancos y especuladores en quiebra<\/strong> [[- <a href=\"https:\/\/herbogeminis.com\/revista\/IMG\/pdf\/rescate_bancos.pdf\">\u00ab<em>La econom\u00eda mundial en el abismo: un a\u00f1o de la quiebra de Lehman Brothers<\/em>\u00bb Karl Zawadzky 15-09-2009 -\u00ab<em>\u00bfQui\u00e9n rescata qu\u00e9?<\/em>\u00bb BBC Mundo 20-10-2008 -\u00ab<em>Los fondos en rescate del petr\u00f3leo: la burbuja rebote<\/em>\u00bb blog3d 22-05-2009 -\u00abCalifornication: La quiebra de la 7\u00aa econom\u00eda del mundo\u00bb Esteban Mej\u00edas\/Manuel Freytas 02-09-2009 -\u00ab<em>14 noticias de Banca, Crisis, Quiebra<\/em>\u00bb Marc Vidal 2009-2010 -\u00ab<em>Por la crisis los bancos a\u00fan deben 470.000 millones de d\u00f3lares USA<\/em>\u00bb Yahoo Noticias Argentina 19-04-2010 -\u00ab<em>De Bush a Obama: La guerra interna del lobby jud\u00edo por el control del Tesoro y de la Reserva Federal en EEUU\u00bb<\/em> IAR Noticias 12-12-2008 -\u00ab<em>Crisis financiera, rescates bancarios y para\u00edsos fiscales<\/em>\u00bb Juan Hern\u00e1ndez Vigueras miembro del Comit\u00e9 Europeo de Tax Justice Network 03-03-2009<\/a>.<\/p>\n<p><object width=\"340\" height=\"285\"><param name=\"movie\" value=\"https:\/\/www.youtube.com\/v\/-ggZRB6cSNk&#038;hl=es_ES&#038;fs=1&#038;border=1\"><\/param><param name=\"allowFullScreen\" value=\"true\"><\/param><param name=\"allowscriptaccess\" value=\"always\"><\/param><embed src=\"https:\/\/www.youtube.com\/v\/-ggZRB6cSNk&#038;hl=es_ES&#038;fs=1&#038;border=1\" type=\"application\/x-shockwave-flash\" allowscriptaccess=\"always\" allowfullscreen=\"true\" width=\"340\" height=\"285\"><\/embed><\/object><\/p>\n<p><em>ashacz 21 de mayo de 2009<\/em>: <strong>Gran parte de la riqueza mundial est\u00e1 oculta en 72 para\u00edsos fiscales sin pagar impuestos. D\u00f3nde est\u00e1n, c\u00f3mo funcionan y qui\u00e9nes son los beneficiarios de los limbos financieros son algunos de los aspectos que abordar\u00e1n en \u00abDocumentos TV\u00bb<\/strong>.]], lo que cuestiona seriamente sus prioridades mundiales y su voluntad pol\u00edtica. Este <strong>financiamiento debe ser directo, sin condicionamiento y no vulnerar la soberan\u00eda nacional ni la autodeterminaci\u00f3n de las comunidades y grupos m\u00e1s afectados<\/strong>.<\/p>\n<p>En vista de la ineficiencia del mecanismo actual, <strong>en la Conferencia de M\u00e9xico se debe establecer un nuevo mecanismo de financiamiento<\/strong> que funcione bajo la autoridad de la Conferencia de las Partes de la Convenci\u00f3n Marco de las Naciones Unidas sobre cambio Clim\u00e1tico rindiendo cuentas a la misma, con una representaci\u00f3n significativa de los pa\u00edses en desarrollo para garantizar el cumplimiento de los compromisos de financiamiento de los pa\u00edses Anexo 1.<\/p>\n<p>Se ha constatado que <strong>los pa\u00edses desarrollados incrementaron sus emisiones en el periodo 1990-2007<\/strong>, no obstante haber manifestado que la reducci\u00f3n se ver\u00eda sustancialmente coadyuvada con mecanismos de mercado.<\/p>\n<p><strong>El mercado de carbono se ha transformado en un negocio lucrativo, mercantilizando nuestra Madre Tierra<\/strong> [[- <a href=\"https:\/\/marina.swarpeca.es\/revista\/la-soja-transgenica-de-america-del-sur-cerca-de-obtener-bonos-de-carbono-01-11-09-wwf-siervo-del-agronegocio-y-de-la-globalizacion-12-12-09\/\"><em>La soja transg\u00e9nica de Am\u00e9rica del Sur, cerca de obtener bonos de carbono<\/em> \/ <em>WWF siervo del agronegocio y de la globalizaci\u00f3n<\/em><\/a>.]], [[- <a href=\"https:\/\/marina.swarpeca.es\/revista\/las-mujeres-latinoamericanas-denuncian-la-ruta-de-la-soja-es-la-ruta-de-la-trata-de-mujeres-31-05-09\/\">Las mujeres latinoamericanas denuncian: \u00abLa ruta de la soja es la ruta de la trata de mujeres\u00bb<\/a>.]], [[- <a href=\"https:\/\/marina.swarpeca.es\/revista\/epidemia-de-dengue-por-los-cultivos-de-soja-de-monsanto\/\">Epidemia de dengue por los cultivos de soja de Monsanto<\/a>.]], esto no representa una alternativa para afrontar el cambio clim\u00e1tico, puesto que saquea, devasta la tierra, el agua e incluso la vida misma.<\/p>\n<p>La reciente crisis financiera ha demostrado que <em> <strong>el mercado es incapaz de regular el sistema financiero<\/strong> <\/em>, que es fr\u00e1gil e inseguro ante la especulaci\u00f3n y la aparici\u00f3n de agentes intermediarios, por lo tanto, ser\u00eda una <em> <strong>total irresponsabilidad dejar en sus manos el cuidado y protecci\u00f3n de la propia existencia humana y de nuestra Madre Tierra<\/strong> <\/em>.<\/p>\n<p>Consideramos inadmisible que las negociaciones en curso pretendan la creaci\u00f3n de nuevos mecanismos que ampl\u00eden y promuevan el mercado de carbono toda vez que los mecanismos existentes nunca resolvieron el problema del Cambio Clim\u00e1tico ni se transformaron en acciones reales y directas en la reducci\u00f3n de gases de efecto invernadero.<\/p>\n<p>Es imprescindible exigir el <strong>cumplimento de los compromisos asumidos por los pa\u00edses desarrollados en la Convenci\u00f3n Marco de Naciones Unidas sobre Cambio Clim\u00e1tico respecto al desarrollo y transferencia de tecnolog\u00eda<\/strong>, as\u00ed como rechazar la <em>vitrina tecnol\u00f3gica<\/em> propuesta por pa\u00edses desarrollados que solamente comercializan la tecnolog\u00eda. Es fundamental establecer los lineamientos para crear un mecanismo multilateral y multidisciplinario para el control participativo, la gesti\u00f3n y la evaluaci\u00f3n continua del intercambio de tecnolog\u00edas. Estas tecnolog\u00edas deben ser \u00fatiles, limpias, y socialmente adecuadas. De igual manera es <em> <strong>fundamental el establecimiento de un fondo de financiamiento e inventario de tecnolog\u00edas apropiadas y liberadas de derechos de propiedad intelectual<\/strong> <\/em>, en particular, de <strong>patentes que deben pasar de monopolios privados a ser de dominio p\u00fablico, de libre accesibilidad y bajo costo<\/strong>.<\/p>\n<p>El conocimiento es universal, y por ning\u00fan motivo puede ser objeto de propiedad privada y de utilizaci\u00f3n privativa, como tampoco sus aplicaciones en forma de tecnolog\u00edas. Es deber de los pa\u00edses desarrollados compartir su tecnolog\u00eda con pa\u00edses en desarrollo, crear centros de investigaci\u00f3n para la creaci\u00f3n de tecnolog\u00edas e innovaciones propias, as\u00ed como defender e impulsar su desarrollo y aplicaci\u00f3n para el vivir bien. El mundo debe recuperar, aprender, reaprender los principios y enfoques del legado ancestral de sus pueblos originarios para detener la destrucci\u00f3n del planeta, as\u00ed como los conocimientos y pr\u00e1cticas ancestrales y recuperaci\u00f3n de la espiritualidad en la reinserci\u00f3n del vivir bien juntamente con la Madre Tierra.<\/p>\n<p>Considerando la falta de voluntad pol\u00edtica de los pa\u00edses desarrollados para cumplir de manera efectiva sus compromisos y obligaciones asumidos en la Convenci\u00f3n Marco de las Naciones Unidas sobre el Cambio Clim\u00e1tico y el Protocolo de Kioto, y frente a la inexistencia de una instancia legal internacional que prevenga y sancione todos aquellos delitos y cr\u00edmenes clim\u00e1ticos y ambientales que atenten contra los derechos de la Madre Tierra y la humanidad, demandamos la <strong>creaci\u00f3n de un Tribunal Internacional de Justicia Clim\u00e1tica y Ambiental que tenga la capacidad jur\u00eddica vinculante<\/strong> de prevenir, juzgar y sancionar a los Estados, las Empresas y personas que por acci\u00f3n u omisi\u00f3n contaminen y provoquen el cambio clim\u00e1tico.<\/p>\n<p><strong>Respaldar a los Estados que presenten demandas en la Corte Internacional de Justicia<\/strong> contra los pa\u00edses desarrollados que no cumplen con sus compromisos bajo la Convenci\u00f3n Marco de las Naciones Unidas sobre el Cambio Clim\u00e1tico y el Protocolo de Kioto incluyendo sus compromisos de reducci\u00f3n de gases de efecto invernadero.<\/p>\n<p>Instamos a los pueblos a proponer y promover una <strong>profunda reforma de la Organizaci\u00f3n de las Naciones Unidas (ONU)<\/strong>, para que todos sus Estados miembros cumplan las decisiones del Tribunal Internacional de Justicia Clim\u00e1tica y Ambiental.<\/p>\n<p>El futuro de la humanidad est\u00e1 en peligro y no podemos aceptar que un grupo de gobernantes de pa\u00edses desarrollados quieran definir por todos los pa\u00edses como lo intentaron hacer infructuosamente en la Conferencia de las Partes de Copenhague. Esta decisi\u00f3n nos compete a todos los pueblos. Por eso es <strong>necesaria la realizaci\u00f3n de un Refer\u00e9ndum Mundial, plebiscito o consulta popular, sobre el cambio Clim\u00e1tico<\/strong> en el cu\u00e1l todos seamos consultados sobre: el nivel de reducciones de emisiones que deben hacer los pa\u00edses desarrollados y las empresas transnacionales; el financiamiento que deben proveer los pa\u00edses desarrollados; la creaci\u00f3n de un Tribunal Internacional de Justicia Clim\u00e1tica; la necesidad de una Declaraci\u00f3n Universal de Derechos de la Madre Tierra; y la necesidad de cambiar el actual sistema capitalista.<\/p>\n<p>El proceso del Refer\u00e9ndum Mundial, plebiscito o consulta popular ser\u00e1 fruto de un proceso de preparaci\u00f3n que asegure el desarrollo exitoso del mismo.<\/p>\n<p>Con el fin de coordinar nuestro accionar internacional e implementar los resultados del presente <em> <strong>Acuerdo de los Pueblos<\/strong> <\/em> llamamos a <strong>construir un Movimiento Mundial de los Pueblos por la Madre Tierra<\/strong> que se basar\u00e1 en los principios de complementariedad y respeto a la diversidad de origen y visiones de sus integrantes, constituy\u00e9ndose en un espacio amplio y democr\u00e1tico de coordinaci\u00f3n y articulaci\u00f3n de acciones a nivel mundial.<\/p>\n<p>Con tal prop\u00f3sito, adoptamos el plan de acci\u00f3n mundial adjunto para que en M\u00e9xico los pa\u00edses desarrollados del Anexo 1 respeten el marco legal vigente y reduzcan sus emisiones de gases de efecto invernadero en un 50 % y se asuman las diferentes propuestas contenidas en este Acuerdo.<\/p>\n<p>Finalmente, acordamos <em> <strong>realizar la 2\u00aa Conferencia Mundial de los Pueblos sobre el Cambio Clim\u00e1tico y los Derechos de la Madre Tierra en el 2011<\/strong> <\/em> como parte de este proceso de construcci\u00f3n del Movimiento Mundial de los Pueblos por la Madre Tierra y para reaccionar frente a los resultados de la Conferencia de Cambio Clim\u00e1tico que se realizar\u00e1 a fines de a\u00f1o en Canc\u00fan, M\u00e9xico.<\/p>\n<p>&#8211; <a href=\"https:\/\/www.patrianueva.bo\/\">Fuente: Radio Patria Nueva Bolivia<\/a><\/p>\n<p>(26 de abril de 2010)<\/p>\n<p><script type=\"text\/javascript\" src=\"https:\/\/www.democracynow.org\/embed_show_v1\/300\/2010\/4\/23\/segment\/1\"><\/script><\/p>\n<p><strong>Bolivian President Evo Morales on President Obama<\/strong>: \u201c<em>I Can\u2019t Believe a Black President Can Hold So Much Vengeance Against an Indian President<\/em>\u201d. As the <em>World Peoples\u2019 Conference on Climate Change<\/em> in Cochabamba closes, we speak to Bolivian President Evo Morales about the US decision to cut off climate aid to Bolivia; narcotrafficking; the tenth anniversary of the Water Wars in Cochabamba; the protest at the San Crist\u00f3bal silver mine; and the contradiction between promoting the environment and extractive industries\u2014oil\/natural gas exploration, mining. On Thursday organizers of the peoples\u2019 summit released an <em>Agreement of the Peoples<\/em> based on working group meetings. Key proposals include the establishment of an international tribunal to prosecute polluters, passage of a Universal Declaration of the Rights of Mother Earth, protection for climate migrants, and the full recognition of the UN Declaration on the Rights of Indigenous Peoples (includes rush transcript).<\/p>\n<p>(27 de abril de 2010)<\/p>\n","protected":false},"excerpt":{"rendered":"<p>La siguiente es la Declaraci\u00f3n suscrita el jueves 22 de abril de 2010, despu\u00e9s de tres d\u00edas de deliberaciones, en la <em>Conferencia Mundial de los Pueblos sobre el Cambio Clim\u00e1tico y los Derechos de la Madre Tierra<\/em> que ha tenido lugar en Cochabamba y Tiquipaya, Bolivia. Los movimientos sociales entregar\u00e1n el Acuerdo en la sede de Naciones Unidas, en fecha a\u00fan por concretar, y en la Cumbre sobre Cambio Clim\u00e1tico a realizar en Canc\u00fan, M\u00e9xico, en diciembre de 2010. <a href=\"http:\/\/herbogeminis.com\/IMG\/pdf\/cmpcc_fin.pdf\">Cochabamba podr\u00eda ser sede del Tribunal Internacional Clim\u00e1tico<\/a> cuya constituci\u00f3n y efectividad urge el Acuerdo adoptado en la Conferencia Mundial de los Pueblos que acaba de poner un punto y seguido en el estado plurinacional andino.      <\/p>\n","protected":false},"author":1,"featured_media":1019,"comment_status":"closed","ping_status":"open","sticky":false,"template":"","format":"standard","meta":{"footnotes":""},"categories":[5],"tags":[],"_links":{"self":[{"href":"https:\/\/marina.swarpeca.es\/revista\/wp-json\/wp\/v2\/posts\/1020"}],"collection":[{"href":"https:\/\/marina.swarpeca.es\/revista\/wp-json\/wp\/v2\/posts"}],"about":[{"href":"https:\/\/marina.swarpeca.es\/revista\/wp-json\/wp\/v2\/types\/post"}],"author":[{"embeddable":true,"href":"https:\/\/marina.swarpeca.es\/revista\/wp-json\/wp\/v2\/users\/1"}],"replies":[{"embeddable":true,"href":"https:\/\/marina.swarpeca.es\/revista\/wp-json\/wp\/v2\/comments?post=1020"}],"version-history":[{"count":15,"href":"https:\/\/marina.swarpeca.es\/revista\/wp-json\/wp\/v2\/posts\/1020\/revisions"}],"predecessor-version":[{"id":3166,"href":"https:\/\/marina.swarpeca.es\/revista\/wp-json\/wp\/v2\/posts\/1020\/revisions\/3166"}],"wp:featuredmedia":[{"embeddable":true,"href":"https:\/\/marina.swarpeca.es\/revista\/wp-json\/wp\/v2\/media\/1019"}],"wp:attachment":[{"href":"https:\/\/marina.swarpeca.es\/revista\/wp-json\/wp\/v2\/media?parent=1020"}],"wp:term":[{"taxonomy":"category","embeddable":true,"href":"https:\/\/marina.swarpeca.es\/revista\/wp-json\/wp\/v2\/categories?post=1020"},{"taxonomy":"post_tag","embeddable":true,"href":"https:\/\/marina.swarpeca.es\/revista\/wp-json\/wp\/v2\/tags?post=1020"}],"curies":[{"name":"wp","href":"https:\/\/api.w.org\/{rel}","templated":true}]}}