{"id":1018,"date":"2010-04-23T02:55:21","date_gmt":"2010-04-23T02:55:21","guid":{"rendered":"https:\/\/marina.swarpeca.es\/revista\/2010\/04\/23\/defensa-de-la-vida-y-de-la-madre-tierra-es-responsabilidad-de-todos-enfatizo-el-presidente-evo-morales\/"},"modified":"2010-04-23T02:55:21","modified_gmt":"2010-04-23T02:55:21","slug":"defensa-de-la-vida-y-de-la-madre-tierra-es-responsabilidad-de-todos-enfatizo-el-presidente-evo-morales","status":"publish","type":"post","link":"https:\/\/marina.swarpeca.es\/revista\/defensa-de-la-vida-y-de-la-madre-tierra-es-responsabilidad-de-todos-enfatizo-el-presidente-evo-morales\/","title":{"rendered":"Defensa de la vida y de la Madre Tierra es responsabilidad de todos, enfatiz\u00f3 el Presidente Evo Morales"},"content":{"rendered":"<p>El Primer Mandatario subray\u00f3 que la reuni\u00f3n de Copenhague fue un fracaso para aquellas naciones que quisieron mantener un sistema de vida sin preservar el medio ambiente y un triunfo para los movimientos sociales del mundo que se dieron cuenta de que es imperativo iniciar una movilizaci\u00f3n en defensa de la Madre Tierra.<\/p>\n<p>Se\u00f1al\u00f3 que por ello es que la Cumbre Mundial de los Pueblos ha sido importante para que la comunidad internacional tome conciencia de que es necesario adoptar decisiones pol\u00edticas al m\u00e1s alto nivel que impidan la prosecuci\u00f3n de una irracional industrializaci\u00f3n que afecta la vida del planeta.<\/p>\n<p>Morales ha manifestado que esas acciones son impulsadas por el capitalismo que solamente buscan el lucro sin medir la estela de da\u00f1o que dejan en los pueblos del mundo.<\/p>\n<p>\u00ab<em>Esta es una reuni\u00f3n hist\u00f3rica porque cuando se trata de la vida, la humanidad y la Madre Tierra, nos muestra la obligaci\u00f3n de unirnos todos para tomar decisiones pol\u00edticas<\/em>\u00ab, indic\u00f3. A la Conferencia Mundial de los Pueblos asistieron unas 35.000 personas provenientes de los cinco continentes y de 142 pa\u00edses.<\/p>\n<p>Enfatiz\u00f3 que el trabajo cumplido en esta Conferencia fue hist\u00f3rico porque los representantes de las organizaciones sociales del mundo debatieron libremente el problema para mostrar su realidad y comenzar a buscar los mejores caminos de soluci\u00f3n.<\/p>\n<p>\u00ab<em>Este encuentro da una esperanza al mundo y a todas las sociedades y capas sociales, no solamente a los movimientos sociales y los pueblos ind\u00edgenas<\/em>\u00ab, enfatiz\u00f3.<\/p>\n<p>Destac\u00f3 que la reuni\u00f3n ha mostrado que por primera vez se debate y se discute \u00ab<em>un inter\u00e9s com\u00fan que es la conservaci\u00f3n de la vida y de la naturaleza para el bien de todos<\/em>\u00ab.<\/p>\n<p>El Presidente boliviano asever\u00f3 que se han dado dos pasos importantes: \u00ab<em>Reunirnos y promover iniciativas, pero lo que falta ahora es comenzar a implementarlas<\/em>\u00ab.<\/p>\n<p>Dijo que estas iniciativas deben comenzar a socializarse en todo el mundo a trav\u00e9s de acciones puntuales y una organizaci\u00f3n que haga conocer a todas las sociedades el sentimiento y pensamiento de los pueblos del mundo y, fundamentalmente, su preocupaci\u00f3n por la vida y la defensa de la Madre Tierra.<\/p>\n<p>\u00ab<em> <strong>Las batallas se ganan con una base social fuerte y organizada<\/strong> <\/em>\u00ab, se\u00f1al\u00f3, al destacar que lo que corresponde en la actualidad en que los pueblos del mundo se mantengan movilizados para lograr los objetivos que se buscan porque la defensa de la tierra \u00ab<em>es el nuevo paradigma planetario para salvar a la humanidad<\/em>\u00ab.<\/p>\n<p>\u00ab<em> <strong>Las fuerzas sociales deben estar preparadas y organizadas para derrotar al capitalismo que no se conduele con el mundo y que lleva al planeta a su destrucci\u00f3n<\/strong> <\/em>\u00ab, anot\u00f3.<\/p>\n<p>Organizaciones regionales como la Uni\u00f3n Sudamericana de Naciones (UNASUR), la Alternativa Bolivariana de los Pueblos de Am\u00e9rica (ALBA), la Comunidad Andina de Naciones (CAN), los Parlamentos Andino, Africano y Sudamericano deben sumarse a las tareas una vez conozcan las iniciativas y contribuyan a su perfeccionamiento.<\/p>\n<p>El Primer Mandatario se\u00f1al\u00f3 que el di\u00e1logo que se lleve adelante a partir del encuentro de Tiquipaya debe ser fruct\u00edfero para que las Cumbres que organice la Organizaci\u00f3n de las Naciones Unidas (ONU) no sean en vano, sino que logren acuerdos que beneficien a la humanidad. Subray\u00f3 que solamente de esa manera se lograr\u00e1 llegar a la Cumbre de M\u00e9xico en diciembre con acuerdos. que contribuyan al mundo.<\/p>\n<p>Reiter\u00f3 que el trabajo debe ser intenso y permanente para lograr la adhesi\u00f3n de diversos Presidentes para que asuman su responsabilidad en defensa de la Madre Tierra y la Naturaleza y por ende la humanidad.<\/p>\n<p>&#8211; <a href=\"https:\/\/www.patrianueva.bo\/\">Fuente Radio Patria Nueva Bolivia<\/a><\/p>\n<p><a href=\"https:\/\/herbogeminis.com\/revista\/IMG\/pdf\/destacados_Radio_Patria_Nueva_Bolivia.pdf\">Otras noticias destacadas de Radio Patria Nueva Bolivia<\/a><\/p>\n<p><object width=\"340\" height=\"285\"><param name=\"movie\" value=\"https:\/\/www.youtube.com\/v\/nOogJz6gIHc&#038;hl=es_ES&#038;fs=1&#038;border=1\"><\/param><param name=\"allowFullScreen\" value=\"true\"><\/param><param name=\"allowscriptaccess\" value=\"always\"><\/param><embed src=\"https:\/\/www.youtube.com\/v\/nOogJz6gIHc&#038;hl=es_ES&#038;fs=1&#038;border=1\" type=\"application\/x-shockwave-flash\" allowscriptaccess=\"always\" allowfullscreen=\"true\" width=\"340\" height=\"285\"><\/embed><\/object><\/p>\n<p><em>minpatrimonioec 22 de abril de 2010<\/em>: <strong>La Conferencia Mundial de los Pueblos sobre Cambio Clim\u00e1tico y Derechos de la Madre Tierra<\/strong>.<\/p>\n<p><object width=\"340\" height=\"285\"><param name=\"movie\" value=\"https:\/\/www.youtube.com\/v\/qcFA7g6Za74&#038;hl=es_ES&#038;fs=1&#038;border=1\"><\/param><param name=\"allowFullScreen\" value=\"true\"><\/param><param name=\"allowscriptaccess\" value=\"always\"><\/param><embed src=\"https:\/\/www.youtube.com\/v\/qcFA7g6Za74&#038;hl=es_ES&#038;fs=1&#038;border=1\" type=\"application\/x-shockwave-flash\" allowscriptaccess=\"always\" allowfullscreen=\"true\" width=\"340\" height=\"285\"><\/embed><\/object><\/p>\n<p><em>minpatrimonioec 22 de abril de 2010<\/em>: <strong>La ministra Coordinadora de Patrimonio, Mar\u00eda Fernanda Espinosa, present\u00f3 la iniciativa Yasun\u00ed ITT durante la Conferencia Mundial de los Pueblos sobre Cambio Clim\u00e1tico y Derechos de la Madre Tierra que se desarroll\u00f3 en Cochabamba &#8211; Bolivia<\/strong>.<\/p>\n<p>(23 de abril de 2010)<\/p>\n","protected":false},"excerpt":{"rendered":"<p>Tiquipaya.- El Presidente Evo Morales, se\u00f1al\u00f3 que la defensa de la vida y de la Madre Tierra es una responsabilidad de todos por encima de ideolog\u00edas, de razas, pa\u00edses y regiones. Durante su participaci\u00f3n en la reuni\u00f3n entre representantes de los Estados y de las organizaciones sociales e internacionales cumplida en el marco de la Primera Conferencia Mundial de los Pueblos sobre el Cambio Clim\u00e1tico y los Derechos de la Madre Tierra, el Jefe de Estado dijo que se han comenzado a dar \u00ab<em>pasos hist\u00f3ricos en defensa de la vida<\/em>\u00ab. \u00ab<em>Para la Cumbre sobre el Cambio Clim\u00e1tico en Copenhague hubieron debates que duraron tres a\u00f1os y no se logr\u00f3 ning\u00fan acuerdo, mientras que en Bolivia hemos debatido tres d\u00edas y aprobamos importantes iniciativas que ser\u00e1n dadas a conocer al mundo<\/em>\u00ab, indic\u00f3. \u00ab<em>El trabajo no fue en vano, la reuni\u00f3n de Tiquipaya mostr\u00f3 al mundo unas organizaciones sociales movilizadas y preocupadas por la vida en el planeta y no en intereses particulares<\/em>\u00ab, asever\u00f3.<\/p>\n","protected":false},"author":1,"featured_media":1017,"comment_status":"closed","ping_status":"open","sticky":false,"template":"","format":"standard","meta":{"footnotes":""},"categories":[5],"tags":[],"_links":{"self":[{"href":"https:\/\/marina.swarpeca.es\/revista\/wp-json\/wp\/v2\/posts\/1018"}],"collection":[{"href":"https:\/\/marina.swarpeca.es\/revista\/wp-json\/wp\/v2\/posts"}],"about":[{"href":"https:\/\/marina.swarpeca.es\/revista\/wp-json\/wp\/v2\/types\/post"}],"author":[{"embeddable":true,"href":"https:\/\/marina.swarpeca.es\/revista\/wp-json\/wp\/v2\/users\/1"}],"replies":[{"embeddable":true,"href":"https:\/\/marina.swarpeca.es\/revista\/wp-json\/wp\/v2\/comments?post=1018"}],"version-history":[{"count":0,"href":"https:\/\/marina.swarpeca.es\/revista\/wp-json\/wp\/v2\/posts\/1018\/revisions"}],"wp:featuredmedia":[{"embeddable":true,"href":"https:\/\/marina.swarpeca.es\/revista\/wp-json\/wp\/v2\/media\/1017"}],"wp:attachment":[{"href":"https:\/\/marina.swarpeca.es\/revista\/wp-json\/wp\/v2\/media?parent=1018"}],"wp:term":[{"taxonomy":"category","embeddable":true,"href":"https:\/\/marina.swarpeca.es\/revista\/wp-json\/wp\/v2\/categories?post=1018"},{"taxonomy":"post_tag","embeddable":true,"href":"https:\/\/marina.swarpeca.es\/revista\/wp-json\/wp\/v2\/tags?post=1018"}],"curies":[{"name":"wp","href":"https:\/\/api.w.org\/{rel}","templated":true}]}}