{"id":1016,"date":"2010-04-21T17:41:16","date_gmt":"2010-04-21T17:41:16","guid":{"rendered":"https:\/\/marina.swarpeca.es\/revista\/2010\/04\/21\/la-via-campesina-presente-en-la-inauguracion-de-la-conferencia-mundial-de-los-pueblos-sobre-el-cambio-climatico-y-por-los-derechos-de-la-madre-tierra\/"},"modified":"2010-04-21T17:41:16","modified_gmt":"2010-04-21T17:41:16","slug":"la-via-campesina-presente-en-la-inauguracion-de-la-conferencia-mundial-de-los-pueblos-sobre-el-cambio-climatico-y-por-los-derechos-de-la-madre-tierra","status":"publish","type":"post","link":"https:\/\/marina.swarpeca.es\/revista\/la-via-campesina-presente-en-la-inauguracion-de-la-conferencia-mundial-de-los-pueblos-sobre-el-cambio-climatico-y-por-los-derechos-de-la-madre-tierra\/","title":{"rendered":"La V\u00eda Campesina presente en la inauguraci\u00f3n de la Conferencia Mundial de los Pueblos sobre el Cambio Clim\u00e1tico y por los Derechos de la Madre Tierra"},"content":{"rendered":"<p>Hasta el estadio de Tiquipaya llegaron, adem\u00e1s de LVC, las mujeres campesinas ind\u00edgenas luchadoras de Bartolina Sosa, los pueblos ind\u00edgenas de la regi\u00f3n andina, los quechuas, los ayllus, markas, los wichis, y otros, as\u00ed como los kichwas del Ecuador, los guaran\u00edes, los kuna de Panam\u00e1, entre los muchos pueblos ind\u00edgenas de Latinoam\u00e9rica. Pero tambi\u00e9n llegaron los representantes del Movimiento Indio Am\u00e9ricano, y Faith Gemmel, de Alaska, que habl\u00f3 a nombre de los pueblos ind\u00edgenas que se encuentran mucho m\u00e1s al norte del continente. Llegaron los movimientos sociales de Bolivia y de muchas partes del hemisferio.<\/p>\n<p>Fueron precisamente los representantes de los pueblos ind\u00edgenas, los pueblos originarios, quienes iniciaron la jornada con una ceremonia para rendir honores a la Pachamama, al agua, al sol y a los elementos de la vida y para pedir permiso para celebrar el acto de inauguraci\u00f3n de la conferencia.<\/p>\n<p>Tambi\u00e9n llegaron los sindicatos y las combativas mujeres mineras y los mineros de La Paz. Much\u00edsimos representantes de comunidades rurales y hasta comunidades urbanas afectadas por la crisis clim\u00e1tica, v\u00edctimas del despojo de sus tierras y de sus recursos naturales, desplazados por las miner\u00edas y la destructiva agricultura industrial.<\/p>\n<p><object width=\"340\" height=\"285\"><param name=\"movie\" value=\"https:\/\/www.dailymotion.com\/swf\/video\/xd0vcn\"><\/param><param name=\"allowFullScreen\" value=\"true\"><\/param><param name=\"allowScriptAccess\" value=\"always\"><\/param><embed type=\"application\/x-shockwave-flash\" src=\"https:\/\/www.dailymotion.com\/swf\/video\/xd0vcn\" width=\"340\" height=\"285\" allowfullscreen=\"true\" allowscriptaccess=\"always\"><\/embed><\/object><br \/><b><a href=\"https:\/\/www.dailymotion.com\/video\/xd0vcn_20100420-inauguracion01_news\">20100420-inauguracion01<\/a><\/b><br \/><i>Cargado por <a href=\"https:\/\/www.dailymotion.com\/twistedmedia2\">twistedmedia2<\/a>. &#8211; <a href=\"https:\/\/www.dailymotion.com\/es\/channel\/news\">V\u00eddeos de noticias del mundo entero.<\/a><\/i><\/p>\n<p>Miles de voces que se unieron bajo la convocatoria del presidente Evo Morales, quien en su intervenci\u00f3n ante un estadio lleno de fervor y energ\u00eda, declar\u00f3 que en la batalla para lidiar con el cambio clim\u00e1tico no habr\u00eda que olvidar que \u201c<em>el enemigo central es el capitalismo, que es la fuente de simetr\u00edas y desequilibrios en el mundo<\/em>\u201d.  El presidente Evo Morales record\u00f3 a los presentes de que \u201c<em>el hombre no est\u00e1 sobre la tierra o para dominar la tierra<\/em>\u201d, porque \u201c<em>el hombre y la mujer son parte de la tierra<\/em>\u201d. Y agreg\u00f3, por lo tanto que \u201c<em>tenemos que luchar para salvar a la tierra del capitalismo<\/em>\u201d.<\/p>\n<p>En el acto inaugural, el prefecto de Cochabamba, Jorge Ledezma, hab\u00eda dado un emotivo discurso de bienvenida a todas y todos los asistentes a la inauguraci\u00f3n. Despu\u00e9s de este saludo, cinco representantes de los cinco continentes, se dirigieron a las y los asistentes para expresar mensajes de solidaridad y exhortarlos a todos a alzar la lucha en defensa de la Madre Tierra.<\/p>\n<p>Etelvina Masioni, dirigente campesina del Movimiento de los Sin Tierra (MST) de Brasil, dio un emotivo mensaje a nombre de las mujeres y hombres de las organizaciones que integran La V\u00eda Campesina y la Coordinadora Latinoamericana de Organizaciones Campesinas. Etelvina dijo que el sistema capitalista ha llevado a la humanidad a una crisis clim\u00e1tica de grandes proporciones, por lo que hab\u00eda que construir un gran movimiento de masas, de la creaci\u00f3n de amplias alianzas y la presi\u00f3n permanente a los estados, para proteger la tierra. As\u00ed mismo, present\u00f3 la alternativa de las campesinas y los campesinos del mundo de una agricultura campesina, agroecol\u00f3gica y sustentable, para frenar la crisis clim\u00e1tica y salvar a la humanidad.<\/p>\n<p>Hubo m\u00fasica latinoamericana, bailables, ceremoniales ind\u00edgenas, antes y despu\u00e9s de la inauguraci\u00f3n. Mantas con mensaje llamando a la batalla por la tierra y en contra de los intereses del capital y los estados que los encubren. Las consignas reflejaban el sentimiento popular: \u201c<em>\u00a1Cambiemos al sistema, no el clima!<\/em>\u201d y muchas otras m\u00e1s.<\/p>\n<p>Pero fue la delegaci\u00f3n de LVC que atrajo la atenci\u00f3n y las simpat\u00edas de much\u00edsimos de los asistentes. Las banderas verdes, junto a las banderas multicolores de las organizaciones de LVC presentes, hicieron que miles de personas se unieran a la consigna de \u201c<em>\u00a1Globalicemos la lucha, globalicemos la esperanza!<\/em>\u201d<\/p>\n<p>Fue un acto popular memorable e inspirador. La delegaci\u00f3n de LVC sali\u00f3 fortalecida y animada. Ahora tenemos que asumir el compromiso en todas las regiones y en todas las organizaciones, y acompa\u00f1ados de aliados importantes, de alzar la lucha para proteger los derechos de la tierra y frenar al sistema culpable del cambio clim\u00e1tico.<\/p>\n<p>&#8211; Media contacts (interviews with representatives of La Via Campesina in Cochabamba)<\/p>\n<p><em>Boaventura Monjane<\/em> \u2013 Phone: (00591) 74815401; boa.monjane@viacampesina.org<\/p>\n<p><em>Isabelle Delforge<\/em> \u2013 Phone: (00591) 74306257; idelforge@viacampesina.org<\/p>\n<p>(21 de abril de 2010)<\/p>\n","protected":false},"excerpt":{"rendered":"<p>Lanzando consignas en defensa de la Pachamama y enarbolando las banderas de lucha de La V\u00eda Campesina (LVC), la Coordinadora Latinoamericana de Organizaciones Campesinas (CLOC) y de sus organizaciones presentes de distintas partes del mundo as\u00ed como de Bolivia, cientos de en \u00e9sta, miles de miembros de LVC llegaron hasta esta poblaci\u00f3n hospitalaria, para <a href=\"http:\/\/herbogeminis.com\/IMG\/pdf\/cochabamba21.pdf\">participar en la inauguraci\u00f3n de esta hist\u00f3rica Conferencia Mundial de los Pueblos sobre el Cambio Clim\u00e1tico y por los derechos de la Madre Tierra<\/a>. La delegaci\u00f3n de LVC, compuesta por mujeres y hombres, campesinos y pescadores ind\u00edgenas, migrantes, j\u00f3venes y sus aliados como Amigos de la Tierra y otros movimientos, se unieron a los miles de asistentes que abarrotaron el estadio de esta poblaci\u00f3n para acompa\u00f1ar al presidente de Bolivia, Evo Morales, en la inauguraci\u00f3n de esta conferencia que trata de presentar una alternativa a la humanidad para salvar este planeta que ha sido condenado a la destrucci\u00f3n por el sistema capitalista industrial depredador.<\/p>\n","protected":false},"author":1,"featured_media":1015,"comment_status":"closed","ping_status":"open","sticky":false,"template":"","format":"standard","meta":{"footnotes":""},"categories":[5],"tags":[],"_links":{"self":[{"href":"https:\/\/marina.swarpeca.es\/revista\/wp-json\/wp\/v2\/posts\/1016"}],"collection":[{"href":"https:\/\/marina.swarpeca.es\/revista\/wp-json\/wp\/v2\/posts"}],"about":[{"href":"https:\/\/marina.swarpeca.es\/revista\/wp-json\/wp\/v2\/types\/post"}],"author":[{"embeddable":true,"href":"https:\/\/marina.swarpeca.es\/revista\/wp-json\/wp\/v2\/users\/1"}],"replies":[{"embeddable":true,"href":"https:\/\/marina.swarpeca.es\/revista\/wp-json\/wp\/v2\/comments?post=1016"}],"version-history":[{"count":0,"href":"https:\/\/marina.swarpeca.es\/revista\/wp-json\/wp\/v2\/posts\/1016\/revisions"}],"wp:featuredmedia":[{"embeddable":true,"href":"https:\/\/marina.swarpeca.es\/revista\/wp-json\/wp\/v2\/media\/1015"}],"wp:attachment":[{"href":"https:\/\/marina.swarpeca.es\/revista\/wp-json\/wp\/v2\/media?parent=1016"}],"wp:term":[{"taxonomy":"category","embeddable":true,"href":"https:\/\/marina.swarpeca.es\/revista\/wp-json\/wp\/v2\/categories?post=1016"},{"taxonomy":"post_tag","embeddable":true,"href":"https:\/\/marina.swarpeca.es\/revista\/wp-json\/wp\/v2\/tags?post=1016"}],"curies":[{"name":"wp","href":"https:\/\/api.w.org\/{rel}","templated":true}]}}